{"id":40895,"date":"2014-09-29T17:34:32","date_gmt":"2014-09-29T20:34:32","guid":{"rendered":"http:\/\/aconteceunovale.com.br\/portal\/?p=40895"},"modified":"2014-09-29T17:34:32","modified_gmt":"2014-09-29T20:34:32","slug":"carreta-carregada-com-madeira-bate-em-onibus-com-romeiros-de-aracuai","status":"publish","type":"post","link":"https:\/\/aconteceunovale.com.br\/portal\/?p=40895","title":{"rendered":"Carreta carregada com madeira bate em \u00f4nibus com romeiros de Ara\u00e7ua\u00ed"},"content":{"rendered":"<h4><strong><em>Motorista da carreta sofreu ferimentos leves. Batida entre carreta e \u00f4nibus ocorreu na BR-367, no munic\u00edpio de Itinga.<\/em><\/strong><\/h4>\n<p>Um acidente envolvendo uma carreta carregada de madeira e um \u00f4nibus de romeiros foi registrado na madrugada desta segunda-feira, 29 de setembro, na altura do quil\u00f4metro 249, da BR-367m pr\u00f3ximo ao distrito de Taquaral, no munic\u00edpio de Itinga, no Vale do Jequitinhonha. O \u00f4nibus seguia de Bom Jesus da Lapa\/BA para Ara\u00e7ua\u00ed.<\/p>\n<p>Ningu\u00e9m ficou ferido no \u00f4nibus, mas para um dos passageiros, residente em Ara\u00e7ua\u00ed, foi um milagre n\u00e3o ter ocorrido uma trag\u00e9dia.<\/p>\n<p><img decoding=\"async\" src=\"http:\/\/aconteceunovale.com.br\/portal\/wp-content\/uploads\/2014\/09\/acidente_com_onibus_ara.jpg\" alt=\"\" \/><em>A pista ficou parcialmente interditada at\u00e9 por volta das 9 da manh\u00e3 &#8211; Foto: Jonas Elyene<\/em><br \/>\n<\/br><\/p>\n<p>De acordo com a Pol\u00edcia Rodovi\u00e1ria Estadual, funcion\u00e1rios de uma empresa transportadora de madeira, prestavam socorro a um caminh\u00e3o que estava parado na rodovia. No momento em que o caminh\u00e3o dava a partida, um outro caminh\u00e3o, que seguia atr\u00e1s, no mesmo sentido, fez uma ultrapassagem e colidiu frontalmente com o \u00f4nibus que seguia para Ara\u00e7ua\u00ed.<\/p>\n<p>Com o impacto da batida, os dois ve\u00edculos ficaram com a frente lateral destru\u00edda. O motorista da carreta sofreu ferimentos leves em um dos joelhos. <\/p>\n<p><strong><em>(Gazeta de Ara\u00e7ua\u00ed)<\/em><\/strong><\/p>\n","protected":false},"excerpt":{"rendered":"<p>Motorista da carreta sofreu ferimentos leves. Batida entre carreta e \u00f4nibus ocorreu na BR-367, no munic\u00edpio de Itinga. Um acidente envolvendo uma carreta carregada de madeira e um \u00f4nibus de romeiros foi registrado na madrugada desta segunda-feira, 29 de setembro, na altura do quil\u00f4metro 249, da BR-367m pr\u00f3ximo ao distrito de Taquaral, no munic\u00edpio de [&hellip;]<\/p>\n","protected":false},"author":1,"featured_media":40896,"comment_status":"open","ping_status":"closed","sticky":false,"template":"","format":"standard","meta":{"amp_status":"","footnotes":""},"categories":[120],"tags":[186,10073,17015,1018,189],"class_list":["post-40895","post","type-post","status-publish","format-standard","has-post-thumbnail","hentry","category-jequi","tag-aracuai","tag-bom-jesus-da-lapa","tag-carreta-carregada-com-madeira-bate-em-onibus-com-romeiros-de-aracuai","tag-destaque","tag-itinga"],"_links":{"self":[{"href":"https:\/\/aconteceunovale.com.br\/portal\/index.php?rest_route=\/wp\/v2\/posts\/40895","targetHints":{"allow":["GET"]}}],"collection":[{"href":"https:\/\/aconteceunovale.com.br\/portal\/index.php?rest_route=\/wp\/v2\/posts"}],"about":[{"href":"https:\/\/aconteceunovale.com.br\/portal\/index.php?rest_route=\/wp\/v2\/types\/post"}],"author":[{"embeddable":true,"href":"https:\/\/aconteceunovale.com.br\/portal\/index.php?rest_route=\/wp\/v2\/users\/1"}],"replies":[{"embeddable":true,"href":"https:\/\/aconteceunovale.com.br\/portal\/index.php?rest_route=%2Fwp%2Fv2%2Fcomments&post=40895"}],"version-history":[{"count":0,"href":"https:\/\/aconteceunovale.com.br\/portal\/index.php?rest_route=\/wp\/v2\/posts\/40895\/revisions"}],"wp:featuredmedia":[{"embeddable":true,"href":"https:\/\/aconteceunovale.com.br\/portal\/index.php?rest_route=\/wp\/v2\/media\/40896"}],"wp:attachment":[{"href":"https:\/\/aconteceunovale.com.br\/portal\/index.php?rest_route=%2Fwp%2Fv2%2Fmedia&parent=40895"}],"wp:term":[{"taxonomy":"category","embeddable":true,"href":"https:\/\/aconteceunovale.com.br\/portal\/index.php?rest_route=%2Fwp%2Fv2%2Fcategories&post=40895"},{"taxonomy":"post_tag","embeddable":true,"href":"https:\/\/aconteceunovale.com.br\/portal\/index.php?rest_route=%2Fwp%2Fv2%2Ftags&post=40895"}],"curies":[{"name":"wp","href":"https:\/\/api.w.org\/{rel}","templated":true}]}}