{"id":40884,"date":"2014-09-29T14:38:38","date_gmt":"2014-09-29T17:38:38","guid":{"rendered":"http:\/\/aconteceunovale.com.br\/portal\/?p=40884"},"modified":"2014-09-29T14:38:38","modified_gmt":"2014-09-29T17:38:38","slug":"prefeitura-de-teofilo-otoni-realizou-a-semana-idoso-cidadao","status":"publish","type":"post","link":"https:\/\/aconteceunovale.com.br\/portal\/?p=40884","title":{"rendered":"Prefeitura de Te\u00f3filo Otoni realizou a Semana Idoso Cidad\u00e3o"},"content":{"rendered":"<p>Contando com a organiza\u00e7\u00e3o do Servi\u00e7o de Conviv\u00eancia de Fortalecimento de V\u00ednculos para Idosos, da Secretaria Municipal de Assist\u00eancia Social e Habita\u00e7\u00e3o, a Prefeitura de Te\u00f3filo Otoni promoveu entre os dias 23 a 26 deste m\u00eas de setembro a \u201cSemana Idoso Cidad\u00e3o\u201d. O evento traduziu as a\u00e7\u00f5es efetivas que a atual administra\u00e7\u00e3o vem desenvolvendo em prol da \u201cmelhor idade\u201d na promo\u00e7\u00e3o dos direitos dos idosos; do envelhecimento ativo e saud\u00e1vel; do conv\u00edvio familiar, social e comunit\u00e1rio; grupos de conviv\u00eancia e desenvolvimento de potencialidades, autonomia e sociabilidade na terceira idade. Durante toda a semana foram realizadas passeatas com os grupos de idosos da Taquara, Top\u00e1zio, Frei Dimas, Pedro Versiani, Lajinha, Jardim S\u00e3o Paulo, Felicidade, Pindorama, Mucuri, Matinha, Bela Vista, S\u00e3o Crist\u00f3v\u00e3o e S\u00e3o Jacinto.<\/p>\n<p>Al\u00e9m de apresentar \u00e0s comunidades o Estatuto do Idoso e promover uma reflex\u00e3o sobre este ciclo et\u00e1rio em toda popula\u00e7\u00e3o, nos bairros e territ\u00f3rios do munic\u00edpio, a \u201cSemana Idoso Cidad\u00e3o\u201d propiciou momentos de abordagem sobre o envelhecimento, o contato intergeracional, envolvendo as comunidades, as fam\u00edlias e os idosos acompanhados pela Assist\u00eancia Social na busca da reconstru\u00e7\u00e3o das representa\u00e7\u00f5es sociais de idosos e fam\u00edlias em nossa sociedade.<\/p>\n<p>Na sexta-feira (26), aconteceu o encerramento da programa\u00e7\u00e3o com a passeata do Grupo de Idosos do Bairro S\u00e3o Jacinto saindo da sede do 19\u00ba Batalh\u00e3o fazendo o entorno da pra\u00e7a e regressando para \u00e0 academia. <\/p>\n<p><img decoding=\"async\" src=\"http:\/\/aconteceunovale.com.br\/portal\/wp-content\/uploads\/2014\/09\/sic_teo_1.jpg\" alt=\"\" \/><em>A\u00e7\u00e3o no CASI do Bairro Taquara &#8211; Foto: Kl\u00e9dson Moreira\/PMT<\/em><br \/>\n<\/br><\/p>\n<p><img decoding=\"async\" src=\"http:\/\/aconteceunovale.com.br\/portal\/wp-content\/uploads\/2014\/09\/sic_teo_2.jpg\" alt=\"\" \/><em>A Prefeitura de Te\u00f3filo Otoni deu todo suporte as a\u00e7\u00f5es da Semana do Idoso &#8211; Foto: Kl\u00e9dson Moreira\/PMT<\/em><br \/>\n<\/br><\/p>\n<p><img decoding=\"async\" src=\"http:\/\/aconteceunovale.com.br\/portal\/wp-content\/uploads\/2014\/09\/sic_teo_3.jpg\" alt=\"\" \/><em>Passeata do Grupo de Idosos do Bairro S\u00e3o Jacinto &#8211; Foto: Kl\u00e9dson Moreira\/PMT<\/em><\/p>\n","protected":false},"excerpt":{"rendered":"<p>Contando com a organiza\u00e7\u00e3o do Servi\u00e7o de Conviv\u00eancia de Fortalecimento de V\u00ednculos para Idosos, da Secretaria Municipal de Assist\u00eancia Social e Habita\u00e7\u00e3o, a Prefeitura de Te\u00f3filo Otoni promoveu entre os dias 23 a 26 deste m\u00eas de setembro a \u201cSemana Idoso Cidad\u00e3o\u201d. O evento traduziu as a\u00e7\u00f5es efetivas que a atual administra\u00e7\u00e3o vem desenvolvendo em [&hellip;]<\/p>\n","protected":false},"author":1,"featured_media":40886,"comment_status":"open","ping_status":"closed","sticky":false,"template":"","format":"standard","meta":{"amp_status":"","footnotes":""},"categories":[122],"tags":[17008,17005,17003,17004,8472,17007,2539,17006,17011,17009,17010,17000,17001,17002,164,416,206031],"class_list":["post-40884","post","type-post","status-publish","format-standard","has-post-thumbnail","hentry","category-mucuri","tag-bela-vista","tag-felicidade","tag-frei-dimas","tag-jardim-sao-paulo","tag-lajinha","tag-matinha","tag-pedro-versiani","tag-pindorama","tag-prefeitura-de-teofilo-otoni-realizou-a-semana-idoso-cidadao","tag-sao-cristovao","tag-sao-jacinto","tag-semana-idoso-cidadao","tag-semana-idoso-cidadao-em-teofilo-otoni","tag-taquara","tag-teofilo-otoni","tag-topazio","tag-mucuri"],"_links":{"self":[{"href":"https:\/\/aconteceunovale.com.br\/portal\/index.php?rest_route=\/wp\/v2\/posts\/40884","targetHints":{"allow":["GET"]}}],"collection":[{"href":"https:\/\/aconteceunovale.com.br\/portal\/index.php?rest_route=\/wp\/v2\/posts"}],"about":[{"href":"https:\/\/aconteceunovale.com.br\/portal\/index.php?rest_route=\/wp\/v2\/types\/post"}],"author":[{"embeddable":true,"href":"https:\/\/aconteceunovale.com.br\/portal\/index.php?rest_route=\/wp\/v2\/users\/1"}],"replies":[{"embeddable":true,"href":"https:\/\/aconteceunovale.com.br\/portal\/index.php?rest_route=%2Fwp%2Fv2%2Fcomments&post=40884"}],"version-history":[{"count":0,"href":"https:\/\/aconteceunovale.com.br\/portal\/index.php?rest_route=\/wp\/v2\/posts\/40884\/revisions"}],"wp:featuredmedia":[{"embeddable":true,"href":"https:\/\/aconteceunovale.com.br\/portal\/index.php?rest_route=\/wp\/v2\/media\/40886"}],"wp:attachment":[{"href":"https:\/\/aconteceunovale.com.br\/portal\/index.php?rest_route=%2Fwp%2Fv2%2Fmedia&parent=40884"}],"wp:term":[{"taxonomy":"category","embeddable":true,"href":"https:\/\/aconteceunovale.com.br\/portal\/index.php?rest_route=%2Fwp%2Fv2%2Fcategories&post=40884"},{"taxonomy":"post_tag","embeddable":true,"href":"https:\/\/aconteceunovale.com.br\/portal\/index.php?rest_route=%2Fwp%2Fv2%2Ftags&post=40884"}],"curies":[{"name":"wp","href":"https:\/\/api.w.org\/{rel}","templated":true}]}}