{"id":40882,"date":"2014-09-29T14:32:06","date_gmt":"2014-09-29T17:32:06","guid":{"rendered":"http:\/\/aconteceunovale.com.br\/portal\/?p=40882"},"modified":"2014-09-29T14:32:06","modified_gmt":"2014-09-29T17:32:06","slug":"primavera-sera-marcada-por-tempestades-rapidas-e-intensas","status":"publish","type":"post","link":"https:\/\/aconteceunovale.com.br\/portal\/?p=40882","title":{"rendered":"Primavera ser\u00e1 marcada por tempestades r\u00e1pidas e intensas"},"content":{"rendered":"<p>Neste ano, a primavera come\u00e7ou oficialmente \u00e0s 23h29 do dia 22 de setembro. A esta\u00e7\u00e3o das flores ser\u00e1 marcada pelas tempestades, que ter\u00e3o como causa frentes frias, podendo vir acompanhadas de granizo, rajadas de vento, chuva r\u00e1pida e intensa.<\/p>\n<p>A primavera tem como principal caracter\u00edstica a transi\u00e7\u00e3o entre as esta\u00e7\u00f5es secas e chuvosas, devido a um aumento gradativo dos n\u00edveis de umidade relativa do ar e tamb\u00e9m das temperaturas. Isso contribui para a ocorr\u00eancia de pancadas de chuva no final do dia.<\/p>\n<h4>Previs\u00e3o<\/h4>\n<p>Segundo o t\u00e9cnico de planejamento hidroenerg\u00e9tico da Companhia Energ\u00e9tica de Minas Gerais \u2013 Cemig, Geraldo Paix\u00e3o, n\u00e3o s\u00e3o esperadas chuvas significativas no Estado, at\u00e9 a metade do m\u00eas de outubro, sendo que as frentes frias que ocorrerem at\u00e9 l\u00e1 ser\u00e3o caracterizadas mais pela ocorr\u00eancia de fortes ventanias e granizo do que pelo volume de chuva.<\/p>\n<p>Ainda de acordo com Geraldo Paix\u00e3o, em novembro, a previs\u00e3o \u00e9 de chuvas dentro da normalidade em todo o Estado. Ele lembra que, naquele m\u00eas, a m\u00e9dia de chuvas \u00e9 bem maior, tanto na frequ\u00eancia quanto no volume.<\/p>\n<p>J\u00e1 em dezembro, as chuvas ocorrem de maneira mais cont\u00ednua. Nas Regi\u00f5es Norte e Leste, ficam ligeiramente acima do normal; no Sul e Centro, abaixo do normal e nas demais regi\u00f5es ficam dentro da normalidade.<\/p>\n<h4>Temperatura<\/h4>\n<p>No decorrer da esta\u00e7\u00e3o, as temperaturas se comportar\u00e3o da seguinte forma:<\/p>\n<p>&#8211; outubro: acima da m\u00e9dia no Norte e dentro da m\u00e9dia nas demais regi\u00f5es;<br \/>\n&#8211; novembro: abaixo da m\u00e9dia no Sul de Minas, Zona da Mata e Leste de Minas e dentro da m\u00e9dia nas demais regi\u00f5es;<br \/>\n&#8211; dezembro: abaixo da m\u00e9dia no Sul de Minas, Zona da Mata, Leste e Norte e dentro da m\u00e9dia nas demais regi\u00f5es.<\/p>\n","protected":false},"excerpt":{"rendered":"<p>Neste ano, a primavera come\u00e7ou oficialmente \u00e0s 23h29 do dia 22 de setembro. A esta\u00e7\u00e3o das flores ser\u00e1 marcada pelas tempestades, que ter\u00e3o como causa frentes frias, podendo vir acompanhadas de granizo, rajadas de vento, chuva r\u00e1pida e intensa. A primavera tem como principal caracter\u00edstica a transi\u00e7\u00e3o entre as esta\u00e7\u00f5es secas e chuvosas, devido a [&hellip;]<\/p>\n","protected":false},"author":1,"featured_media":15765,"comment_status":"open","ping_status":"closed","sticky":false,"template":"","format":"standard","meta":{"amp_status":"","footnotes":""},"categories":[123],"tags":[1956,1955,16999],"class_list":["post-40882","post","type-post","status-publish","format-standard","has-post-thumbnail","hentry","category-gerais","tag-previsao-do-tempo","tag-previsao-do-tempo-em-minas","tag-primavera-sera-marcada-por-tempestades-rapidas-e-intensas"],"_links":{"self":[{"href":"https:\/\/aconteceunovale.com.br\/portal\/index.php?rest_route=\/wp\/v2\/posts\/40882","targetHints":{"allow":["GET"]}}],"collection":[{"href":"https:\/\/aconteceunovale.com.br\/portal\/index.php?rest_route=\/wp\/v2\/posts"}],"about":[{"href":"https:\/\/aconteceunovale.com.br\/portal\/index.php?rest_route=\/wp\/v2\/types\/post"}],"author":[{"embeddable":true,"href":"https:\/\/aconteceunovale.com.br\/portal\/index.php?rest_route=\/wp\/v2\/users\/1"}],"replies":[{"embeddable":true,"href":"https:\/\/aconteceunovale.com.br\/portal\/index.php?rest_route=%2Fwp%2Fv2%2Fcomments&post=40882"}],"version-history":[{"count":0,"href":"https:\/\/aconteceunovale.com.br\/portal\/index.php?rest_route=\/wp\/v2\/posts\/40882\/revisions"}],"wp:featuredmedia":[{"embeddable":true,"href":"https:\/\/aconteceunovale.com.br\/portal\/index.php?rest_route=\/wp\/v2\/media\/15765"}],"wp:attachment":[{"href":"https:\/\/aconteceunovale.com.br\/portal\/index.php?rest_route=%2Fwp%2Fv2%2Fmedia&parent=40882"}],"wp:term":[{"taxonomy":"category","embeddable":true,"href":"https:\/\/aconteceunovale.com.br\/portal\/index.php?rest_route=%2Fwp%2Fv2%2Fcategories&post=40882"},{"taxonomy":"post_tag","embeddable":true,"href":"https:\/\/aconteceunovale.com.br\/portal\/index.php?rest_route=%2Fwp%2Fv2%2Ftags&post=40882"}],"curies":[{"name":"wp","href":"https:\/\/api.w.org\/{rel}","templated":true}]}}