{"id":40878,"date":"2014-09-29T13:47:05","date_gmt":"2014-09-29T16:47:05","guid":{"rendered":"http:\/\/aconteceunovale.com.br\/portal\/?p=40878"},"modified":"2014-09-29T13:47:05","modified_gmt":"2014-09-29T16:47:05","slug":"capelinha-realizara-1a-audiencia-publica-sobre-medidas-socieducativas","status":"publish","type":"post","link":"https:\/\/aconteceunovale.com.br\/portal\/?p=40878","title":{"rendered":"Capelinha realizar\u00e1 1\u00aa Audi\u00eancia P\u00fablica Sobre Medidas Socieducativas"},"content":{"rendered":"<p>Acontecer\u00e1 no dia 30 de setembro, das 12h30 \u00e1s 18h, no Plen\u00e1rio da C\u00e2mara Municipal de Capelinha, a 1\u00aa Audi\u00eancia P\u00fablica Sobre Medidas Socioeducativas para menores infratores. O Evento \u00e9 realizado pela Comiss\u00e3o Intersetorial de Atendimento Socioeducativo, em parceria com a Prefeitura de Capelinha e a Secretaria Municipal de Assist\u00eancia Social.<\/p>\n<p>A Audi\u00eancia ser\u00e1 um momento para discuss\u00e3o sobre o Plano Municipal Decenal de Atendimento Socioeducativo, que tem como principal objetivo o debate sobre medidas socioeducativas para menores infratores, baseando-se nos princ\u00edpios do Sistema Nacional de Atendimento Socioeducativo (SINASE). <\/p>\n<p>Est\u00e3o confirmadas para o evento as presen\u00e7as do Juiz da 2\u00aa Vara da Comarca, Fernando Lamego Sleumer, do Promotor de Justi\u00e7a, Cristiano Moreira Silva, da Delegada de Pol\u00edcia Civil, Dra. Ev\u00e2nia Cristina de Souza, do Tenente da Pol\u00edcia Militar, Tenente Allan Feitas e do Secret\u00e1rio Municipal de Assist\u00eancia Social, Luis Gustavo.  <\/p>\n<p>A Comiss\u00e3o Intersetorial de Atendimento Socioeducativo de Capelinha vem trabalhando desde Dezembro de 2013 na constru\u00e7\u00e3o do Plano Municipal de Atendimento Socioeducativo. Para mais informa\u00e7\u00f5es sobre o evento, basta entrar em contato com o Centro de Refer\u00eancia Especializado de Assist\u00eancia Social, CREAS, pelo Telefone, (33) 3516-1334.<\/p>\n<p><em>(Fonte: Ascom da Prefeitura de Capelinha)<\/em><\/p>\n","protected":false},"excerpt":{"rendered":"<p>Acontecer\u00e1 no dia 30 de setembro, das 12h30 \u00e1s 18h, no Plen\u00e1rio da C\u00e2mara Municipal de Capelinha, a 1\u00aa Audi\u00eancia P\u00fablica Sobre Medidas Socioeducativas para menores infratores. O Evento \u00e9 realizado pela Comiss\u00e3o Intersetorial de Atendimento Socioeducativo, em parceria com a Prefeitura de Capelinha e a Secretaria Municipal de Assist\u00eancia Social. A Audi\u00eancia ser\u00e1 um [&hellip;]<\/p>\n","protected":false},"author":1,"featured_media":38381,"comment_status":"open","ping_status":"closed","sticky":false,"template":"","format":"standard","meta":{"amp_status":"","footnotes":""},"categories":[120],"tags":[132,16998],"class_list":["post-40878","post","type-post","status-publish","format-standard","has-post-thumbnail","hentry","category-jequi","tag-capelinha","tag-capelinha-realizara-1a-audiencia-publica-sobre-medidas-socieducativas"],"_links":{"self":[{"href":"https:\/\/aconteceunovale.com.br\/portal\/index.php?rest_route=\/wp\/v2\/posts\/40878","targetHints":{"allow":["GET"]}}],"collection":[{"href":"https:\/\/aconteceunovale.com.br\/portal\/index.php?rest_route=\/wp\/v2\/posts"}],"about":[{"href":"https:\/\/aconteceunovale.com.br\/portal\/index.php?rest_route=\/wp\/v2\/types\/post"}],"author":[{"embeddable":true,"href":"https:\/\/aconteceunovale.com.br\/portal\/index.php?rest_route=\/wp\/v2\/users\/1"}],"replies":[{"embeddable":true,"href":"https:\/\/aconteceunovale.com.br\/portal\/index.php?rest_route=%2Fwp%2Fv2%2Fcomments&post=40878"}],"version-history":[{"count":0,"href":"https:\/\/aconteceunovale.com.br\/portal\/index.php?rest_route=\/wp\/v2\/posts\/40878\/revisions"}],"wp:featuredmedia":[{"embeddable":true,"href":"https:\/\/aconteceunovale.com.br\/portal\/index.php?rest_route=\/wp\/v2\/media\/38381"}],"wp:attachment":[{"href":"https:\/\/aconteceunovale.com.br\/portal\/index.php?rest_route=%2Fwp%2Fv2%2Fmedia&parent=40878"}],"wp:term":[{"taxonomy":"category","embeddable":true,"href":"https:\/\/aconteceunovale.com.br\/portal\/index.php?rest_route=%2Fwp%2Fv2%2Fcategories&post=40878"},{"taxonomy":"post_tag","embeddable":true,"href":"https:\/\/aconteceunovale.com.br\/portal\/index.php?rest_route=%2Fwp%2Fv2%2Ftags&post=40878"}],"curies":[{"name":"wp","href":"https:\/\/api.w.org\/{rel}","templated":true}]}}