{"id":40875,"date":"2014-09-29T12:54:14","date_gmt":"2014-09-29T15:54:14","guid":{"rendered":"http:\/\/aconteceunovale.com.br\/portal\/?p=40875"},"modified":"2014-09-29T12:54:14","modified_gmt":"2014-09-29T15:54:14","slug":"caminhoneiro-foge-apos-atropelar-e-matar-pedestre-na-br-116-em-teofilo-otoni","status":"publish","type":"post","link":"https:\/\/aconteceunovale.com.br\/portal\/?p=40875","title":{"rendered":"Caminhoneiro foge ap\u00f3s atropelar e matar pedestre na BR-116, em Te\u00f3filo Otoni"},"content":{"rendered":"<h4><strong><em>Caminhoneiro n\u00e3o parou para prestar socorro \u00e0 vitima, que morreu no local. Ve\u00edculo n\u00e3o teve a placa registrada<\/em><\/strong><\/h4>\n<p>Um homem de 59 anos foi atropelado e morto, durante a madrugada desta segunda-feira (29), na BR-116, em Te\u00f3filo Otoni, na regi\u00e3o do Vale do Mucuri. O caminhoneiro, envolvido no acidente, fugiu sem prestar socorro.<\/p>\n<p>De acordo com a Pol\u00edcia Rodovi\u00e1ria Federal (PRF), provavelmente, Benedito Alves dos Santos caminhava pela rodovia, quando foi atingido na altura do quil\u00f4metro 265,9 por um caminh\u00e3o e morreu no local.<\/p>\n<p>O ve\u00edculo de carga n\u00e3o parou para prestar socorro \u00e0 v\u00edtima e n\u00e3o chegou a ter a placa registrada. A v\u00edtima foi identificada pela documenta\u00e7\u00e3o que portava. O corpo de Santos foi encaminhado para o Instituto M\u00e9dico Legal (IML) de Te\u00f3filo Otoni.<\/p>\n<p><em>(O Tempo)<\/em><\/p>\n","protected":false},"excerpt":{"rendered":"<p>Caminhoneiro n\u00e3o parou para prestar socorro \u00e0 vitima, que morreu no local. Ve\u00edculo n\u00e3o teve a placa registrada Um homem de 59 anos foi atropelado e morto, durante a madrugada desta segunda-feira (29), na BR-116, em Te\u00f3filo Otoni, na regi\u00e3o do Vale do Mucuri. O caminhoneiro, envolvido no acidente, fugiu sem prestar socorro. De acordo [&hellip;]<\/p>\n","protected":false},"author":1,"featured_media":32816,"comment_status":"open","ping_status":"closed","sticky":false,"template":"","format":"standard","meta":{"amp_status":"","footnotes":""},"categories":[122],"tags":[16997,16996,164],"class_list":["post-40875","post","type-post","status-publish","format-standard","has-post-thumbnail","hentry","category-mucuri","tag-benedito-alves-dos-santos","tag-caminhoneiro-foge-apos-atropelar-e-matar-pedestre-na-br-116-em-teofilo-otoni","tag-teofilo-otoni"],"_links":{"self":[{"href":"https:\/\/aconteceunovale.com.br\/portal\/index.php?rest_route=\/wp\/v2\/posts\/40875","targetHints":{"allow":["GET"]}}],"collection":[{"href":"https:\/\/aconteceunovale.com.br\/portal\/index.php?rest_route=\/wp\/v2\/posts"}],"about":[{"href":"https:\/\/aconteceunovale.com.br\/portal\/index.php?rest_route=\/wp\/v2\/types\/post"}],"author":[{"embeddable":true,"href":"https:\/\/aconteceunovale.com.br\/portal\/index.php?rest_route=\/wp\/v2\/users\/1"}],"replies":[{"embeddable":true,"href":"https:\/\/aconteceunovale.com.br\/portal\/index.php?rest_route=%2Fwp%2Fv2%2Fcomments&post=40875"}],"version-history":[{"count":0,"href":"https:\/\/aconteceunovale.com.br\/portal\/index.php?rest_route=\/wp\/v2\/posts\/40875\/revisions"}],"wp:featuredmedia":[{"embeddable":true,"href":"https:\/\/aconteceunovale.com.br\/portal\/index.php?rest_route=\/wp\/v2\/media\/32816"}],"wp:attachment":[{"href":"https:\/\/aconteceunovale.com.br\/portal\/index.php?rest_route=%2Fwp%2Fv2%2Fmedia&parent=40875"}],"wp:term":[{"taxonomy":"category","embeddable":true,"href":"https:\/\/aconteceunovale.com.br\/portal\/index.php?rest_route=%2Fwp%2Fv2%2Fcategories&post=40875"},{"taxonomy":"post_tag","embeddable":true,"href":"https:\/\/aconteceunovale.com.br\/portal\/index.php?rest_route=%2Fwp%2Fv2%2Ftags&post=40875"}],"curies":[{"name":"wp","href":"https:\/\/api.w.org\/{rel}","templated":true}]}}