{"id":40869,"date":"2014-09-29T12:15:16","date_gmt":"2014-09-29T15:15:16","guid":{"rendered":"http:\/\/aconteceunovale.com.br\/portal\/?p=40869"},"modified":"2014-09-29T12:15:16","modified_gmt":"2014-09-29T15:15:16","slug":"morre-em-montes-claros-o-cantor-e-compositor-elthomar-santoro","status":"publish","type":"post","link":"https:\/\/aconteceunovale.com.br\/portal\/?p=40869","title":{"rendered":"Morre em Montes Claros o cantor e compositor Elthomar Santoro"},"content":{"rendered":"<h4><strong><em>Elthomar Santoro estava internado h\u00e1 4 dias por complica\u00e7\u00f5es card\u00edacas. Vel\u00f3rio ser\u00e1 nesta segunda-feira (29), as 16h, no Centro Cultural da cidade.<\/em><\/strong><\/h4>\n<p>O cantor, compositor e escritor norte-mineiro Elthomar Santoro, autor da m\u00fasica &#8220;Disparate&#8221;, mais conhecida como &#8220;Rapariga do Bonfim&#8221;, morreu na manh\u00e3 desta segunda-feira (29) no Hospital Aroldo Tourinho, em Montes Claros (MG).<\/p>\n<p>Elthomar tinha 56 anos e foi internado na \u00faltima sexta-feira (26), com um quadro de infarto. Ele estava na casa do irm\u00e3o, Ismoro da Ponte, quando passou mal e foi levado \u00e0s pressas para o hospital.<\/p>\n<p>O cantor havia passado por uma cirurgia de angioplastia e aguardava uma vaga no CTI, devido a complica\u00e7\u00f5es do procedimento cir\u00fargico, mas n\u00e3o resistiu e morreu.<\/p>\n<p>O corpo ser\u00e1 velado a partir das 16h no Centro Cultural Hermes de Paula, na regi\u00e3o Central de Montes Claros, pr\u00f3ximo \u00e0 Pra\u00e7a da Matriz.<\/p>\n<p><img decoding=\"async\" src=\"http:\/\/aconteceunovale.com.br\/portal\/wp-content\/uploads\/2014\/09\/rapariga_do_bonfim.jpg\" alt=\"\" \/><em>Cantor e compositor Elthomar Santoro (Foto: Arquivo Pessoal)<\/em><br \/>\n<\/br><\/p>\n<h4>Trabalhos<\/h4>\n<p>Elthomar Santoro J\u00fanior \u00e9 considerado um dos maiores compositores musicais que Montes Claros j\u00e1 teve. Comp\u00f4s mais de 500 can\u00e7\u00f5es, v\u00e1rias delas de repercuss\u00e3o nacional.<\/p>\n<p>Para o m\u00fasico Sholmes Souto, Elthomar Santorof foi um art\u00edsta incompar\u00e1vel. &#8220;Ele tinha ideias seguras, detestava o igual. Santoro foi um dos melhores compositores que j\u00e1 conheci e tive o prazer de conviver&#8221;, recorda.<\/p>\n<p>Al\u00e9m de amigo pessoal, Sholmes Souto fez parcerias com Elthomar Santorof na composi\u00e7\u00e3o de tr\u00eas can\u00e7\u00f5es. &#8220;Ele era muito bom com as letras. O que ele escreveu \u00e9 de arrepiar. Serei seu f\u00e3 para sempre. Para minha sua influ\u00eancia musical ele foi fundamental. Minha musica hoje \u00e9 mais rock por causa de Santoro&#8221;.<\/p>\n<p>Santoro ganhou o pr\u00eamio Mambembe de teatro da Secretaria de Cultura de S\u00e3o Paulo, com a pe\u00e7a &#8220;O caso das galinhas do prefeito&#8221;. Ele e o irm\u00e3o, Ismoro da Ponte, compuseram a famosa m\u00fasica &#8220;Disparate&#8221;, mais conhecida como &#8220;Rapariga do Bonfim&#8221;.<\/p>\n<p>Em novembro de 2013, o m\u00fasico lan\u00e7ou seu terceiro \u00e1lbum em Montes Claros, junto com amigos. Elthomar Santoro lan\u00e7aria no final de 2014 um DVD durante a Festa do Pequi, em Montes Claros. O DVD &#8220;Exist\u00eancia Gerrilheira&#8221; j\u00e1 est\u00e1 pronto.<\/p>\n<p><strong><em>(Inter TV Grande Minas)<\/em><\/strong><\/p>\n","protected":false},"excerpt":{"rendered":"<p>Elthomar Santoro estava internado h\u00e1 4 dias por complica\u00e7\u00f5es card\u00edacas. Vel\u00f3rio ser\u00e1 nesta segunda-feira (29), as 16h, no Centro Cultural da cidade. O cantor, compositor e escritor norte-mineiro Elthomar Santoro, autor da m\u00fasica &#8220;Disparate&#8221;, mais conhecida como &#8220;Rapariga do Bonfim&#8221;, morreu na manh\u00e3 desta segunda-feira (29) no Hospital Aroldo Tourinho, em Montes Claros (MG). Elthomar [&hellip;]<\/p>\n","protected":false},"author":1,"featured_media":40870,"comment_status":"open","ping_status":"closed","sticky":false,"template":"","format":"standard","meta":{"amp_status":"","footnotes":""},"categories":[1236],"tags":[16991,210,16993,16992],"class_list":["post-40869","post","type-post","status-publish","format-standard","has-post-thumbnail","hentry","category-norte_de_minas","tag-elthomar-santoro","tag-montes-claros","tag-morre-em-montes-claros-o-cantor-e-compositor-elthomar-santoro","tag-rapariga-do-bonfim"],"_links":{"self":[{"href":"https:\/\/aconteceunovale.com.br\/portal\/index.php?rest_route=\/wp\/v2\/posts\/40869","targetHints":{"allow":["GET"]}}],"collection":[{"href":"https:\/\/aconteceunovale.com.br\/portal\/index.php?rest_route=\/wp\/v2\/posts"}],"about":[{"href":"https:\/\/aconteceunovale.com.br\/portal\/index.php?rest_route=\/wp\/v2\/types\/post"}],"author":[{"embeddable":true,"href":"https:\/\/aconteceunovale.com.br\/portal\/index.php?rest_route=\/wp\/v2\/users\/1"}],"replies":[{"embeddable":true,"href":"https:\/\/aconteceunovale.com.br\/portal\/index.php?rest_route=%2Fwp%2Fv2%2Fcomments&post=40869"}],"version-history":[{"count":0,"href":"https:\/\/aconteceunovale.com.br\/portal\/index.php?rest_route=\/wp\/v2\/posts\/40869\/revisions"}],"wp:featuredmedia":[{"embeddable":true,"href":"https:\/\/aconteceunovale.com.br\/portal\/index.php?rest_route=\/wp\/v2\/media\/40870"}],"wp:attachment":[{"href":"https:\/\/aconteceunovale.com.br\/portal\/index.php?rest_route=%2Fwp%2Fv2%2Fmedia&parent=40869"}],"wp:term":[{"taxonomy":"category","embeddable":true,"href":"https:\/\/aconteceunovale.com.br\/portal\/index.php?rest_route=%2Fwp%2Fv2%2Fcategories&post=40869"},{"taxonomy":"post_tag","embeddable":true,"href":"https:\/\/aconteceunovale.com.br\/portal\/index.php?rest_route=%2Fwp%2Fv2%2Ftags&post=40869"}],"curies":[{"name":"wp","href":"https:\/\/api.w.org\/{rel}","templated":true}]}}