{"id":40866,"date":"2014-09-29T12:01:06","date_gmt":"2014-09-29T15:01:06","guid":{"rendered":"http:\/\/aconteceunovale.com.br\/portal\/?p=40866"},"modified":"2014-09-29T12:01:06","modified_gmt":"2014-09-29T15:01:06","slug":"ocorrencias-em-destaque-no-norte-de-minas-gerais-29-de-setembro-de-2014","status":"publish","type":"post","link":"https:\/\/aconteceunovale.com.br\/portal\/?p=40866","title":{"rendered":"Ocorr\u00eancias em destaque no Norte de Minas Gerais \u2013 29 de setembro de 2014"},"content":{"rendered":"<h4><strong>Homem de 27 anos morre em acidente pr\u00f3ximo a Porteirinha<\/strong><\/h4>\n<p>Um homem de 27 anos morreu na noite desse domingo (28), ap\u00f3s acidente na MG-122, pr\u00f3ximo a Porteirinha (MG). De acordo com a pol\u00edcia, a v\u00edtima seguia em um carro de passeio sentido Mato Verde, e bateu de frente com um \u00f4nibus. Segundo o condutor do \u00f4nibus, o carro de passeio invadiu a contra m\u00e3o e n\u00e3o conseguiu retornar.<\/p>\n<h4><strong>Batida entre dois ve\u00edculos deixa uma pessoa ferida em Montes Claros<\/strong><\/h4>\n<p>Na BR-365, perto de Montes Claros, uma pessoa ficou ferida ap\u00f3s uma batida entre dois carros, na noite desse domingo (28). Segundo a PRF, os dois ve\u00edculos seguiam sentido Pirapora\/Montes Claros, quando um dos carros tentou ultrapassar o outro e n\u00e3o conseguiu, e quando tentou retornar para a pista, os dois carros bateram lateralmente. Uma pessoa ficou ferida e foi levada a Santa Casa de Montes Claros.<\/p>\n<h4><strong>Mulher de 21 anos \u00e9 morta a facadas em Francisco Dumont<\/strong><\/h4>\n<p>Uma jovem de 21 anos foi assassinada a facadas na tarde desse domingo (28) em Francisco Dumont, no Norte de Minas Gerais. Segundo a pol\u00edcia, o suspeito teria um relacionamento amoroso com a v\u00edtima. Ainda segudo a pol\u00edcia, ap\u00f3s esfaquear a mulher, o suspeito fugiu em uma motocicleta e ainda n\u00e3o foi localizado. A v\u00edtima foi encaminhada para o hospital, mas n\u00e3o resistiu aos ferimentos.<\/p>\n<h4><strong>Frentista de posto de combust\u00edvel \u00e9 assassinado em Montes Claros<\/strong><\/h4>\n<p>Um jovem de 21 anos, frentista, foi morto a tiros na madrugada desta segunda-feira (29) no Bairro Recanto das \u00c1guas, em Montes Claros (MG). Testemunas contaram para a pol\u00edcia que ouviram barulhos de tiros na rua D, e quando chegaram encontram a v\u00edtima no ch\u00e3o. O homem tem v\u00e1rias passagens na pol\u00edcia, e foi atingido duas vezes na cabe\u00e7a e uma nas costas. At\u00e9 o momento ningu\u00e9m foi preso.<\/p>\n<h4><strong>Discuss\u00e3o durante churrasco termina em morte na zona rural de Crist\u00e1lia<\/strong><\/h4>\n<p>Na noite de s\u00e1bado (27) foi registrado um homic\u00eddio no povoado de Boa Vista do Bananal, em Crist\u00e1lia. Segundo informa\u00e7\u00f5es da pol\u00edcia, no local estava ocorrendo um churrasco, quando come\u00e7ou uma discuss\u00e3o. O autor dos disparos, de 21 anos, atirou v\u00e1rias vezes contra dois homens, de 43 anos e 28 anos.<\/p>\n<p>A v\u00edtima de 43 anos tentou fugir, mas foi atingida com v\u00e1rias coronhadas na cabe\u00e7a e morreu. O homem de 28 anos foi encaminhado para o hospital. At\u00e9 o momento o autor dos disparos n\u00e3o foi encontrado.<\/p>\n<h4><strong>Jovem de 19 anos \u00e9 morto a tiros em Pedras de Maria da Cruz<\/strong><\/h4>\n<p>Um jovem de 19 anos foi morto a tiros nesse domingo (28) na comunidade de S\u00e3o Domingos, em Pedras de Maria da Cruz. Segundo a Pol\u00edcia Militar, o rapaz estava em um bar quando foi atingido por quatro disparos de arma de fogo. O suspeito ainda n\u00e3o foi identificado.<\/p>\n<h4><strong>Jovem \u00e9 amea\u00e7ada por seu companheiro em Taiobeiras<\/strong><\/h4>\n<p>Na manh\u00e3 do dia 26 de setembro a pol\u00edcia foi acionada pelo Conselho Tutelar onde uma senhora relatou que sua filha de 16 anos de idade, vivia em uni\u00e3o est\u00e1vel com A.F.A., de 20 anos e que este vinha amea\u00e7ando sua filha de morte e agredindo-a constantemente. O homem teria dito que se a v\u00edtima se separasse dele ela n\u00e3o ficaria com mais ningu\u00e9m e que se ele fosse preso por causa de den\u00fancias \u201cacertaria com ela\u201d quando sa\u00edsse da cadeia ou que \u201coutra pessoa acertaria por ele\u201d. Diante das amea\u00e7as, a genitora da adolescente solicitou apoio \u00e0 pol\u00edcia para retirar os pertences pessoais da garota da casa do autor. A conselheira tutelar Guilhermina Nepomuceno acompanhou toda a ocorr\u00eancia.<\/p>\n<h4><strong>Mulher \u00e9 assassinada a tiros em Taiobeiras<\/strong><\/h4>\n<p>Na manh\u00e3 do dia 27 de setembro, testemunhas ouviram disparos de arma de fogo na rua Ouro Preto no bairro Santos Cruzeiro e acionaram a pol\u00edcia militar. No local encontraram ca\u00edda ao solo a v\u00edtima Joelma Ferreira, de 28 anos, na posi\u00e7\u00e3o de dec\u00fabito dorsal. De imediato o SAMU foi acionado e o m\u00e9dico Francisco Arlem Borges constatou o \u00f3bito. O autor dos disparos \u00e9 William Hebert de Oliveira Santos de vulgo &#8220;gabiroba&#8221;, am\u00e1sio da v\u00edtima, que logo ap\u00f3s o crime evadiu levando consigo a filha do casal de apenas 03 anos de idade e entregando-a na casa da av\u00f3 paterna. O motivo do crime n\u00e3o foi esclarecido, mas a resid\u00eancia se encontrava revirada aparentando ter havido uma poss\u00edvel briga entre o casal. Segundo a per\u00edcia a v\u00edtima foi atingida com seis disparos, sendo dois nos seios, dois na regi\u00e3o acima do umbigo, um na perna direita e um nas costas. O perito relatou que a arma utilizada na a\u00e7\u00e3o foi possivelmente um rev\u00f3lver de calibre .38 ou .32. Rastreamentos est\u00e3o sendo feitos no intuito de localizar o autor.<\/p>\n<h4><strong>Homem \u00e9 preso por agredir a ex-mulher no bairro Planalto em Taiobeiras<\/strong><\/h4>\n<p>Cerca de oito horas da noite deste dia 28 de setembro, a pol\u00edcia compareceu ao bairro planalto em Taiobeiras, onde A.C.S., de 26 anos, foi preso em flagrante delito por agredir fisicamente sua ex-c\u00f4njuge, M.I.M., de 55 anos. A v\u00edtima teve diversas escoria\u00e7\u00f5es pelo corpo e fratura na clav\u00edcula direita. <\/p>\n<h4><strong>Cultivo de maconha \u00e9 localizado na zona rural de Fruta de Leite<\/strong><\/h4>\n<p>Um morador de Fruta de Leite compareceu ao quartel da PM e relatou que ao fazer uma cerca em sua propriedade rural no C\u00f3rrego do Cedro na zona rural do munic\u00edpio, avistou tr\u00eas baldes no meio da mata contendo uma planta que ele n\u00e3o sabia identificar. Uma guarni\u00e7\u00e3o se deslocou at\u00e9 o local e constatou que se tratava de um cultivo de maconha, sendo um total de quatro p\u00e9s de maconha e mais dois p\u00e9s secos que foram encontrados no local. Ao indagar a testemunha sobre quem poderia ser o dono do cultivo o mesmo relatou que esporadicamente via um indiv\u00edduo conhecido por \u201cJob\u201d sair do mato, sendo que este j\u00e1 havia sido preso por tr\u00e1fico em outra oportunidade. A planta\u00e7\u00e3o foi arrancada, apreendida e entregue na delegacia de pol\u00edcia de Salinas.<\/p>\n<p><strong><em>(Fonte: Pol\u00edcia Militar\/G1)<\/em><\/strong><\/p>\n","protected":false},"excerpt":{"rendered":"<p>Homem de 27 anos morre em acidente pr\u00f3ximo a Porteirinha Um homem de 27 anos morreu na noite desse domingo (28), ap\u00f3s acidente na MG-122, pr\u00f3ximo a Porteirinha (MG). De acordo com a pol\u00edcia, a v\u00edtima seguia em um carro de passeio sentido Mato Verde, e bateu de frente com um \u00f4nibus. Segundo o condutor [&hellip;]<\/p>\n","protected":false},"author":1,"featured_media":26880,"comment_status":"open","ping_status":"closed","sticky":false,"template":"","format":"standard","meta":{"amp_status":"","footnotes":""},"categories":[1236],"tags":[16988,1715,16982,16985,1692,16984,1034,16987,16981,16986,16979,1195,210,16983,16980,16989,3723,254,1194,190,419],"class_list":["post-40866","post","type-post","status-publish","format-standard","has-post-thumbnail","hentry","category-norte_de_minas","tag-batida-entre-dois-veiculos-deixa-duas-pessoas-feridas-em-montes-claros","tag-cristalia","tag-cultivo-de-maconha-e-localizado-na-zona-rural-de-fruta-de-leite","tag-discussao-durante-churrasco-termina-em-morte-na-zona-rural-de-cristalia","tag-francisco-dumont","tag-frentista-de-posto-de-combustivel-e-assassinado-em-montes-claros","tag-fruta-de-leite","tag-homem-de-27-anos-morre-em-acidente-proximo-a-porteirinha","tag-homem-e-preso-por-agredir-a-ex-mulher-no-bairro-planalto-em-taiobeiras","tag-jovem-de-19-anos-e-morto-a-tiros-em-pedras-de-maria-da-cruz","tag-jovem-e-ameacada-por-seu-companheiro-em-taiobeiras","tag-mato-verde","tag-montes-claros","tag-mulher-de-21-anos-e-morta-a-facadas-em-francisco-dumont","tag-mulher-e-assassinada-a-tiros-em-taiobeiras","tag-ocorrencias-em-destaque-no-norte-de-minas-gerais-29-de-setembro-de-2014","tag-pedras-de-maria-da-cruz","tag-pirapora","tag-porteirinha","tag-salinas","tag-taiobeiras"],"_links":{"self":[{"href":"https:\/\/aconteceunovale.com.br\/portal\/index.php?rest_route=\/wp\/v2\/posts\/40866","targetHints":{"allow":["GET"]}}],"collection":[{"href":"https:\/\/aconteceunovale.com.br\/portal\/index.php?rest_route=\/wp\/v2\/posts"}],"about":[{"href":"https:\/\/aconteceunovale.com.br\/portal\/index.php?rest_route=\/wp\/v2\/types\/post"}],"author":[{"embeddable":true,"href":"https:\/\/aconteceunovale.com.br\/portal\/index.php?rest_route=\/wp\/v2\/users\/1"}],"replies":[{"embeddable":true,"href":"https:\/\/aconteceunovale.com.br\/portal\/index.php?rest_route=%2Fwp%2Fv2%2Fcomments&post=40866"}],"version-history":[{"count":0,"href":"https:\/\/aconteceunovale.com.br\/portal\/index.php?rest_route=\/wp\/v2\/posts\/40866\/revisions"}],"wp:featuredmedia":[{"embeddable":true,"href":"https:\/\/aconteceunovale.com.br\/portal\/index.php?rest_route=\/wp\/v2\/media\/26880"}],"wp:attachment":[{"href":"https:\/\/aconteceunovale.com.br\/portal\/index.php?rest_route=%2Fwp%2Fv2%2Fmedia&parent=40866"}],"wp:term":[{"taxonomy":"category","embeddable":true,"href":"https:\/\/aconteceunovale.com.br\/portal\/index.php?rest_route=%2Fwp%2Fv2%2Fcategories&post=40866"},{"taxonomy":"post_tag","embeddable":true,"href":"https:\/\/aconteceunovale.com.br\/portal\/index.php?rest_route=%2Fwp%2Fv2%2Ftags&post=40866"}],"curies":[{"name":"wp","href":"https:\/\/api.w.org\/{rel}","templated":true}]}}