{"id":40862,"date":"2014-09-29T11:18:03","date_gmt":"2014-09-29T14:18:03","guid":{"rendered":"http:\/\/aconteceunovale.com.br\/portal\/?p=40862"},"modified":"2014-09-29T11:49:53","modified_gmt":"2014-09-29T14:49:53","slug":"plantao-samu-macro-norte-27-e-28-de-setembro-montes-clarosmg","status":"publish","type":"post","link":"https:\/\/aconteceunovale.com.br\/portal\/?p=40862","title":{"rendered":"Plant\u00e3o SAMU Macro Norte \u2013 27 e 28 de setembro \u2013 Montes Claros\/MG"},"content":{"rendered":"<h4><strong><em>Final de semana, 27 e 28 de setembro de 2014<\/em><\/strong><\/h4>\n<p>A unidade do SAMU de Montes Claros realizou no final de semana, dias 27 e 28\/09, 131 atendimentos, sendo 109 casos cl\u00ednicos e 17 em decorr\u00eancia de por acidente de tr\u00e2nsito, 01 ferimento por arma branca, 02 por ferimento por arma de foto,  e 02 por queimadura. Dos acidentes de tr\u00e2nsito, 13 envolveram motocicleta.<\/p>\n<p>Duas pessoas ficaram feridas em acidente com g\u00e1s de cozinha, sofrendo queimaduras de segundo grau, sendo um menino de 13 anos e um homem de 39 anos. O acidente ocorreu por volta das 14 horas de domingo, 28\/09, na rua Jovenita Pereira, bairro Santa Rafaela.<\/p>\n<p>Uma mulher de 37 anos sofreu ferimento por arma branca por volta das 0 horas, na rua B, bairro Santos Dumont. Ela foi atingida no flanco esquerdo e hemot\u00f3rax direito. <\/p>\n<p>Por volta das 2 horas da madrugada de s\u00e1bado, 28\/09, um homem de 28 anos foi ferido por arma de fogo, e outro de 22 anos, por volta das 14h30, na Vila Oliveira. Ambos estavam hemodinamicamente est\u00e1veis.<\/p>\n<p>Em todas as ocorr\u00eancias os feridos receberam os primeiros atendimentos no local e foram encaminhados ao hospital para avalia\u00e7\u00e3o.<\/p>\n","protected":false},"excerpt":{"rendered":"<p>Final de semana, 27 e 28 de setembro de 2014 A unidade do SAMU de Montes Claros realizou no final de semana, dias 27 e 28\/09, 131 atendimentos, sendo 109 casos cl\u00ednicos e 17 em decorr\u00eancia de por acidente de tr\u00e2nsito, 01 ferimento por arma branca, 02 por ferimento por arma de foto, e 02 [&hellip;]<\/p>\n","protected":false},"author":1,"featured_media":37592,"comment_status":"open","ping_status":"closed","sticky":false,"template":"","format":"standard","meta":{"amp_status":"","footnotes":""},"categories":[1236],"tags":[210,13995,16978],"class_list":["post-40862","post","type-post","status-publish","format-standard","has-post-thumbnail","hentry","category-norte_de_minas","tag-montes-claros","tag-plantao-samu-macro-norte","tag-plantao-samu-macro-norte-27-e-28-de-setembro-montes-clarosmg"],"_links":{"self":[{"href":"https:\/\/aconteceunovale.com.br\/portal\/index.php?rest_route=\/wp\/v2\/posts\/40862","targetHints":{"allow":["GET"]}}],"collection":[{"href":"https:\/\/aconteceunovale.com.br\/portal\/index.php?rest_route=\/wp\/v2\/posts"}],"about":[{"href":"https:\/\/aconteceunovale.com.br\/portal\/index.php?rest_route=\/wp\/v2\/types\/post"}],"author":[{"embeddable":true,"href":"https:\/\/aconteceunovale.com.br\/portal\/index.php?rest_route=\/wp\/v2\/users\/1"}],"replies":[{"embeddable":true,"href":"https:\/\/aconteceunovale.com.br\/portal\/index.php?rest_route=%2Fwp%2Fv2%2Fcomments&post=40862"}],"version-history":[{"count":0,"href":"https:\/\/aconteceunovale.com.br\/portal\/index.php?rest_route=\/wp\/v2\/posts\/40862\/revisions"}],"wp:featuredmedia":[{"embeddable":true,"href":"https:\/\/aconteceunovale.com.br\/portal\/index.php?rest_route=\/wp\/v2\/media\/37592"}],"wp:attachment":[{"href":"https:\/\/aconteceunovale.com.br\/portal\/index.php?rest_route=%2Fwp%2Fv2%2Fmedia&parent=40862"}],"wp:term":[{"taxonomy":"category","embeddable":true,"href":"https:\/\/aconteceunovale.com.br\/portal\/index.php?rest_route=%2Fwp%2Fv2%2Fcategories&post=40862"},{"taxonomy":"post_tag","embeddable":true,"href":"https:\/\/aconteceunovale.com.br\/portal\/index.php?rest_route=%2Fwp%2Fv2%2Ftags&post=40862"}],"curies":[{"name":"wp","href":"https:\/\/api.w.org\/{rel}","templated":true}]}}