{"id":40766,"date":"2014-09-27T13:46:41","date_gmt":"2014-09-27T16:46:41","guid":{"rendered":"http:\/\/aconteceunovale.com.br\/portal\/?p=40766"},"modified":"2014-09-29T14:14:27","modified_gmt":"2014-09-29T17:14:27","slug":"ocorrencias-em-destaque-nos-vales-do-jequitinhonha-rio-doce-e-mucuri-27-de-setembro-de-2014","status":"publish","type":"post","link":"https:\/\/aconteceunovale.com.br\/portal\/?p=40766","title":{"rendered":"Ocorr\u00eancias em destaque nos Vales do Jequitinhonha, Rio Doce e Mucuri \u2013 27 de setembro de 2014"},"content":{"rendered":"<h4><strong>Menor \u00e9 v\u00edtima de abuso sexual em clube de Almenara<\/strong><\/h4>\n<p>Um garoto de 8 anos de idade foi v\u00edtima de abuso sexual na noite de sexta-feira, 26 de setembro, em um clube de Almenara, no Vale do Jequitinhonha. De acordo com a Pol\u00edcia Militar, a corpora\u00e7\u00e3o foi acionada a comparecer no hospital, onde a av\u00f3 da crian\u00e7a relatou que quando estava dando banho no seu neto, notou que a crian\u00e7a queixava de dores nas partes \u00edntimas, e estava com um comportamento diferente do normal. <\/p>\n<p>Ainda segundo a av\u00f3 do menino, ao ser questionado, ele teria relatado que em data anterior um coleguinha da mesma idade, o teria levado para as depend\u00eancias do clube e teria feito rela\u00e7\u00e3o sexual com ele. O colega citado n\u00e3o foi identificado, a v\u00edtima possu\u00eda hematomas no \u00e2nus. <\/p>\n<p>O Conselho Tutelar foi comunicado sobre o ocorrido para futuras investiga\u00e7\u00f5es. As partes foram encaminhadas para a Delegacia de plant\u00e3o para futuras provid\u00eancias.<\/p>\n<h4><strong>Bandidos armados roubam objetos e mais de mil reais de mercearia em Pot\u00e9<\/strong><\/h4>\n<p>Uma mercearia localizada no Bairro Floresta, em Pot\u00e9, no Vale do Mucuri, foi alvo de criminosos no in\u00edcio da noite de sexta-feira, 26 de setembro. De acordo com a Pol\u00edcia Militar, as v\u00edtimas relataram que por volta das 19h30, tr\u00eas indiv\u00edduos adentraram em seu estabelecimento e anunciaram o assalto, obrigando-os a baixarem as portas do com\u00e9rcio. <\/p>\n<p>Posteriormente, os autores entraram na casa deles a procura de dinheiro e objetos de valor. As v\u00edtimas, relataram que os criminosos levaram 5 telefones celulares, v\u00e1rios pacotes de cigarros e a quantia de aproximadamente R$ 1.500,00 em dinheiro,<\/p>\n<p>Os autores evadiram do local tomando rumo ignorado. Os militares iniciaram rastreamento com intuito de identificar e prender os autores, porem sem \u00eaxito at\u00e9 o momento.<\/p>\n<h4><strong>Homem \u00e9 baleado ap\u00f3s discuss\u00e3o por ci\u00fames em Novo Oriente de Minas<\/strong><\/h4>\n<p>Um homem de 33 anos foi baleado no in\u00edcio da tarde de quinta-feira, 25 de setembro, na Comunidade de Beija Flor, na zona rural de Novo Oriente de Minas, no Vale do Mucuri. De acordo com informa\u00e7\u00f5es da Pol\u00edcia Militar, uma testemunha relatou que depois de discuss\u00e3o com o autor, por quest\u00f5es de ci\u00fames, A.M.S., foi baleado.<\/p>\n<p>Ainda segundo a PM, uma enfermeira do posto de sa\u00fade local informou que a v\u00edtima tinha quatro perfura\u00e7\u00f5es na regi\u00e3o tor\u00e1cica esquerda, aparentemente proveniente de disparos de arma de fogo.<\/p>\n<p>A Pol\u00edcia realizou rastreamentos com intuito de localizar e prender o autor, mas at\u00e9 a divulga\u00e7\u00e3o do registro de ocorr\u00eancias, sem \u00eaxito.<\/p>\n<p><strong><\/p>\n<h4>Panela com pedras de crack \u00e9 encontrada com rapaz de 17 anos em Te\u00f3filo Otoni<\/h4>\n<p><\/strong><\/p>\n<p>Um adolescente de 17 anos foi apreendido nessa quarta-feira (24) no Bairro Manoel Pimenta, em Te\u00f3filo Otoni, no Vale do Mucuri. Com o jovem a Pol\u00edcia Militar encontrou dinheiro, uma arma e muni\u00e7\u00f5es.<\/p>\n<p>Uma den\u00fancia an\u00f4nima informou a PM que o rapaz estaria traficando drogas na regi\u00e3o. A pol\u00edcia encontrou R$ 99,70 com o rapaz, que afirmou que o dinheiro foi dado pelo pai, por\u00e9m, a pol\u00edcia suspeitou, porque as m\u00e3os do adolescente estariam cheirando a crack.<\/p>\n<p>Dentro da casa do jovem a pol\u00edcia encontrou, dentro de uma panela, 11 pedras de crack, uma pistola com cinco muni\u00e7\u00f5es, um colete a prova de balas, dois r\u00e1dios transmissores e outros nove cartuchos calibre 22.<\/p>\n<p>O adolescente foi encaminhado, juntamente com o material apreendido, para a Delegacia de Te\u00f3filo Otoni.<\/p>\n<p><strong><\/p>\n<h4>Pol\u00edcia apreende drogas no Bairro Joaquim Pedrosa em Te\u00f3filo Otoni<\/h4>\n<p><\/strong><\/p>\n<p>Tr\u00eas suspeitos de tr\u00e1fico de drogas foram detidos no in\u00edcio da tarde de sexta-feira, 26 de setembro, no Bairro Joaquim Pedrosa, em Te\u00f3filo Otoni, no Vale do Mucuri.<\/p>\n<p>De acordo com informa\u00e7\u00f5es da Pol\u00edcia Militar, ap\u00f3s den\u00fancia an\u00f4nima, militares compareceram no local para apurar os fatos e depararam com um menor de 17 anos, que evadiu por um escad\u00e3o existente no local. Outros dois suspeitos foram abordados no local e submetidos a buscas pessoais. <\/p>\n<p>Ao realizarem buscas nos fundos da casa, os militares localizaram, debaixo de entulhos, 10 buchas de maconha, 6 pinos de coca\u00edna, 226 pinos vazios utilizados para embalagem de coca\u00edna e 40 sacos pl\u00e1sticos de geladinho para embalagem de subst\u00e2ncias entorpecentes, al\u00e9m de uma faca e dois celulares.<\/p>\n<p>Um homem de 23 anos e dois menores de 14 e 17 foram detidos e encaminhados para a Delegacia de Pol\u00edcia de Te\u00f3filo Otoni para demais provid\u00eancias.<\/p>\n<h4><strong>Homem com mandado de pris\u00e3o em aberto \u00e9 preso no distrito de Pedra Grande, em Almenara<\/strong><\/h4>\n<p>Um homem de 27 anos foi preso na noite de sexta-feira, 26 de setembro, no Distrito de Pedra Grande, no munic\u00edpio de Almenara, no Vale do Jequitinhonha. De acordo com a Pol\u00edcia Militar, durante visita no distrito, a viatura da patrulha rural abordou o autor M.G.S., que no momento negou-se a se identificar.<\/p>\n<p>Em consulta no sistema ISP, foi contatado que o mesmo possu\u00eda um mandado de pris\u00e3o em seu desfavor. Diante dos fatos o autor recebeu ordem de pris\u00e3o e encaminhado para a delegacia de plant\u00e3o da cidade de Almenara para demais provid\u00eancias.<\/p>\n<h4><em><strong>T\u00e1tico M\u00f3vel apreende armas de fogo em opera\u00e7\u00e3o no munic\u00edpio de Palm\u00f3polis<\/strong><\/em><\/h4>\n<p>No dia 26 de setembro, sexta-feira, por volta das 21 horas, uma guarni\u00e7\u00e3o do T\u00e1tico M\u00f3vel realizou opera\u00e7\u00e3o batida policial no distrito de Dois de Abril, onde abordaram as motocicletas Honda CG 121, cor preta, placa GXE6593 de Almenara e Honda CG 125, Cor vermelha, placa JJR-9274 de Palm\u00f3polis, conduzidas pelos irm\u00e3os V.P.F. e V.P.F. respectivamente.<\/p>\n<p>Durante busca pessoal foi localizado em um bornal transportado por um dos irm\u00e3os duas espingardas polveiras de fabrica\u00e7\u00e3o artesanal que encontravam-se desmontadas e suprimentos para recarga (p\u00f3lvora, espoleta e chumbo). Foi realizada consulta em sistema informatizado atrav\u00e9s da Sala de Opera\u00e7\u00f5es do 44\u00ba BPM sendo constatado que a motocicleta Honda CG 125, placa JJR-9274 encontrava-se licenciada em 2013. Ao realizarmos consulta da placa GXE-6593 foi constatado que essa placa pertence a uma CG 125, cor verde, munic\u00edpio de emplacamento Itanh\u00e9m\/BA. Foi realizada consulta atrav\u00e9s do chassi 9c2jc30706r927570 que encontrava-se na moto sendo verificado se tratar da motocicleta pertencente a placa MQU-7834, cor preta, munic\u00edpio de emplacamento S\u00e3o Gabriel da Palha\/ES, contudo n\u00e3o havia queixa furto\/roubo no sistema. <\/p>\n<p>O autor foi questionado sobre a propriedade das armas de fogo tendo relatado que uma pertencia a ele e outra a seu irm\u00e3o. Quanto a motocicleta cuja placa n\u00e3o conferia com o chassi o autor relatou que comprou a moto de um homem em Felisburgo\/MG que n\u00e3o recorda o nome. <\/p>\n<p>Considerando que ambos condutores s\u00e3o inabilitados e em virtude da situa\u00e7\u00e3o do licenciamento foram confeccionados autos de infra\u00e7\u00e3o de tr\u00e2nsito constantes em campos pr\u00f3prios do REDS sendo o ve\u00edculo placa JJR-9274 foi liberado para um condutor habilitado. <\/p>\n<p>O veiculo com irregularidades quanto a conferencia das placas foi apreendido. Os autores foram conduzidos ao Hospital Deraldo Guimar\u00e3es para atendimento m\u00e9dico e posteriormente \u00e0 Delegacia de Pol\u00edcia Civil juntamente com o ve\u00edculo e materiais apreendidos para provid\u00eancias subsequentes.<\/p>\n<h4><strong>Pol\u00edcia registra furto de motocicleta em Almenara<\/strong><\/h4>\n<p>Uma motocicleta foi furtada na madrugada deste s\u00e1bado, 27 de setembro, em Almenara, no Vale do Jequitinhonha. De acordo com a Pol\u00edcia Militar, a v\u00edtima relatou que chegou em sua casa por volta das 23h30, deixando sua moto Honda Fan KS, de cor vermelha, placa HIY-9119, estacionada debaixo de um p\u00e9 de goiaba que fica aos fundos da casa.<\/p>\n<p>Ao acordar, a v\u00edtima percebeu que o ve\u00edculo n\u00e3o estava mais no local. A guarni\u00e7\u00e3o da PM realizou rastreamentos pelo bairro e em outras partes da cidade, mas at\u00e9 o momento a motocicleta n\u00e3o foi localizada.<\/p>\n<h4><strong>Dois jovens s\u00e3o presos por tr\u00e1fico de drogas em Jacinto<\/strong><\/h4>\n<p>Dois rapazes de 18 e 19 anos foram detidos na manh\u00e3 de sexta-feira, 26 de setembro, por tr\u00e1fico de drogas em Jacinto, no Vale do Jequitinhonha. De acordo com a Pol\u00edcia Militar, ap\u00f3s den\u00fancias, R.S.O. e D.R. foram flagrados desenterrando entorpecentes que estavam escondidos pr\u00f3ximo a um c\u00f3rrego da cidade.<\/p>\n<p>Com eles os policiais encontraram 11 buchas de maconha. Na resid\u00eancia de R.S.O. foi localizado, em meio aos seus pertences, R$ 120,00 em dinheiro trocado, que ele n\u00e3o soube informar a origem. O dinheiro foi apreendido, tendo em vista que o autor n\u00e3o tem renda fixa e que o dinheiro supostamente \u00e9 proveniente do tr\u00e1fico.<\/p>\n<p>O autor R.S.O. assumiu a droga como dele e informou que teria comprado 15 gramas do entorpecente na cidade de Almenara. O autor D.R. disse que s\u00f3 estaria acompanhando o autor R.S.O.  para fumar um baseado. Os autores foram presos em flagrante delito pelo crime de tr\u00e1fico de drogas e informados de seus direitos constitucionais. <\/p>\n<p>Ambos foram encaminhados ao hospital bom pastor onde foram avaliados pelo M\u00e9dico e posteriormente encaminhados a presen\u00e7a da autoridade policial para ratificar o devido flagrante.<\/p>\n<p><strong><\/p>\n<h4>Inc\u00eandio destr\u00f3i dois c\u00f4modos de uma casa em Governador Valadares<\/h4>\n<p><\/strong><\/p>\n<p>Uma casa pegou fogo na noite dessa sexta-feira (26), na Rua L, no Bairro JK, em Governador Valadares, no Leste de Minas. Segundo o Corpo de Bombeiros, as chamas deixaram dois c\u00f4modos da casa totalmente destru\u00eddos. Ainda de acordo com os militares, ningu\u00e9m ficou ferido com as chamas. As causas do inc\u00eandio ainda n\u00e3o foram identificadas.<\/p>\n<h4><strong>Criminosos roubam R$ 800 de farm\u00e1cia em Governador Valadares<\/strong><\/h4>\n<p>Uma farm\u00e1cia foi assaltada na noite dessa quinta-feira (25), no Bairro Nossa Senhora das Gra\u00e7as, em Governador Valadares, no Leste de Minas. Segundo a Pol\u00edcia Militar, dois homens armados teriam entrado no estabelecimento, sendo um deles de capacete, e anunciaram o assalto. <\/p>\n<p>Testemunhas contaram que os dois homens, ainda n\u00e3o identificados, entraram na farm\u00e1cia e amea\u00e7aram os funcion\u00e1rios. Um deles roubou R$ 800 de um caixa, enquanto o segundo suspeito tentava arrombar outro caixa. Segundo a PM, os homens fugiram com dinheiro e at\u00e9 o momento n\u00e3o foram localizados.<\/p>\n<h4><strong>Homem \u00e9 morto a tiros no meio da rua em Itabirinha<\/strong><\/h4>\n<p>Um homem de 34 anos foi encontrado morto na noite dessa quarta-feira (24), em Itabirinha, no Vale do Rio Doce em Minas Gerais. A mulher da v\u00edtima, de 22 anos, disse para a pol\u00edcia que o marido estava na rua conversando, quando o suspeito atirou.<\/p>\n<p>A mulher ainda disse aos militares que o homem foi chamado na porta por um estranho. Os dois foram conversar na rua, e no momento que ela foi chamar o marido para o jantar, ele recebeu v\u00e1rios disparos. A mulher conta tamb\u00e9m que entrou em casa com os filhos e trancou a porta.<\/p>\n<p>Segundo a PM nenhum suspeito foi apontado pelo crime. A per\u00edcia esteve no lugar e constatou quatro perfura\u00e7\u00f5es no corpo do homem, que foi encaminhado para o Instituto M\u00e9dico Legal. Ainda de acordo com a pol\u00edcia, a v\u00edtima tinha passagens por porte de drogas e de arma, homic\u00eddio, amea\u00e7a e les\u00e3o corporal. At\u00e9 o momento ningu\u00e9m foi preso.<\/p>\n<h4><strong>Propriet\u00e1rio de bar \u00e9 preso com drogas, armas e muni\u00e7\u00e3o em Aimor\u00e9s<\/strong><\/h4>\n<p>A Pol\u00edcia Militar de Aimor\u00e9s prendeu nesta quinta-feira (25) um homem de 43 anos portando uma arma de fogo e muni\u00e7\u00e3o. A pol\u00edcia recebeu uma den\u00fancia informando que um adolescente estaria armado, mas o menor n\u00e3o foi encontrado no local.<\/p>\n<p>Durante patrulhamento na madrugada, pr\u00f3ximo ao endere\u00e7o da den\u00fancia, a pol\u00edcia percebeu que um homem correu para dentro de um bar ap\u00f3s avistar a viatura. Dentro do bar estavam tr\u00eas pessoas, al\u00e9m do adolescente acusado de estar armado.<\/p>\n<p>Militares disseram que dentro do bar havia um forte cheiro de maconha, e durante as buscas, a pol\u00edcia encontrou dentro do bolso do propriet\u00e1rio do bar 14 muni\u00e7\u00f5es, e em uma c\u00f4moda ao lado do bar encontraram a arma.<\/p>\n<p>Com o adolescente a pol\u00edcia localizou um cigarro de maconha. Diante do flagrante, o dono do estabelecimento foi preso e o adolescente apreendido. Os detidos e o material apreendido foram encaminhados para delegacia.<\/p>\n","protected":false},"excerpt":{"rendered":"<p>Menor \u00e9 v\u00edtima de abuso sexual em clube de Almenara Um garoto de 8 anos de idade foi v\u00edtima de abuso sexual na noite de sexta-feira, 26 de setembro, em um clube de Almenara, no Vale do Jequitinhonha. De acordo com a Pol\u00edcia Militar, a corpora\u00e7\u00e3o foi acionada a comparecer no hospital, onde a av\u00f3 [&hellip;]<\/p>\n","protected":false},"author":1,"featured_media":26880,"comment_status":"open","ping_status":"closed","sticky":false,"template":"","format":"standard","meta":{"amp_status":"","footnotes":""},"categories":[120],"tags":[16851,273,142,16859,16863,16855,16861,247,16854,16850,16864,16862,2146,408,16856,16990,16857,3138,16849,16866,411,16852,4332,16853,16860,3139,16865,16858,164],"class_list":["post-40766","post","type-post","status-publish","format-standard","has-post-thumbnail","hentry","category-jequi","tag-agildo-marques-da-silva","tag-aimores","tag-almenara","tag-bandidos-armados-roubam-objetos-e-mais-de-mil-reais-de-mercearia-em-pote","tag-criminosos-roubam-r-800-de-farmacia-em-governador-valadares","tag-distrito-de-pedra-grande","tag-dois-jovens-sao-presos-por-trafico-de-drogas-em-jacinto","tag-governador-valadares","tag-homem-com-mandado-de-prisao-em-aberto-e-preso-no-distrito-de-pedra-grande-em-almenara","tag-homem-e-baleado-apos-discussao-por-ciumes-em-novo-oriente-de-minas","tag-homem-e-morto-a-tiros-no-meio-da-rua-em-itabirinha","tag-incendio-destroi-dois-comodos-de-uma-casa-em-governador-valadares","tag-itabirinha","tag-jacinto","tag-marcos-goncalves-souza","tag-menor-e-vitima-de-abuso-sexual-em-clube-de-almenara","tag-menor-e-vitima-de-abuso-sexual-no-sesc-de-almenara","tag-novo-oriente-de-minas","tag-ocorrencias-em-destaque-nos-vales-do-jequitinhonha-e-mucuri-27-de-setembro-de-2014","tag-ocorrencias-em-destaque-nos-vales-do-jequitinhonha-rio-doce-e-mucuri-27-de-setembro-de-2014","tag-palmopolis","tag-panela-com-pedras-de-crack-e-encontrada-com-rapaz-de-17-anos-em-teofilo-otoni","tag-pedra-grande","tag-policia-apreende-drogas-no-bairro-joaquim-pedrosa-em-teofilo-otoni","tag-policia-registra-furto-de-motocicleta-em-almenara","tag-pote","tag-proprietario-de-bar-e-preso-com-drogas-armas-e-municao-em-aimores","tag-tatico-movel-apreende-armas-de-fogo-em-operacao-no-municipio-de-palmopolis","tag-teofilo-otoni"],"_links":{"self":[{"href":"https:\/\/aconteceunovale.com.br\/portal\/index.php?rest_route=\/wp\/v2\/posts\/40766","targetHints":{"allow":["GET"]}}],"collection":[{"href":"https:\/\/aconteceunovale.com.br\/portal\/index.php?rest_route=\/wp\/v2\/posts"}],"about":[{"href":"https:\/\/aconteceunovale.com.br\/portal\/index.php?rest_route=\/wp\/v2\/types\/post"}],"author":[{"embeddable":true,"href":"https:\/\/aconteceunovale.com.br\/portal\/index.php?rest_route=\/wp\/v2\/users\/1"}],"replies":[{"embeddable":true,"href":"https:\/\/aconteceunovale.com.br\/portal\/index.php?rest_route=%2Fwp%2Fv2%2Fcomments&post=40766"}],"version-history":[{"count":0,"href":"https:\/\/aconteceunovale.com.br\/portal\/index.php?rest_route=\/wp\/v2\/posts\/40766\/revisions"}],"wp:featuredmedia":[{"embeddable":true,"href":"https:\/\/aconteceunovale.com.br\/portal\/index.php?rest_route=\/wp\/v2\/media\/26880"}],"wp:attachment":[{"href":"https:\/\/aconteceunovale.com.br\/portal\/index.php?rest_route=%2Fwp%2Fv2%2Fmedia&parent=40766"}],"wp:term":[{"taxonomy":"category","embeddable":true,"href":"https:\/\/aconteceunovale.com.br\/portal\/index.php?rest_route=%2Fwp%2Fv2%2Fcategories&post=40766"},{"taxonomy":"post_tag","embeddable":true,"href":"https:\/\/aconteceunovale.com.br\/portal\/index.php?rest_route=%2Fwp%2Fv2%2Ftags&post=40766"}],"curies":[{"name":"wp","href":"https:\/\/api.w.org\/{rel}","templated":true}]}}