{"id":40764,"date":"2014-09-27T12:22:36","date_gmt":"2014-09-27T15:22:36","guid":{"rendered":"http:\/\/aconteceunovale.com.br\/portal\/?p=40764"},"modified":"2014-09-27T12:23:29","modified_gmt":"2014-09-27T15:23:29","slug":"idoso-de-74-anos-e-assassinado-a-facadas-na-zona-rural-de-novo-cruzeiro","status":"publish","type":"post","link":"https:\/\/aconteceunovale.com.br\/portal\/?p=40764","title":{"rendered":"Idoso de 74 anos \u00e9 assassinado a facadas na zona rural de Novo Cruzeiro"},"content":{"rendered":"<h4><strong><em>Testemunha contou a pol\u00edcia que andava pela rua quando viu o corpo. V\u00edtima estava com o rosto machucado e tinha uma perfura\u00e7\u00e3o.<\/em><\/strong><\/h4>\n<p>Um homem de 74 anos foi encontrado morto nessa sexta-feira (26), no C\u00f3rrego Brej\u00e3o, distrito do Lufa, na zona rural de Novo Cruzeiro, no Vale do Jequitinhonha. Um jovem de 17 anos contou \u00e0 Pol\u00edcia Militar que caminhava pela rua, quando se deparou com o corpo de Aniceto Ferreira da Silva ca\u00eddo com alguns ferimentos.<\/p>\n<p>A per\u00edcia esteve no local e confirmou que a v\u00edtima tinha uma perfura\u00e7\u00e3o e v\u00e1rias escoria\u00e7\u00f5es no rosto. O corpo do homem foi removido para o Instituto M\u00e9dico Legal de Te\u00f3filo Otoni.<\/p>\n<p>De acordo com a pol\u00edcia os suspeitos do crime ainda n\u00e3o foram identificados, e at\u00e9 o momento ningu\u00e9m foi preso.<\/p>\n","protected":false},"excerpt":{"rendered":"<p>Testemunha contou a pol\u00edcia que andava pela rua quando viu o corpo. V\u00edtima estava com o rosto machucado e tinha uma perfura\u00e7\u00e3o. Um homem de 74 anos foi encontrado morto nessa sexta-feira (26), no C\u00f3rrego Brej\u00e3o, distrito do Lufa, na zona rural de Novo Cruzeiro, no Vale do Jequitinhonha. Um jovem de 17 anos contou [&hellip;]<\/p>\n","protected":false},"author":1,"featured_media":13667,"comment_status":"open","ping_status":"closed","sticky":false,"template":"","format":"standard","meta":{"amp_status":"","footnotes":""},"categories":[120],"tags":[16848,16847,16845,16846,175],"class_list":["post-40764","post","type-post","status-publish","format-standard","has-post-thumbnail","hentry","category-jequi","tag-aniceto-ferreira-da-silva","tag-idoso-de-74-anos-e-assassinado-a-facadas-na-zona-rural-de-novo-cruzeiro","tag-idoso-e-assassinado-a-facada-na-zona-rural-de-novo-cruzeiro","tag-idoso-e-assassinado-a-facadas-na-zona-rural-de-novo-cruzeiro","tag-novo-cruzeiro"],"_links":{"self":[{"href":"https:\/\/aconteceunovale.com.br\/portal\/index.php?rest_route=\/wp\/v2\/posts\/40764","targetHints":{"allow":["GET"]}}],"collection":[{"href":"https:\/\/aconteceunovale.com.br\/portal\/index.php?rest_route=\/wp\/v2\/posts"}],"about":[{"href":"https:\/\/aconteceunovale.com.br\/portal\/index.php?rest_route=\/wp\/v2\/types\/post"}],"author":[{"embeddable":true,"href":"https:\/\/aconteceunovale.com.br\/portal\/index.php?rest_route=\/wp\/v2\/users\/1"}],"replies":[{"embeddable":true,"href":"https:\/\/aconteceunovale.com.br\/portal\/index.php?rest_route=%2Fwp%2Fv2%2Fcomments&post=40764"}],"version-history":[{"count":0,"href":"https:\/\/aconteceunovale.com.br\/portal\/index.php?rest_route=\/wp\/v2\/posts\/40764\/revisions"}],"wp:featuredmedia":[{"embeddable":true,"href":"https:\/\/aconteceunovale.com.br\/portal\/index.php?rest_route=\/wp\/v2\/media\/13667"}],"wp:attachment":[{"href":"https:\/\/aconteceunovale.com.br\/portal\/index.php?rest_route=%2Fwp%2Fv2%2Fmedia&parent=40764"}],"wp:term":[{"taxonomy":"category","embeddable":true,"href":"https:\/\/aconteceunovale.com.br\/portal\/index.php?rest_route=%2Fwp%2Fv2%2Fcategories&post=40764"},{"taxonomy":"post_tag","embeddable":true,"href":"https:\/\/aconteceunovale.com.br\/portal\/index.php?rest_route=%2Fwp%2Fv2%2Ftags&post=40764"}],"curies":[{"name":"wp","href":"https:\/\/api.w.org\/{rel}","templated":true}]}}