{"id":40757,"date":"2014-09-26T22:01:20","date_gmt":"2014-09-27T01:01:20","guid":{"rendered":"http:\/\/aconteceunovale.com.br\/portal\/?p=40757"},"modified":"2014-09-26T22:01:20","modified_gmt":"2014-09-27T01:01:20","slug":"justica-condena-14-envolvidos-na-operacao-marco-zero","status":"publish","type":"post","link":"https:\/\/aconteceunovale.com.br\/portal\/?p=40757","title":{"rendered":"Justi\u00e7a condena 14 envolvidos na Opera\u00e7\u00e3o Marco Zero"},"content":{"rendered":"<h4><strong><em>Dos 15 indiciados 14 foram condenados por tr\u00e1fico de drogas. Somente um dos acusados foi absorvido das acusa\u00e7\u00f5es.<\/em><\/strong><\/h4>\n<p>A 1\u00aa Delegacia Regional de Pol\u00edcia Civil apresentou na tarde desta sexta-feira (26) um organograma que mostra a participa\u00e7\u00e3o de cada um dos 14 condenados da \u201cOpera\u00e7\u00e3o Marco Zero\u201d. A a\u00e7\u00e3o da pol\u00edcia resultou na condena\u00e7\u00e3o do grupo a penas que, somadas, chegam h\u00e1 mais de 108 anos de pris\u00e3o.<\/p>\n<p>Em 2013, policiais civis abordaram na BR-381, pr\u00f3ximo a Jaguara\u00e7u, um carro com tr\u00eas ocupantes. Dentro do ve\u00edculo estavam guardados quase 26 quilos de maconha, divididos em cinco tabletes grandes.<\/p>\n<p>Segundo as investiga\u00e7\u00f5es, as drogas haviam sido adquiridas em Belo Horizonte e seriam distribu\u00eddas em apenas tr\u00eas cidades do Vale do A\u00e7o.<\/p>\n<p><img decoding=\"async\" src=\"http:\/\/aconteceunovale.com.br\/portal\/wp-content\/uploads\/2014\/09\/condenados_operacao_marco_zero.jpg\" alt=\"\" \/><em>14 envolvidos foram condenados por tr\u00e1fico de drogas (Foto: Kaleo Martins \/ G1)<\/em><br \/>\n<\/br><\/p>\n<p>Dentre os 15 acusados pelo Minist\u00e9rio P\u00fablico, apenas uma mulher foi absolvida. O restante do bando que foi condenado pegou penalidade que varia de 4 a 11 anos de pris\u00e3o.<\/p>\n<p>Jarbas Jos\u00e9 Lage, considerado um dos chefes da quadrilha, foi condenado por 11 anos de deten\u00e7\u00e3o em regime inicialmente fechado. Nabor Batista da Silva e Geane de Faria tamb\u00e9m foram condenados a 11 anos e 4 meses de reclus\u00e3o.<\/p>\n<p>J\u00e1 os condenados Maicon Douglas de Aguiar Rodrigues, Gean Calazans de Souza e Jos\u00e9 Maria Lage, devem cumprir 9 anos e quatro meses de reclus\u00e3o. Paulo Roberto Pereira Junior, Sebastiao de Souza Franca e Jakeline Ferraz Gomes Gon\u00e7alves foram condenados a 8 anos de reclus\u00e3o.<\/p>\n<p>Alice Lacerda de Souza foi condenada a 6 anos e 3 meses, Silvanil Alves Rocha e Devanil Alves Rocha foram condenados a 4 anos e dois meses de reclus\u00e3o. Alexander Miranda Donato e Stanione Juli\u00e3o Franconel, a cinco anos de reclus\u00e3o. Dos 15 indiciados somente Laeane das Gra\u00e7as Ferreira foi absorvida das acusa\u00e7\u00f5es.<\/p>\n<p>A senten\u00e7a condenat\u00f3ria foi proferida no dia 19 de setembro e foi publicada na \u00edntegra no site do TJMG nesta semana. A opera\u00e7\u00e3o que culminou no desmantelamento do bando, cujo chefe comandava todo o esquema por telefone de dentro da Penitenci\u00e1ria Nelson Hungria e Contagem, ocorreu em junho de 2013.<\/p>\n<p><strong><em>(Inter TV dos Vales)<\/em><\/strong><\/p>\n","protected":false},"excerpt":{"rendered":"<p>Dos 15 indiciados 14 foram condenados por tr\u00e1fico de drogas. Somente um dos acusados foi absorvido das acusa\u00e7\u00f5es. A 1\u00aa Delegacia Regional de Pol\u00edcia Civil apresentou na tarde desta sexta-feira (26) um organograma que mostra a participa\u00e7\u00e3o de cada um dos 14 condenados da \u201cOpera\u00e7\u00e3o Marco Zero\u201d. A a\u00e7\u00e3o da pol\u00edcia resultou na condena\u00e7\u00e3o do [&hellip;]<\/p>\n","protected":false},"author":1,"featured_media":40758,"comment_status":"open","ping_status":"closed","sticky":false,"template":"","format":"standard","meta":{"amp_status":"","footnotes":""},"categories":[121],"tags":[16836,16833,194,16835,16828,16826,201,1741,16832,16824,16829,16838,16827,16825,16823,16830,16831,16834,16837],"class_list":["post-40757","post","type-post","status-publish","format-standard","has-post-thumbnail","hentry","category-leste","tag-alexander-miranda-donato","tag-alice-lacerda-de-souza","tag-belo-horizonte","tag-devanil-alves-rocha","tag-gean-calazans-de-souza","tag-geane-de-faria","tag-ipatinga","tag-jaguaracu","tag-jakeline-ferraz-gomes-goncalves","tag-jarbas-jose-lage","tag-jose-maria-lage","tag-justica-condena-14-envolvidos-na-operacao-marco-zero","tag-maicon-douglas-de-aguiar-rodrigues","tag-nabor-batista-da-silva","tag-operacao-marco-zero","tag-paulo-roberto-pereira-junior","tag-sebastiao-de-souza-franca","tag-silvanil-alves-rocha","tag-stanione-juliao-franconel"],"_links":{"self":[{"href":"https:\/\/aconteceunovale.com.br\/portal\/index.php?rest_route=\/wp\/v2\/posts\/40757","targetHints":{"allow":["GET"]}}],"collection":[{"href":"https:\/\/aconteceunovale.com.br\/portal\/index.php?rest_route=\/wp\/v2\/posts"}],"about":[{"href":"https:\/\/aconteceunovale.com.br\/portal\/index.php?rest_route=\/wp\/v2\/types\/post"}],"author":[{"embeddable":true,"href":"https:\/\/aconteceunovale.com.br\/portal\/index.php?rest_route=\/wp\/v2\/users\/1"}],"replies":[{"embeddable":true,"href":"https:\/\/aconteceunovale.com.br\/portal\/index.php?rest_route=%2Fwp%2Fv2%2Fcomments&post=40757"}],"version-history":[{"count":0,"href":"https:\/\/aconteceunovale.com.br\/portal\/index.php?rest_route=\/wp\/v2\/posts\/40757\/revisions"}],"wp:featuredmedia":[{"embeddable":true,"href":"https:\/\/aconteceunovale.com.br\/portal\/index.php?rest_route=\/wp\/v2\/media\/40758"}],"wp:attachment":[{"href":"https:\/\/aconteceunovale.com.br\/portal\/index.php?rest_route=%2Fwp%2Fv2%2Fmedia&parent=40757"}],"wp:term":[{"taxonomy":"category","embeddable":true,"href":"https:\/\/aconteceunovale.com.br\/portal\/index.php?rest_route=%2Fwp%2Fv2%2Fcategories&post=40757"},{"taxonomy":"post_tag","embeddable":true,"href":"https:\/\/aconteceunovale.com.br\/portal\/index.php?rest_route=%2Fwp%2Fv2%2Ftags&post=40757"}],"curies":[{"name":"wp","href":"https:\/\/api.w.org\/{rel}","templated":true}]}}