{"id":40751,"date":"2014-09-26T21:41:45","date_gmt":"2014-09-27T00:41:45","guid":{"rendered":"http:\/\/aconteceunovale.com.br\/portal\/?p=40751"},"modified":"2014-09-26T21:41:45","modified_gmt":"2014-09-27T00:41:45","slug":"combate-ao-trafico-de-animais-silvestres-e-intensificado-no-vale-do-jequitinhonha","status":"publish","type":"post","link":"https:\/\/aconteceunovale.com.br\/portal\/?p=40751","title":{"rendered":"Combate ao tr\u00e1fico de animais silvestres \u00e9 intensificado no Vale do Jequitinhonha"},"content":{"rendered":"<h4><strong><em>A opera\u00e7\u00e3o &#8220;Bicho do Mato&#8221;, segue at\u00e9 o dia 1\u00ba de outubro<\/em><\/strong><\/h4>\n<p>Fiscais do Instituto Brasileiro do Meio Ambiente e dos Recursos Naturais Renov\u00e1veis (IBAMA), do Instituto Estadual de Florestas (IEF) e militares da Pol\u00edcia Florestal, est\u00e3o realizando desde o dia 24 de setembro, a \u201cOpera\u00e7\u00e3o Bicho do Mato\u201d, na regi\u00e3o do Vale do Jequitinhonha. <\/p>\n<p>A opera\u00e7\u00e3o que segue at\u00e9 o dia 1\u00ba de outubro, tem como objetivo combater o tr\u00e1fico de animais silvestres. Na quinta-feira (25) a equipe atuou nos munic\u00edpios de Ara\u00e7ua\u00ed e Virgem da Lapa, no M\u00e9dio Vale do Jequitinhonha.<\/p>\n<p>Foram apreendidos 4 viveiros, 75 gaiolas, dezenas de etiquetas de anilhas para p\u00e1ssaros, seis al\u00e7ap\u00f5es e 194 p\u00e1ssaros de esp\u00e9cies t\u00edpicas da regi\u00e3o, al\u00e9m de uma espingarda de fabrica\u00e7\u00e3o caseira.<\/p>\n<p><img decoding=\"async\" src=\"http:\/\/aconteceunovale.com.br\/portal\/wp-content\/uploads\/2014\/09\/combate_trafico_animais_jequi.jpg\" alt=\"\" \/><em>As aves apreendidas ser\u00e3o devolvidas \u00e0 natureza &#8211; Foto: Reprodu\u00e7\u00e3o<\/em><br \/>\n<\/br><\/p>\n<p>Boa parte das aves apreendidas se encontravam prontas para serem comercializadas e outras mantidas em cativeiro em casas da zona rural. Os propriet\u00e1rios das aves foram autuados, mas ningu\u00e9m foi preso.<\/p>\n<p>As aves ser\u00e3o devolvidas \u00e0 natureza, ao habitat natural ou \u00e0s unidades conservacionistas cadastradas pelo IBAMA.<\/p>\n<p>Apesar dos esfor\u00e7os dos fiscais do IBAMA, o resultado \u00e9 evidente: as aves que at\u00e9 bem pouco tempo eram vistas  na regi\u00e3o, est\u00e3o desaparecendo ante \u00e0 a\u00e7\u00e3o predadora do homem. O can\u00e1rio da terra \u00e9 um exemplo. Existia em quantidade nas matas e nas ro\u00e7as do interior e atualmente corre o risco de extin\u00e7\u00e3o.<\/p>\n<p>Por uma quest\u00e3o financeira e cultural, h\u00e1 pessoas que fazem tr\u00e1fico de animais silvestres e h\u00e1 aqueles que criam em cativeiro bichos da fauna regional. Outros ca\u00e7am por puro esporte e prazer.<\/p>\n<p>As aves mais amea\u00e7adas s\u00e3o can\u00e1rio-da-terra, papagaio, cardeais, can\u00e1rio azul\u00e3o, coleiras e p\u00e1ssaros pretos.<\/p>\n<p>Por quest\u00f5es de sigilo, o IBAMA n\u00e3o informou as pr\u00f3ximas cidades que est\u00e3o inclu\u00eddas na lista da \u201cOpera\u00e7\u00e3o Bicho do Mato\u201d.<\/p>\n<p>Participaram da opera\u00e7\u00e3o em Ara\u00e7ua\u00ed e Virgem da Lapa, 12 policiais, seis fiscais do IBAMA e seis do IEF que utilizam oito viaturas.<\/p>\n<p><strong><em>(Gazeta de Ara\u00e7ua\u00ed)<\/em><\/strong><\/p>\n","protected":false},"excerpt":{"rendered":"<p>A opera\u00e7\u00e3o &#8220;Bicho do Mato&#8221;, segue at\u00e9 o dia 1\u00ba de outubro Fiscais do Instituto Brasileiro do Meio Ambiente e dos Recursos Naturais Renov\u00e1veis (IBAMA), do Instituto Estadual de Florestas (IEF) e militares da Pol\u00edcia Florestal, est\u00e3o realizando desde o dia 24 de setembro, a \u201cOpera\u00e7\u00e3o Bicho do Mato\u201d, na regi\u00e3o do Vale do Jequitinhonha. [&hellip;]<\/p>\n","protected":false},"author":1,"featured_media":40752,"comment_status":"open","ping_status":"closed","sticky":false,"template":"","format":"standard","meta":{"amp_status":"","footnotes":""},"categories":[120],"tags":[186,16821,1018,16820,482],"class_list":["post-40751","post","type-post","status-publish","format-standard","has-post-thumbnail","hentry","category-jequi","tag-aracuai","tag-combate-ao-trafico-de-animais-silvestres-e-intensificado-no-vale-do-jequitinhonha","tag-destaque","tag-operacao-bicho-do-mato","tag-virgem-da-lapa"],"_links":{"self":[{"href":"https:\/\/aconteceunovale.com.br\/portal\/index.php?rest_route=\/wp\/v2\/posts\/40751","targetHints":{"allow":["GET"]}}],"collection":[{"href":"https:\/\/aconteceunovale.com.br\/portal\/index.php?rest_route=\/wp\/v2\/posts"}],"about":[{"href":"https:\/\/aconteceunovale.com.br\/portal\/index.php?rest_route=\/wp\/v2\/types\/post"}],"author":[{"embeddable":true,"href":"https:\/\/aconteceunovale.com.br\/portal\/index.php?rest_route=\/wp\/v2\/users\/1"}],"replies":[{"embeddable":true,"href":"https:\/\/aconteceunovale.com.br\/portal\/index.php?rest_route=%2Fwp%2Fv2%2Fcomments&post=40751"}],"version-history":[{"count":0,"href":"https:\/\/aconteceunovale.com.br\/portal\/index.php?rest_route=\/wp\/v2\/posts\/40751\/revisions"}],"wp:featuredmedia":[{"embeddable":true,"href":"https:\/\/aconteceunovale.com.br\/portal\/index.php?rest_route=\/wp\/v2\/media\/40752"}],"wp:attachment":[{"href":"https:\/\/aconteceunovale.com.br\/portal\/index.php?rest_route=%2Fwp%2Fv2%2Fmedia&parent=40751"}],"wp:term":[{"taxonomy":"category","embeddable":true,"href":"https:\/\/aconteceunovale.com.br\/portal\/index.php?rest_route=%2Fwp%2Fv2%2Fcategories&post=40751"},{"taxonomy":"post_tag","embeddable":true,"href":"https:\/\/aconteceunovale.com.br\/portal\/index.php?rest_route=%2Fwp%2Fv2%2Ftags&post=40751"}],"curies":[{"name":"wp","href":"https:\/\/api.w.org\/{rel}","templated":true}]}}