{"id":40672,"date":"2014-09-25T20:55:51","date_gmt":"2014-09-25T23:55:51","guid":{"rendered":"http:\/\/aconteceunovale.com.br\/portal\/?p=40672"},"modified":"2014-09-25T20:55:51","modified_gmt":"2014-09-25T23:55:51","slug":"carro-do-prefeito-de-vargem-alegre-e-incendiado-na-zona-rural-do-municipio","status":"publish","type":"post","link":"https:\/\/aconteceunovale.com.br\/portal\/?p=40672","title":{"rendered":"Carro do prefeito de Vargem Alegre \u00e9 incendiado na zona rural do munic\u00edpio"},"content":{"rendered":"<h4><strong><em>Pr\u00f3ximo ao carro incendiado a PM encontrou um isqueiro e querosene. Dono do carro ouviu um estouro, saiu e encontrou o carro em chamas.<\/em><\/strong><\/h4>\n<p>Um ve\u00edculo utilizado pelo prefeito de Vargem Alegre, no Leste de Minas Gerais, foi incendiado na noite de quarta-feira (24), no C\u00f3rrego do Rochedo, zona rural do munic\u00edpio. Segundo informa\u00e7\u00f5es da Pol\u00edcia Militar, Jaconias de Almeida Franco J\u00fanior, relatou que deixou o carro estacionado pr\u00f3ximo a uma casa, onde participaria de um evento.<\/p>\n<p><img decoding=\"async\" src=\"http:\/\/aconteceunovale.com.br\/portal\/wp-content\/uploads\/2014\/09\/carro_prefeito_vargem_alegre.jpg\" alt=\"\" \/><em>(Carro utilizado pelo prefeito ficou totalmente destru\u00eddo &#8211; Foto: Super Canal)<\/em><br \/>\n<\/br><\/p>\n<p>Ainda de acordo com a pol\u00edcia, passados 20 minutos, o dono do ve\u00edculo e os demais presentes na casa ouviram um estouro vindo de fora da resid\u00eancia. Quando sa\u00edram do im\u00f3vel viram ve\u00edculo j\u00e1 em chamas.<\/p>\n<p>O prefeito n\u00e3o conseguiu visualizar nenhum suspeito pr\u00f3ximo ao local. A per\u00edcia foi acionada, por\u00e9m n\u00e3o compareceu. Os militares disseram tamb\u00e9m que metros a frente de onde o carro foi incendiado, a pol\u00edcia encontrou um isqueiro, uma sacola pl\u00e1stica com odor, aparentemente de querosene e barbantes. <\/p>\n<p>O material encontrado foi apreendido e encaminhado a delegacia de Caratinga. (G1)<\/p>\n","protected":false},"excerpt":{"rendered":"<p>Pr\u00f3ximo ao carro incendiado a PM encontrou um isqueiro e querosene. Dono do carro ouviu um estouro, saiu e encontrou o carro em chamas. Um ve\u00edculo utilizado pelo prefeito de Vargem Alegre, no Leste de Minas Gerais, foi incendiado na noite de quarta-feira (24), no C\u00f3rrego do Rochedo, zona rural do munic\u00edpio. Segundo informa\u00e7\u00f5es da [&hellip;]<\/p>\n","protected":false},"author":1,"featured_media":40673,"comment_status":"open","ping_status":"closed","sticky":false,"template":"","format":"standard","meta":{"amp_status":"","footnotes":""},"categories":[121],"tags":[16743,1018,16745,16744,1106],"class_list":["post-40672","post","type-post","status-publish","format-standard","has-post-thumbnail","hentry","category-leste","tag-carro-do-prefeito-de-vargem-alegre-e-incendiado-na-zona-rural-do-municipio","tag-destaque","tag-jaconias-de-almeida-franco-junior","tag-juninho-de-jaconias","tag-vargem-alegre"],"_links":{"self":[{"href":"https:\/\/aconteceunovale.com.br\/portal\/index.php?rest_route=\/wp\/v2\/posts\/40672","targetHints":{"allow":["GET"]}}],"collection":[{"href":"https:\/\/aconteceunovale.com.br\/portal\/index.php?rest_route=\/wp\/v2\/posts"}],"about":[{"href":"https:\/\/aconteceunovale.com.br\/portal\/index.php?rest_route=\/wp\/v2\/types\/post"}],"author":[{"embeddable":true,"href":"https:\/\/aconteceunovale.com.br\/portal\/index.php?rest_route=\/wp\/v2\/users\/1"}],"replies":[{"embeddable":true,"href":"https:\/\/aconteceunovale.com.br\/portal\/index.php?rest_route=%2Fwp%2Fv2%2Fcomments&post=40672"}],"version-history":[{"count":0,"href":"https:\/\/aconteceunovale.com.br\/portal\/index.php?rest_route=\/wp\/v2\/posts\/40672\/revisions"}],"wp:featuredmedia":[{"embeddable":true,"href":"https:\/\/aconteceunovale.com.br\/portal\/index.php?rest_route=\/wp\/v2\/media\/40673"}],"wp:attachment":[{"href":"https:\/\/aconteceunovale.com.br\/portal\/index.php?rest_route=%2Fwp%2Fv2%2Fmedia&parent=40672"}],"wp:term":[{"taxonomy":"category","embeddable":true,"href":"https:\/\/aconteceunovale.com.br\/portal\/index.php?rest_route=%2Fwp%2Fv2%2Fcategories&post=40672"},{"taxonomy":"post_tag","embeddable":true,"href":"https:\/\/aconteceunovale.com.br\/portal\/index.php?rest_route=%2Fwp%2Fv2%2Ftags&post=40672"}],"curies":[{"name":"wp","href":"https:\/\/api.w.org\/{rel}","templated":true}]}}