{"id":40601,"date":"2014-09-24T11:26:08","date_gmt":"2014-09-24T14:26:08","guid":{"rendered":"http:\/\/aconteceunovale.com.br\/portal\/?p=40601"},"modified":"2014-09-24T11:26:08","modified_gmt":"2014-09-24T14:26:08","slug":"homem-diz-que-estava-querendo-tomar-sangue-ataca-policiais-e-e-baleado-em-pote","status":"publish","type":"post","link":"https:\/\/aconteceunovale.com.br\/portal\/?p=40601","title":{"rendered":"Homem diz que estava querendo tomar sangue, ataca policiais e \u00e9 baleado em Pot\u00e9"},"content":{"rendered":"<h4><strong><em>Autor estava exaltado e investiu contra os policiais. Ele foi baleado na m\u00e3o direita.<\/em><\/strong><\/h4>\n<p>Um homem de 26 anos foi baleado no in\u00edcio da tarde de ter\u00e7a-feira, 23 de setembro, na regi\u00e3o central de Pot\u00e9, no Vale do Mucuri. De acordo com o registro de ocorr\u00eancia da Pol\u00edcia Militar, a corpora\u00e7\u00e3o foi acionada via 190 com a informa\u00e7\u00e3o de que O.J.V.B. estaria nas imedia\u00e7\u00f5es da rua Ven\u00e2ncio Rodrigues, pr\u00f3ximo ao Posto Tropical, aparentemente transtornado e portando uma faca. O denunciante ainda informou que ele dizia que iria matar.<\/p>\n<p>De imediato uma guarni\u00e7\u00e3o policial foi enviada ao local, ao ser questionado sobre sua atitude, o homem alegou que ningu\u00e9m iria tomar a faca dele, vindo a retir\u00e1-la da cintura. Os militares tentaram verbalizar com o indiv\u00edduo, e ordenou que ele soltasse a faca, por\u00e9m a ordem foi desacatada. O homem ainda dizia que estava doido, querendo tomar sangue e que iria sangrar algu\u00e9m de qualquer jeito.<\/p>\n<p>Os militares solicitaram refor\u00e7o de uma equipe armada com pistola taser, para conter o indiv\u00edduo, que come\u00e7ou a se deslocar pela rua Ven\u00e2ncio Rodrigues, sendo acompanhado visualmente pelos policiais. Em dado momento, o indiv\u00edduo totalmente exaltado, disse que n\u00e3o tinha medo dos militares, vindo a correr em dire\u00e7\u00e3o a um deles, com a faca em punho. <\/p>\n<p>O homem foi ordenado a parar por v\u00e1rias vezes, por\u00e9m ignorou. Ao perceberem a amea\u00e7a contra suas vidas, os militares efetuaram disparos na m\u00e3o direita do indiv\u00edduo, na qual estava a faca. Ap\u00f3s ser atingido, o autor desistiu de investir contra os militares e evadiu em dire\u00e7\u00e3o a sua resid\u00eancia.<\/p>\n<p>Ap\u00f3s intensa verbaliza\u00e7\u00e3o e ao perceberem que o autor havia soltado a faca e se deitado no ch\u00e3o, os militares adentraram na resid\u00eancia e prenderam O.J.V.B., que foi encaminhado ao Hospital S\u00e3o Vicente de Paulo, em Pot\u00e9, por uma ambul\u00e2ncia que j\u00e1 se encontrava no local.<\/p>\n<p>As armas dos militares utilizadas na a\u00e7\u00e3o foram recolhidas. A faca foi apreendida e o autor permaneceu no hospital sob cuidados m\u00e9dicos.<\/p>\n","protected":false},"excerpt":{"rendered":"<p>Autor estava exaltado e investiu contra os policiais. Ele foi baleado na m\u00e3o direita. Um homem de 26 anos foi baleado no in\u00edcio da tarde de ter\u00e7a-feira, 23 de setembro, na regi\u00e3o central de Pot\u00e9, no Vale do Mucuri. De acordo com o registro de ocorr\u00eancia da Pol\u00edcia Militar, a corpora\u00e7\u00e3o foi acionada via 190 [&hellip;]<\/p>\n","protected":false},"author":1,"featured_media":40602,"comment_status":"open","ping_status":"closed","sticky":false,"template":"","format":"standard","meta":{"amp_status":"","footnotes":""},"categories":[122],"tags":[16684,16683,3139,164],"class_list":["post-40601","post","type-post","status-publish","format-standard","has-post-thumbnail","hentry","category-mucuri","tag-homem-diz-que-estava-querendo-tomar-sangue-ataca-policiais-e-e-baleado-em-pote","tag-odair-jose-vieira-barroso","tag-pote","tag-teofilo-otoni"],"_links":{"self":[{"href":"https:\/\/aconteceunovale.com.br\/portal\/index.php?rest_route=\/wp\/v2\/posts\/40601","targetHints":{"allow":["GET"]}}],"collection":[{"href":"https:\/\/aconteceunovale.com.br\/portal\/index.php?rest_route=\/wp\/v2\/posts"}],"about":[{"href":"https:\/\/aconteceunovale.com.br\/portal\/index.php?rest_route=\/wp\/v2\/types\/post"}],"author":[{"embeddable":true,"href":"https:\/\/aconteceunovale.com.br\/portal\/index.php?rest_route=\/wp\/v2\/users\/1"}],"replies":[{"embeddable":true,"href":"https:\/\/aconteceunovale.com.br\/portal\/index.php?rest_route=%2Fwp%2Fv2%2Fcomments&post=40601"}],"version-history":[{"count":0,"href":"https:\/\/aconteceunovale.com.br\/portal\/index.php?rest_route=\/wp\/v2\/posts\/40601\/revisions"}],"wp:featuredmedia":[{"embeddable":true,"href":"https:\/\/aconteceunovale.com.br\/portal\/index.php?rest_route=\/wp\/v2\/media\/40602"}],"wp:attachment":[{"href":"https:\/\/aconteceunovale.com.br\/portal\/index.php?rest_route=%2Fwp%2Fv2%2Fmedia&parent=40601"}],"wp:term":[{"taxonomy":"category","embeddable":true,"href":"https:\/\/aconteceunovale.com.br\/portal\/index.php?rest_route=%2Fwp%2Fv2%2Fcategories&post=40601"},{"taxonomy":"post_tag","embeddable":true,"href":"https:\/\/aconteceunovale.com.br\/portal\/index.php?rest_route=%2Fwp%2Fv2%2Ftags&post=40601"}],"curies":[{"name":"wp","href":"https:\/\/api.w.org\/{rel}","templated":true}]}}