{"id":40593,"date":"2014-09-24T10:29:53","date_gmt":"2014-09-24T13:29:53","guid":{"rendered":"http:\/\/aconteceunovale.com.br\/portal\/?p=40593"},"modified":"2014-09-24T10:29:53","modified_gmt":"2014-09-24T13:29:53","slug":"ibama-desconsidera-alertas-e-libera-funcionamento-do-mineroduto-minas-rio","status":"publish","type":"post","link":"https:\/\/aconteceunovale.com.br\/portal\/?p=40593","title":{"rendered":"Ibama desconsidera alertas e libera funcionamento do Mineroduto Minas-Rio"},"content":{"rendered":"<h4><em><strong>Sinal verde para a mina, em Concei\u00e7\u00e3o do Mato Dentro, pode ser dado na pr\u00f3xima segunda-feira<\/strong><\/em><\/h4>\n<p>O Ibama concedeu nesta ter\u00e7a (23) a licen\u00e7a de opera\u00e7\u00e3o para o mineroduto Minas-Rio, da Anglo American, que vai levar min\u00e9rio de Concei\u00e7\u00e3o do Mato Dentro (MG) a S\u00e3o Jo\u00e3o da Barra (RJ). O documento foi publicado no site do Ibama, \u00e9 assinado pelo presidente do \u00f3rg\u00e3o, Volney Zanardi Junior e v\u00e1lido por seis anos.<\/p>\n<p><img decoding=\"async\" src=\"http:\/\/aconteceunovale.com.br\/portal\/wp-content\/uploads\/2014\/09\/mineroduto_minas_rio_1.jpg\" alt=\"\" \/><em>Constru\u00e7\u00e3o do mineroduto trouxe v\u00e1rios impactos sociais e ambientais pelas 32 cidades cortadas por ele &#8211; Foto: Mariela Guimar\u00e3es \/ Jornal O Tempo<\/em><br \/>\n<\/br><\/p>\n<p>Para emitir a licen\u00e7a, o Ibama desconsiderou os relatos dos \u00f3rg\u00e3os que acompanham o projeto, como o Minist\u00e9rio P\u00fablico e o Grupo de Estudos em Tem\u00e1ticos Ambientais (Gesta), da UFMG, que apontam problemas na obra. \u201cExistem muitos problemas no empreendimento como um todo. \u00c9 um descalabro\u201d, diz a pesquisadora do Gesta\/UFMG, Ana Fl\u00e1via Santos.<\/p>\n<p>A crise h\u00eddrica, que amea\u00e7a o abastecimento de \u00e1gua e energia do pa\u00eds, tamb\u00e9m n\u00e3o impediu o licenciamento. Para funcionar, o empreendimento vai precisar de 2,5 milh\u00f5es de litros de \u00e1gua por hora. A outorga para a capta\u00e7\u00e3o j\u00e1 foi concedida pelo Instituto Mineiro de Gest\u00e3o das \u00c1guas (Igam). A \u00e1gua sair\u00e1 do rio do Peixe e \u00e9 suficiente para abastecer cerca de 393 mil pessoas, o equivalente \u00e0 popula\u00e7\u00e3o de Montes Claros, no Norte de Minas. O c\u00e1lculo leva em considera\u00e7\u00e3o o consumo de 152,6 litros por dia para cada habitante. Esse foi o consumo m\u00e9dio do pa\u00eds nos \u00faltimos tr\u00eas anos, de acordo com o Sistema Nacional de Informa\u00e7\u00f5es sobre o Saneamento (Snis), publicado pelo Minist\u00e9rio das Cidades.<\/p>\n<p><strong><\/p>\n<h4>Licenciamento da mina<\/h4>\n<p><\/strong><\/p>\n<p>A licen\u00e7a de opera\u00e7\u00e3o \u00e9 a \u00faltima etapa do processo de licenciamento ambiental de um empreendimento. Antes dela, \u00e9 preciso ter a licen\u00e7a pr\u00e9via e a licen\u00e7a de instala\u00e7\u00e3o. Al\u00e9m do mineroduto, o projeto Minas-Rio tem ainda a mina, o porto e as torres de energia que precisam cumprir a \u00faltima etapa do licenciamento. Cada parte est\u00e1 a cargo de um \u00f3rg\u00e3o diferente.<\/p>\n<p>O licenciamento da mina ser\u00e1 discutido em reuni\u00e3o da Superintend\u00eancia Regional do Meio Ambiente (Supram) Jequitinhonha, ligada \u00e0 Secretaria de Estado do Meio Ambiente de Minas Gerais, na pr\u00f3xima segunda-feira. A aprecia\u00e7\u00e3o foi adiada por 15 dias porque o Minist\u00e9rio P\u00fablico Estadual pediu vistas ao processo.<\/p>\n<p>O Minist\u00e9rio P\u00fablico Federal (MPF) expediu uma recomenda\u00e7\u00e3o contra a concess\u00e3o da licen\u00e7a. \u201cA Supram n\u00e3o fiscalizou o cumprimento das condicionantes\u201d, diz o procurador Helder Magno da Silva, que assina o documento. O Gesta\/UFMG tamb\u00e9m alega que h\u00e1 mais de 400 condicionantes a serem cumpridas antes do licenciamento. <\/p>\n<h4><strong>Peixes morrem ap\u00f3s carregamento teste<\/strong><\/h4>\n<p>No fim de agosto foi registrada uma mortandade de peixes no c\u00f3rrego Passa Sete, em Concei\u00e7\u00e3o do Mato Dentro. O fato ocorreu dias ap\u00f3s a Anglo American realizar o primeiro carregamento no Minas-Rio, como teste. De acordo com o procurador do Minist\u00e9rio P\u00fablico Federal (MPF), Helder Magno da Silva, a causa do problema n\u00e3o foi apurada pelo Ibama antes da concess\u00e3o da licen\u00e7a ao empreendimento. \u201cN\u00e3o tem nenhum fato que pudesse causar essa mortalidade que n\u00e3o seja uma contamina\u00e7\u00e3o decorrente do empreendimento\u201d, afirma.<\/p>\n<p><img decoding=\"async\" src=\"http:\/\/aconteceunovale.com.br\/portal\/wp-content\/uploads\/2014\/09\/mineroduto_minas_rio_2.jpg\" alt=\"\" \/><em>Testes com o mineroduto teriam matado peixes no c\u00f3rrego Passa Sete &#8211; Foto: Movimento dos Atingidos<\/em><br \/>\n<\/br><\/p>\n<p><em><strong>(O Tempo)<\/strong><\/em><\/p>\n","protected":false},"excerpt":{"rendered":"<p>Sinal verde para a mina, em Concei\u00e7\u00e3o do Mato Dentro, pode ser dado na pr\u00f3xima segunda-feira O Ibama concedeu nesta ter\u00e7a (23) a licen\u00e7a de opera\u00e7\u00e3o para o mineroduto Minas-Rio, da Anglo American, que vai levar min\u00e9rio de Concei\u00e7\u00e3o do Mato Dentro (MG) a S\u00e3o Jo\u00e3o da Barra (RJ). O documento foi publicado no site [&hellip;]<\/p>\n","protected":false},"author":1,"featured_media":40595,"comment_status":"open","ping_status":"closed","sticky":false,"template":"","format":"standard","meta":{"amp_status":"","footnotes":""},"categories":[123],"tags":[537,628,1018,16678,16676,16675,16677],"class_list":["post-40593","post","type-post","status-publish","format-standard","has-post-thumbnail","hentry","category-gerais","tag-anglo-american","tag-conceicao-do-mato-dentro","tag-destaque","tag-ibama-desconsidera-alertas-e-libera-funcionamento-do-mineroduto-minas-rio","tag-licenca-de-operacao-para-o-mineroduto-minas-rio","tag-mineroduto-minas-rio","tag-sao-joao-da-barra"],"_links":{"self":[{"href":"https:\/\/aconteceunovale.com.br\/portal\/index.php?rest_route=\/wp\/v2\/posts\/40593","targetHints":{"allow":["GET"]}}],"collection":[{"href":"https:\/\/aconteceunovale.com.br\/portal\/index.php?rest_route=\/wp\/v2\/posts"}],"about":[{"href":"https:\/\/aconteceunovale.com.br\/portal\/index.php?rest_route=\/wp\/v2\/types\/post"}],"author":[{"embeddable":true,"href":"https:\/\/aconteceunovale.com.br\/portal\/index.php?rest_route=\/wp\/v2\/users\/1"}],"replies":[{"embeddable":true,"href":"https:\/\/aconteceunovale.com.br\/portal\/index.php?rest_route=%2Fwp%2Fv2%2Fcomments&post=40593"}],"version-history":[{"count":0,"href":"https:\/\/aconteceunovale.com.br\/portal\/index.php?rest_route=\/wp\/v2\/posts\/40593\/revisions"}],"wp:featuredmedia":[{"embeddable":true,"href":"https:\/\/aconteceunovale.com.br\/portal\/index.php?rest_route=\/wp\/v2\/media\/40595"}],"wp:attachment":[{"href":"https:\/\/aconteceunovale.com.br\/portal\/index.php?rest_route=%2Fwp%2Fv2%2Fmedia&parent=40593"}],"wp:term":[{"taxonomy":"category","embeddable":true,"href":"https:\/\/aconteceunovale.com.br\/portal\/index.php?rest_route=%2Fwp%2Fv2%2Fcategories&post=40593"},{"taxonomy":"post_tag","embeddable":true,"href":"https:\/\/aconteceunovale.com.br\/portal\/index.php?rest_route=%2Fwp%2Fv2%2Ftags&post=40593"}],"curies":[{"name":"wp","href":"https:\/\/api.w.org\/{rel}","templated":true}]}}