{"id":40590,"date":"2014-09-24T10:02:37","date_gmt":"2014-09-24T13:02:37","guid":{"rendered":"http:\/\/aconteceunovale.com.br\/portal\/?p=40590"},"modified":"2014-09-24T10:02:37","modified_gmt":"2014-09-24T13:02:37","slug":"plantao-samu-macro-norte-23-de-setembro-montes-clarosmg","status":"publish","type":"post","link":"https:\/\/aconteceunovale.com.br\/portal\/?p=40590","title":{"rendered":"Plant\u00e3o SAMU Macro Norte \u2013 23 de setembro \u2013 Montes Claros\/MG"},"content":{"rendered":"<h4><strong><em>Ter\u00e7a-feira, 23 de setembro de 2014<\/em><\/strong><\/h4>\n<p>A unidade do SAMU de Montes Claros realizou na ter\u00e7a-feira, 22\/09, 51 atendimentos, sendo 39 casos cl\u00ednicos e 10 em decorr\u00eancia de por acidente de tr\u00e2nsito, 01 ferimento por arma branca e 01 ferimento por arma de fogo.<\/p>\n<p>Na madrugada de ter\u00e7a para quarta-feira, um homem de 35 anos acionou a unidade do SAMU na Rua 32, Bairro Santo Ant\u00f4nio, onde foi encontrado sentado no ch\u00e3o, consciente e orientado, se queixava de dor na patela direita onde apresentava edema e ferimento. Ele relata ter sido agredido com uma pedra.<\/p>\n<p>\u00c0s 22 horas, uma mulher de 18 anos caiu de moto na Rua Ceanorte, bairro Vilage do Lago. Ela apresentava escoria\u00e7\u00f5es na palma da m\u00e3o e na patela direitas. Um homem de 21 anos, que estava na garupa da moto, apresentava hematoma em crista il\u00edaca direita e contus\u00e3o em patela direita.<\/p>\n<p>\u00c0s 21h16, um homem de 37 anos sofreu agress\u00e3o f\u00edsica na Pra\u00e7a Tancredo Neves, bairro Cidade Nova e apresentava corte contuso na testa com perda de subst\u00e2ncia e exposi\u00e7\u00e3o da calota craniana, com sangramento ativo. Os socorristas fizeram curativo no local para conter o sangramento e o conduziram ao hospital.<\/p>\n<p>\u00c0s 19h44, um homem de 48 anos, que transitava de moto na rua Santa Efig\u00eania, bairro Morrinhos, colidiu com outra moto e foi encontrado sentado no meio-fio, consciente e orientado, apresentando escoria\u00e7\u00f5es no cotovelo e coxas. O condutor da outra moto, de 19 anos, apresentava escoria\u00e7\u00f5es no joelho direito, sem suspeita de fratura.<\/p>\n<p>\u00c0s 19h42, um homem de 45 anos foi ferido por arma de fogo na rua Manuel Souza Brasil, Vila Atl\u00e2ntida. Ele foi atingido na regi\u00e3o lombar, mas estava est\u00e1vel.<\/p>\n<p>\u00c0s 18 horas, um homem de 20 anos caiu de moto na Rua Padre Vieira, bairro S\u00e3o Judas e apresentava escoria\u00e7\u00f5es leves nas pernas, com dor local e cefaleia.<\/p>\n<p>\u00c0s 16h30, um homem de 40 anos caiu de moto na Avenida Mestra Fininha, bairro Jardim S\u00e3o Luiz e deambulava no local, consciente e orientado. Relata ter ca\u00eddo de moto em baixa velocidade, n\u00e3o bateu com a cabe\u00e7a e apresentava pequena escoria\u00e7\u00e3o na perna esquerda e leve edema, sem sinais de fratura, sendo liberado no local, ap\u00f3s receber os cuidados necess\u00e1rios.<\/p>\n<p>Um homem de 57 anos foi atropelado por moto \u00e0s 13h30, na Avenida Deputado Esteves Rodrigues, bairro Melo. Ele transitava de bicicleta e se queixava de dor no ombro direito, sem sinais de fratura, e corte contuso na perna direita.<\/p>\n<p>\u00c0s 7h50, uma mulher de 18 anos que transitava de moto na Avenida Minas Gerais, bairro Renascen\u00e7a, ficou ferido ap\u00f3s colidir contra um cavalo. Ela apresentava movimentos das pernas restritos , sem ferimentos aparentes.<\/p>\n<p>\u00c0s 7h20, a unidade do SAMU foi acionada para atendimento na Rua Rua H, bairro Jardim Alegre (Facela), onde adolescentes da Escola Municipal Laudelina Fonseca teriam sido feridas por arma branca (faca). No local, dois adolescentes foram esfaqueados durante tumulto provocado por tr\u00eas outros adolescentes. Segundo informa\u00e7\u00f5es da Pol\u00edcia Militar, a discuss\u00e3o come\u00e7ou nas redes sociais, onde estudantes da escola trocaram acusa\u00e7\u00f5es, ofendendo as m\u00e3es uns dos outros. Os dois adolescentes feridos foram encaminhados ao hospital com ferimentos no bra\u00e7o.<\/p>\n<p>\u00c0s 6h50, uma jovem de 17 anos caiu de bicicleta na Avenida Independ\u00eancia, bairro Independ\u00eancia e se queixava de dor cervical, sem sinais de fratura.<\/p>\n<p>Em todas as ocorr\u00eancias os feridos receberam os primeiros atendimentos no local e foram encaminhados ao hospital para avalia\u00e7\u00e3o.<\/p>\n","protected":false},"excerpt":{"rendered":"<p>Ter\u00e7a-feira, 23 de setembro de 2014 A unidade do SAMU de Montes Claros realizou na ter\u00e7a-feira, 22\/09, 51 atendimentos, sendo 39 casos cl\u00ednicos e 10 em decorr\u00eancia de por acidente de tr\u00e2nsito, 01 ferimento por arma branca e 01 ferimento por arma de fogo. Na madrugada de ter\u00e7a para quarta-feira, um homem de 35 anos [&hellip;]<\/p>\n","protected":false},"author":1,"featured_media":37592,"comment_status":"open","ping_status":"closed","sticky":false,"template":"","format":"standard","meta":{"amp_status":"","footnotes":""},"categories":[1236],"tags":[16673,13996,210,13995,16672,16674],"class_list":["post-40590","post","type-post","status-publish","format-standard","has-post-thumbnail","hentry","category-norte_de_minas","tag-acidente-em-montes-claros","tag-atendimentos-do-samu-em-montes-claros","tag-montes-claros","tag-plantao-samu-macro-norte","tag-plantao-samu-macro-norte-23-de-setembro-montes-clarosmg","tag-registros-de-acidentes-em-montes-claros"],"_links":{"self":[{"href":"https:\/\/aconteceunovale.com.br\/portal\/index.php?rest_route=\/wp\/v2\/posts\/40590","targetHints":{"allow":["GET"]}}],"collection":[{"href":"https:\/\/aconteceunovale.com.br\/portal\/index.php?rest_route=\/wp\/v2\/posts"}],"about":[{"href":"https:\/\/aconteceunovale.com.br\/portal\/index.php?rest_route=\/wp\/v2\/types\/post"}],"author":[{"embeddable":true,"href":"https:\/\/aconteceunovale.com.br\/portal\/index.php?rest_route=\/wp\/v2\/users\/1"}],"replies":[{"embeddable":true,"href":"https:\/\/aconteceunovale.com.br\/portal\/index.php?rest_route=%2Fwp%2Fv2%2Fcomments&post=40590"}],"version-history":[{"count":0,"href":"https:\/\/aconteceunovale.com.br\/portal\/index.php?rest_route=\/wp\/v2\/posts\/40590\/revisions"}],"wp:featuredmedia":[{"embeddable":true,"href":"https:\/\/aconteceunovale.com.br\/portal\/index.php?rest_route=\/wp\/v2\/media\/37592"}],"wp:attachment":[{"href":"https:\/\/aconteceunovale.com.br\/portal\/index.php?rest_route=%2Fwp%2Fv2%2Fmedia&parent=40590"}],"wp:term":[{"taxonomy":"category","embeddable":true,"href":"https:\/\/aconteceunovale.com.br\/portal\/index.php?rest_route=%2Fwp%2Fv2%2Fcategories&post=40590"},{"taxonomy":"post_tag","embeddable":true,"href":"https:\/\/aconteceunovale.com.br\/portal\/index.php?rest_route=%2Fwp%2Fv2%2Ftags&post=40590"}],"curies":[{"name":"wp","href":"https:\/\/api.w.org\/{rel}","templated":true}]}}