{"id":40577,"date":"2014-09-24T00:10:45","date_gmt":"2014-09-24T03:10:45","guid":{"rendered":"http:\/\/aconteceunovale.com.br\/portal\/?p=40577"},"modified":"2014-09-24T00:10:45","modified_gmt":"2014-09-24T03:10:45","slug":"acusado-de-estuprar-e-matar-crianca-durante-festa-em-itaobim-e-condenado-a-25-anos-de-prisao","status":"publish","type":"post","link":"https:\/\/aconteceunovale.com.br\/portal\/?p=40577","title":{"rendered":"Acusado de estuprar e matar crian\u00e7a durante festa em Itaobim \u00e9 condenado a 25 anos de pris\u00e3o"},"content":{"rendered":"<h4><strong><em>Emilly Daniely Marques Lima, de 9 anos, foi assassinada em janeiro deste ano. Autor foi preso no mesmo dia e confessou o crime.<\/em><\/strong><\/h4>\n<p>O autor de um crime b\u00e1rbaro, que chocou as cidades de Medina e Itaobim, no Vale do Jequitinhonha, foi condenado a 25 anos de pris\u00e3o nesta ter\u00e7a-feira, 23 de setembro. O julgamento de Gislandio Rodrigues Esteves, de 32 anos, foi realizado no F\u00f3rum de Medina e foi acompanhado por centenas de pessoas que clamavam por justi\u00e7a.<\/p>\n<p><img decoding=\"async\" src=\"http:\/\/aconteceunovale.com.br\/portal\/wp-content\/uploads\/2014\/01\/emile_marques_estupadra_em_itaobim.jpg\" alt=\"\" \/><em>(Emilly Daniely Marques Lima tinha 9 anos de idade \u2013 Foto: \u00c1lbum da Fam\u00edlia)<\/em><br \/>\n<\/br><\/p>\n<p>Gislandio estuprou e estrangulou a menina Emilly Daniely Marques Lima, de 9 anos, no dia 26 de janeiro deste ano. O crime foi cometido durante uma festa na Fazenda Cilindro, na zona rural de Itaobim.<\/p>\n<p>O criminoso atraiu a crian\u00e7a para um matagal e cometeu o crime. Ele foi preso no mesmo dia, no Bairro Vila Rica, em Itaobim. Em conversa com os policiais militares, ele confessou a morte da menor e disse que teria usado drogas e bebida alco\u00f3lica.<\/p>\n<p>Nesta ter\u00e7a-feira, o autor foi julgado e condenado a 25 anos de pris\u00e3o. Familiares e amigos ficaram indignados com a senten\u00e7a. &#8220;Estou indignada, a pena de 25 anos \u00e9 muito pouco para esse monstro. Espero que ele cumpra toda a pena sem direito a liberdade.&#8221;, desabafou um familiar de Emily. <\/p>\n<p><img decoding=\"async\" src=\"http:\/\/aconteceunovale.com.br\/portal\/wp-content\/uploads\/2014\/09\/caso_emily_3.jpg\" alt=\"\" \/><em>(Autor do crime foi condenado a 25 anos de pris\u00e3o &#8211; Foto: Reprodu\u00e7\u00e3o\/Facebook)<\/em><br \/>\n<\/br><\/p>\n<p><img decoding=\"async\" src=\"http:\/\/aconteceunovale.com.br\/portal\/wp-content\/uploads\/2014\/09\/caso_emily_1.jpg\" alt=\"\" \/><em>(Familiares e amigos da menina Emilly se reuniram na porta do F\u00f3rum &#8211; Foto: Reprodu\u00e7\u00e3o\/Facebook)<\/em><br \/>\n<\/br><\/p>\n<p><img decoding=\"async\" src=\"http:\/\/aconteceunovale.com.br\/portal\/wp-content\/uploads\/2014\/09\/caso_emily_2.jpg\" alt=\"\" \/><em>(Cartazes expostos pelos amigos e familiares da v\u00edtima &#8211; Foto: Reprodu\u00e7\u00e3o\/Facebook)<\/em><\/p>\n","protected":false},"excerpt":{"rendered":"<p>Emilly Daniely Marques Lima, de 9 anos, foi assassinada em janeiro deste ano. Autor foi preso no mesmo dia e confessou o crime. O autor de um crime b\u00e1rbaro, que chocou as cidades de Medina e Itaobim, no Vale do Jequitinhonha, foi condenado a 25 anos de pris\u00e3o nesta ter\u00e7a-feira, 23 de setembro. O julgamento [&hellip;]<\/p>\n","protected":false},"author":1,"featured_media":40580,"comment_status":"open","ping_status":"closed","sticky":false,"template":"","format":"standard","meta":{"amp_status":"","footnotes":""},"categories":[120],"tags":[16663,1018,16665,16664,3589,391,389],"class_list":["post-40577","post","type-post","status-publish","format-standard","has-post-thumbnail","hentry","category-jequi","tag-acusado-de-estuprar-e-matar-crianca-durante-festa-em-itaobim-e-condenado-a-25-anos-de-prisao","tag-destaque","tag-emilly-daniely-marques-lima","tag-emily-daniele-marques-lima","tag-gislandio-rodrigues-esteves","tag-itaobim","tag-medina"],"_links":{"self":[{"href":"https:\/\/aconteceunovale.com.br\/portal\/index.php?rest_route=\/wp\/v2\/posts\/40577","targetHints":{"allow":["GET"]}}],"collection":[{"href":"https:\/\/aconteceunovale.com.br\/portal\/index.php?rest_route=\/wp\/v2\/posts"}],"about":[{"href":"https:\/\/aconteceunovale.com.br\/portal\/index.php?rest_route=\/wp\/v2\/types\/post"}],"author":[{"embeddable":true,"href":"https:\/\/aconteceunovale.com.br\/portal\/index.php?rest_route=\/wp\/v2\/users\/1"}],"replies":[{"embeddable":true,"href":"https:\/\/aconteceunovale.com.br\/portal\/index.php?rest_route=%2Fwp%2Fv2%2Fcomments&post=40577"}],"version-history":[{"count":0,"href":"https:\/\/aconteceunovale.com.br\/portal\/index.php?rest_route=\/wp\/v2\/posts\/40577\/revisions"}],"wp:featuredmedia":[{"embeddable":true,"href":"https:\/\/aconteceunovale.com.br\/portal\/index.php?rest_route=\/wp\/v2\/media\/40580"}],"wp:attachment":[{"href":"https:\/\/aconteceunovale.com.br\/portal\/index.php?rest_route=%2Fwp%2Fv2%2Fmedia&parent=40577"}],"wp:term":[{"taxonomy":"category","embeddable":true,"href":"https:\/\/aconteceunovale.com.br\/portal\/index.php?rest_route=%2Fwp%2Fv2%2Fcategories&post=40577"},{"taxonomy":"post_tag","embeddable":true,"href":"https:\/\/aconteceunovale.com.br\/portal\/index.php?rest_route=%2Fwp%2Fv2%2Ftags&post=40577"}],"curies":[{"name":"wp","href":"https:\/\/api.w.org\/{rel}","templated":true}]}}