{"id":40572,"date":"2014-09-23T21:57:22","date_gmt":"2014-09-24T00:57:22","guid":{"rendered":"http:\/\/aconteceunovale.com.br\/portal\/?p=40572"},"modified":"2014-09-24T18:15:26","modified_gmt":"2014-09-24T21:15:26","slug":"cerca-de-cinco-mil-pessoas-participaram-de-evento-gospel-em-capelinha","status":"publish","type":"post","link":"https:\/\/aconteceunovale.com.br\/portal\/?p=40572","title":{"rendered":"Cerca de cinco mil pessoas participaram de evento Gospel em Capelinha"},"content":{"rendered":"<p>Mais de cinco mil pessoas participaram na noite do \u00faltimo s\u00e1bado, dia 20, no Parque de Exposi\u00e7\u00f5es de Capelinha, do show com o cantor Gospel Kleber Lucas em comemora\u00e7\u00e3o ao Dia do Evang\u00e9lico. O Evento foi promovido pelo Conselho de Pastores de Capelinha em parceria com Prefeitura Municipal. <\/p>\n<p>Durante a abertura do Evento, lideran\u00e7as evang\u00e9licas de Capelinha e regi\u00e3o reuniram-se em um momento de celebra\u00e7\u00e3o e comemora\u00e7\u00e3o pela realiza\u00e7\u00e3o do evento, seguido de um grande show pirot\u00e9cnico.<\/p>\n<p><img decoding=\"async\" src=\"http:\/\/aconteceunovale.com.br\/portal\/wp-content\/uploads\/2014\/09\/evento_gospel_capelinha.jpg\" alt=\"\" \/><em>(Cerca de cinco mil pessoas participaram de evento &#8211; Foto: Weric Barrinha\/Sou Mais Minas)<\/em><br \/>\n<\/br><\/p>\n<p>De acordo com o Presidente do Conselho de Pastores, Pastor Wilson Gomes, a realiza\u00e7\u00e3o da Festa \u00e9 o resultado da aten\u00e7\u00e3o que a prefeitura de Capelinha tem dado \u00e0 Comunidade Evang\u00e9lica da Cidade. J\u00e1 a administra\u00e7\u00e3o municipal afirmou que esta foi a primeira festa Gospel oficial e que, a partir de agora, independentemente do prefeito que estiver \u00e0 frente do munic\u00edpio, o evento ser\u00e1 realizado anualmente todo 3\u00ba s\u00e1bado do m\u00eas de Setembro.<\/p>\n<p>Ao todo, a Prefeitura de Capelinha investiu R$ 70 mil reais para a realiza\u00e7\u00e3o do evento. O Dia do Evang\u00e9lico foi institu\u00eddo pela Lei Municipal 1825\/2013, sancionado em 25 de outubro de 2013, que incluiu a festa no calend\u00e1rio anual de eventos do munic\u00edpio. <\/p>\n<p><em>(Fonte: Ascom Prefeitura de Capelinha)<\/em><\/p>\n","protected":false},"excerpt":{"rendered":"<p>Mais de cinco mil pessoas participaram na noite do \u00faltimo s\u00e1bado, dia 20, no Parque de Exposi\u00e7\u00f5es de Capelinha, do show com o cantor Gospel Kleber Lucas em comemora\u00e7\u00e3o ao Dia do Evang\u00e9lico. O Evento foi promovido pelo Conselho de Pastores de Capelinha em parceria com Prefeitura Municipal. Durante a abertura do Evento, lideran\u00e7as evang\u00e9licas [&hellip;]<\/p>\n","protected":false},"author":1,"featured_media":40573,"comment_status":"open","ping_status":"closed","sticky":false,"template":"","format":"standard","meta":{"amp_status":"","footnotes":""},"categories":[125],"tags":[132,16659,16662,16661,16660],"class_list":["post-40572","post","type-post","status-publish","format-standard","has-post-thumbnail","hentry","category-noticias","tag-capelinha","tag-cerca-de-cinco-mil-pessoas-participaram-de-evento-gospel-em-capelinha","tag-dia-do-evangelico","tag-kleber-lucas","tag-show-com-o-cantor-gospel-kleber-lucas-em-comemoracao-ao-dia-do-evangelico-em-capelinha"],"_links":{"self":[{"href":"https:\/\/aconteceunovale.com.br\/portal\/index.php?rest_route=\/wp\/v2\/posts\/40572","targetHints":{"allow":["GET"]}}],"collection":[{"href":"https:\/\/aconteceunovale.com.br\/portal\/index.php?rest_route=\/wp\/v2\/posts"}],"about":[{"href":"https:\/\/aconteceunovale.com.br\/portal\/index.php?rest_route=\/wp\/v2\/types\/post"}],"author":[{"embeddable":true,"href":"https:\/\/aconteceunovale.com.br\/portal\/index.php?rest_route=\/wp\/v2\/users\/1"}],"replies":[{"embeddable":true,"href":"https:\/\/aconteceunovale.com.br\/portal\/index.php?rest_route=%2Fwp%2Fv2%2Fcomments&post=40572"}],"version-history":[{"count":0,"href":"https:\/\/aconteceunovale.com.br\/portal\/index.php?rest_route=\/wp\/v2\/posts\/40572\/revisions"}],"wp:featuredmedia":[{"embeddable":true,"href":"https:\/\/aconteceunovale.com.br\/portal\/index.php?rest_route=\/wp\/v2\/media\/40573"}],"wp:attachment":[{"href":"https:\/\/aconteceunovale.com.br\/portal\/index.php?rest_route=%2Fwp%2Fv2%2Fmedia&parent=40572"}],"wp:term":[{"taxonomy":"category","embeddable":true,"href":"https:\/\/aconteceunovale.com.br\/portal\/index.php?rest_route=%2Fwp%2Fv2%2Fcategories&post=40572"},{"taxonomy":"post_tag","embeddable":true,"href":"https:\/\/aconteceunovale.com.br\/portal\/index.php?rest_route=%2Fwp%2Fv2%2Ftags&post=40572"}],"curies":[{"name":"wp","href":"https:\/\/api.w.org\/{rel}","templated":true}]}}