{"id":40570,"date":"2014-09-23T21:38:29","date_gmt":"2014-09-24T00:38:29","guid":{"rendered":"http:\/\/aconteceunovale.com.br\/portal\/?p=40570"},"modified":"2014-09-23T21:40:20","modified_gmt":"2014-09-24T00:40:20","slug":"justica-determina-suspensao-de-documento-ambiental-para-mineracao-em-morro-do-pilar","status":"publish","type":"post","link":"https:\/\/aconteceunovale.com.br\/portal\/?p=40570","title":{"rendered":"Justi\u00e7a determina suspens\u00e3o de documento ambiental para minera\u00e7\u00e3o em Morro do Pilar"},"content":{"rendered":"<h4><em><strong>Decis\u00e3o da Justi\u00e7a Federal busca evitar a ocorr\u00eancia de danos irrevers\u00edveis para o meio ambiente, o que poderia ocorrer com a supress\u00e3o de mata atl\u00e2ntica<\/strong><\/em><\/h4>\n<p>Atendendo a pedido do Minist\u00e9rio P\u00fablico de Minas Gerais (MPMG), a 3\u00aa Vara da Justi\u00e7a Federal da Se\u00e7\u00e3o Judici\u00e1ria de Belo Horizonte determinou a suspens\u00e3o da validade da anu\u00eancia pr\u00e9via expedida em favor da empresa de minera\u00e7\u00e3o Morro do Pilar Minerais S.A., subsidi\u00e1ria da Manabi S.A., pelo Instituto Brasileiro do Meio Ambiente e dos Recursos Naturais Renov\u00e1veis (Ibama). O \u00f3rg\u00e3o ambiental havia concordado com a instala\u00e7\u00e3o de empreendimento miner\u00e1rio no munic\u00edpio de Morro do Pilar, que fica na microrregi\u00e3o de Concei\u00e7\u00e3o do Mato Dentro. O julgamento foi realizado na semana passada, no dia 18 de setembro.<\/p>\n<p>Na a\u00e7\u00e3o cautelar ajuizada pelo MPMG, a institui\u00e7\u00e3o aponta que o documento expedido pelo Ibama representa a concord\u00e2ncia do \u00f3rg\u00e3o com a supress\u00e3o de mais de 1.200 hectares de vegeta\u00e7\u00e3o pertencente ao bioma mata atl\u00e2ntica. Al\u00e9m disso, de acordo com o MPMG, o procedimento administrativo que culminou na anu\u00eancia pr\u00e9via (n.\u00ba 6\/2014) n\u00e3o continha informa\u00e7\u00f5es essenciais acerca da \u00e1rea que seria desmatada, incluindo dados relacionados a locais em que a legisla\u00e7\u00e3o pro\u00edbe o desmatamento.<\/p>\n<p>A Justi\u00e7a Federal, ao suspender a decis\u00e3o do Ibama, ressaltou que a medida busca evitar a ocorr\u00eancia de danos irrevers\u00edveis para o meio ambiente, principalmente levando-se em conta que a an\u00e1lise realizada pelo \u00f3rg\u00e3o ambiental foi feita, segundo a decis\u00e3o, de forma superficial, somente nos locais pr\u00f3ximos \u00e0s estradas.<\/p>\n<h4>Empreendimento<\/h4>\n<p>A empresa Morro do Pilar Minerais S.A. busca instalar um empreendimento de explora\u00e7\u00e3o de min\u00e9rio de ferro no munic\u00edpio mineiro de Morro do Pilar em \u00e1rea adjacente \u00e0 de outra grande mineradora, a Anglo American Min\u00e9rio de Ferro Brasil S.A.<\/p>\n<p>O licenciamento ambiental da empresa ocorreria no dia 18 de setembro, na cidade de Diamantina-MG. Entretanto, em decorr\u00eancia da decis\u00e3o judicial, o procedimento tamb\u00e9m ficou interrompido. (MPMG)<\/p>\n","protected":false},"excerpt":{"rendered":"<p>Decis\u00e3o da Justi\u00e7a Federal busca evitar a ocorr\u00eancia de danos irrevers\u00edveis para o meio ambiente, o que poderia ocorrer com a supress\u00e3o de mata atl\u00e2ntica Atendendo a pedido do Minist\u00e9rio P\u00fablico de Minas Gerais (MPMG), a 3\u00aa Vara da Justi\u00e7a Federal da Se\u00e7\u00e3o Judici\u00e1ria de Belo Horizonte determinou a suspens\u00e3o da validade da anu\u00eancia pr\u00e9via [&hellip;]<\/p>\n","protected":false},"author":1,"featured_media":32077,"comment_status":"open","ping_status":"closed","sticky":false,"template":"","format":"standard","meta":{"amp_status":"","footnotes":""},"categories":[123],"tags":[628,1018,16658,16657,16655,16656,2230],"class_list":["post-40570","post","type-post","status-publish","format-standard","has-post-thumbnail","hentry","category-gerais","tag-conceicao-do-mato-dentro","tag-destaque","tag-justica-determina-suspensao-de-documento-ambiental-para-empreendimento-minerario-em-morro-do-pilar","tag-justica-determina-suspensao-de-documento-ambiental-para-mineracao-em-morro-do-pilar","tag-manabi","tag-mineracao-morro-do-pilar-minerais","tag-morro-do-pilar"],"_links":{"self":[{"href":"https:\/\/aconteceunovale.com.br\/portal\/index.php?rest_route=\/wp\/v2\/posts\/40570","targetHints":{"allow":["GET"]}}],"collection":[{"href":"https:\/\/aconteceunovale.com.br\/portal\/index.php?rest_route=\/wp\/v2\/posts"}],"about":[{"href":"https:\/\/aconteceunovale.com.br\/portal\/index.php?rest_route=\/wp\/v2\/types\/post"}],"author":[{"embeddable":true,"href":"https:\/\/aconteceunovale.com.br\/portal\/index.php?rest_route=\/wp\/v2\/users\/1"}],"replies":[{"embeddable":true,"href":"https:\/\/aconteceunovale.com.br\/portal\/index.php?rest_route=%2Fwp%2Fv2%2Fcomments&post=40570"}],"version-history":[{"count":0,"href":"https:\/\/aconteceunovale.com.br\/portal\/index.php?rest_route=\/wp\/v2\/posts\/40570\/revisions"}],"wp:featuredmedia":[{"embeddable":true,"href":"https:\/\/aconteceunovale.com.br\/portal\/index.php?rest_route=\/wp\/v2\/media\/32077"}],"wp:attachment":[{"href":"https:\/\/aconteceunovale.com.br\/portal\/index.php?rest_route=%2Fwp%2Fv2%2Fmedia&parent=40570"}],"wp:term":[{"taxonomy":"category","embeddable":true,"href":"https:\/\/aconteceunovale.com.br\/portal\/index.php?rest_route=%2Fwp%2Fv2%2Fcategories&post=40570"},{"taxonomy":"post_tag","embeddable":true,"href":"https:\/\/aconteceunovale.com.br\/portal\/index.php?rest_route=%2Fwp%2Fv2%2Ftags&post=40570"}],"curies":[{"name":"wp","href":"https:\/\/api.w.org\/{rel}","templated":true}]}}