{"id":40567,"date":"2014-09-23T21:31:38","date_gmt":"2014-09-24T00:31:38","guid":{"rendered":"http:\/\/aconteceunovale.com.br\/portal\/?p=40567"},"modified":"2014-09-23T21:31:38","modified_gmt":"2014-09-24T00:31:38","slug":"comissao-conhece-area-para-ampliar-parque-alto-cariri-no-vale-do-jequitinhonha","status":"publish","type":"post","link":"https:\/\/aconteceunovale.com.br\/portal\/?p=40567","title":{"rendered":"Comiss\u00e3o conhece \u00e1rea para ampliar Parque Alto Cariri, no Vale do Jequitinhonha"},"content":{"rendered":"<h4><strong><em>Parlamentar visita regi\u00e3o de mata atl\u00e2ntica que pode ser incorporada \u00e0 unidade de conserva\u00e7\u00e3o no Jequitinhonha.<\/em><\/strong><\/h4>\n<p>A Comiss\u00e3o de Meio Ambiente e Desenvolvimento Sustent\u00e1vel da Assembleia Legislativa de Minas Gerais (ALMG) realizou, junto com t\u00e9cnico do Instituto Estadual de Florestas (IEF), uma visita t\u00e9cnica ao Parque Estadual Alto Cariri nesta ter\u00e7a-feira (23\/9\/14). Localizado no Vale do Jequitinhonha, o parque abrange \u00e1reas dos munic\u00edpios de Salto da Divisa e Santa Maria do Salto, e seus limites podem ser alterados pelo <a href=\"http:\/\/www.almg.gov.br\/atividade_parlamentar\/tramitacao_projetos\/interna.html?a=2013&#038;n=4743&#038;t=PL\" target=\"_blank\">Projeto de Lei (PL) 4.743\/13<\/a>, do deputado Carlos Pimenta (PDT), que aguarda parecer de 1\u00ba turno da comiss\u00e3o.<\/p>\n<p><img decoding=\"async\" src=\"http:\/\/aconteceunovale.com.br\/portal\/wp-content\/uploads\/2014\/09\/parque_cariri_jequi.jpg\" alt=\"\" \/><em>Os limites do parque, que \u00e9 localizado no Vale do Jequitinhonha, podem ser alterados pelo Projeto de Lei 4.743\/13 &#8211; Foto: Alair Vieira \/ Assembleia Legislativa de Minas Gerais<\/em><br \/>\n<\/br><\/p>\n<p>Durante a visita, o deputado Carlos Pimenta conferiu a \u00e1rea de 436 hectares que o PL 4.743\/13 pretende anexar ao parque, em substitui\u00e7\u00e3o de outra, de 368 hectares, que seria desafetada. O local visitado conta com cobertura de mata atl\u00e2ntica e, segundo o parlamentar, a \u00e1rea a ser desafetada \u00e9 composta por pastagens.<\/p>\n<p>O IEF j\u00e1 emitiu uma nota t\u00e9cnica na qual diz que a proposta \u00e9 vi\u00e1vel ecologicamente, mas sugere uma redefini\u00e7\u00e3o mais ampla do parque. O documento indica uma \u00e1rea, no encontro entre os c\u00f3rregos Mendon\u00e7a e Pereira, que tamb\u00e9m deveria ser anexada ao parque. No local, h\u00e1 uma cachoeira e uma pequena barragem na qual o IEF identificou algum potencial tur\u00edstico, para uso p\u00fablico da popula\u00e7\u00e3o local.<\/p>\n<p>O deputado Carlos Pimenta, por\u00e9m, salientou que tal altera\u00e7\u00e3o no projeto precisa ser acompanhada de estudos t\u00e9cnicos e, por isso, n\u00e3o haveria tempo de realizar a modifica\u00e7\u00e3o at\u00e9 o fim desta legislatura. \u201cPretendemos votar o PL 4.743\/13 at\u00e9 o final do ano, mas nada impede que o IEF envie outra proposta na pr\u00f3xima legislatura com essa nova altera\u00e7\u00e3o\u201d, disse o parlamentar.<\/p>\n<p>O PL 4.743\/13 est\u00e1 em consulta p\u00fablica desde 8 de agosto. Por meio desse instrumento, todos os cidad\u00e3os podem tomar conhecimento do teor da mudan\u00e7a proposta para o Parque Alto Cariri e manifestar-se contra ou a favor dessa medida. A consulta p\u00fablica sobre altera\u00e7\u00e3o nos limites de unidades de conserva\u00e7\u00e3o \u00e9 uma das exig\u00eancias do C\u00f3digo Florestal do Estado (<a href=\"http:\/\/www.almg.gov.br\/atividade_parlamentar\/tramitacao_projetos\/interna.html?a=2013&#038;n=4743&#038;t=PL\" target=\"_blank\">Lei 20.922, de 2013<\/a>).<\/p>\n<p>O Parque Alto Cariri foi criado pelo Decreto 44.726, de 2008. A unidade de conserva\u00e7\u00e3o tem 6.151 hectares e abriga remanescentes de mata atl\u00e2ntica onde vivem esp\u00e9cies amea\u00e7adas como o monocarvoeiro, o maior primata das Am\u00e9ricas. (ALMG)<\/p>\n","protected":false},"excerpt":{"rendered":"<p>Parlamentar visita regi\u00e3o de mata atl\u00e2ntica que pode ser incorporada \u00e0 unidade de conserva\u00e7\u00e3o no Jequitinhonha. A Comiss\u00e3o de Meio Ambiente e Desenvolvimento Sustent\u00e1vel da Assembleia Legislativa de Minas Gerais (ALMG) realizou, junto com t\u00e9cnico do Instituto Estadual de Florestas (IEF), uma visita t\u00e9cnica ao Parque Estadual Alto Cariri nesta ter\u00e7a-feira (23\/9\/14). Localizado no Vale [&hellip;]<\/p>\n","protected":false},"author":1,"featured_media":40568,"comment_status":"open","ping_status":"closed","sticky":false,"template":"","format":"standard","meta":{"amp_status":"","footnotes":""},"categories":[120],"tags":[16654,1018,11300,409,699],"class_list":["post-40567","post","type-post","status-publish","format-standard","has-post-thumbnail","hentry","category-jequi","tag-comissao-de-meio-ambiente-conhece-area-para-ampliar-parque-alto-cariri-no-vale-do-jequitinhonha","tag-destaque","tag-parque-estadual-alto-cariri","tag-salto-da-divisa","tag-santa-maria-do-salto"],"_links":{"self":[{"href":"https:\/\/aconteceunovale.com.br\/portal\/index.php?rest_route=\/wp\/v2\/posts\/40567","targetHints":{"allow":["GET"]}}],"collection":[{"href":"https:\/\/aconteceunovale.com.br\/portal\/index.php?rest_route=\/wp\/v2\/posts"}],"about":[{"href":"https:\/\/aconteceunovale.com.br\/portal\/index.php?rest_route=\/wp\/v2\/types\/post"}],"author":[{"embeddable":true,"href":"https:\/\/aconteceunovale.com.br\/portal\/index.php?rest_route=\/wp\/v2\/users\/1"}],"replies":[{"embeddable":true,"href":"https:\/\/aconteceunovale.com.br\/portal\/index.php?rest_route=%2Fwp%2Fv2%2Fcomments&post=40567"}],"version-history":[{"count":0,"href":"https:\/\/aconteceunovale.com.br\/portal\/index.php?rest_route=\/wp\/v2\/posts\/40567\/revisions"}],"wp:featuredmedia":[{"embeddable":true,"href":"https:\/\/aconteceunovale.com.br\/portal\/index.php?rest_route=\/wp\/v2\/media\/40568"}],"wp:attachment":[{"href":"https:\/\/aconteceunovale.com.br\/portal\/index.php?rest_route=%2Fwp%2Fv2%2Fmedia&parent=40567"}],"wp:term":[{"taxonomy":"category","embeddable":true,"href":"https:\/\/aconteceunovale.com.br\/portal\/index.php?rest_route=%2Fwp%2Fv2%2Fcategories&post=40567"},{"taxonomy":"post_tag","embeddable":true,"href":"https:\/\/aconteceunovale.com.br\/portal\/index.php?rest_route=%2Fwp%2Fv2%2Ftags&post=40567"}],"curies":[{"name":"wp","href":"https:\/\/api.w.org\/{rel}","templated":true}]}}