{"id":40550,"date":"2014-09-23T19:56:45","date_gmt":"2014-09-23T22:56:45","guid":{"rendered":"http:\/\/aconteceunovale.com.br\/portal\/?p=40550"},"modified":"2014-09-23T19:56:45","modified_gmt":"2014-09-23T22:56:45","slug":"nascente-do-rio-sao-francisco-pode-secar-pela-primeira-vez-na-historia","status":"publish","type":"post","link":"https:\/\/aconteceunovale.com.br\/portal\/?p=40550","title":{"rendered":"Nascente do Rio S\u00e3o Francisco pode secar pela primeira vez na hist\u00f3ria"},"content":{"rendered":"<h4><strong><em>Luiz Arthur Castanheira, que coordena o Parque Nacional da Serra da Canastra, diz que a seca na regi\u00e3o \u00e9 uma das piores dos \u00faltimos 30 anos<\/em><\/strong><\/h4>\n<p>O prolongado per\u00edodo de estiagem est\u00e1 colocando em risco a nascente do Rio S\u00e3o Francisco, em Minas Gerais. O alerta foi feito nesta ter\u00e7a-feira pelo chefe do Parque Nacional da Serra da Canastra, Luiz Arthur Castanheira. Segundo ele, a nascente do rio, situada em S\u00e3o Roque de Minas, dentro da \u00e1rea de preserva\u00e7\u00e3o na Regi\u00e3o Centro-Oeste de Minas, est\u00e1 secando. A vaz\u00e3o de \u00e1gua diminuiu significativamente nos \u00faltimos dias. Para Castanheira, a situa\u00e7\u00e3o \u00e9 a pior dos \u00faltimos 30 anos. \u201cA seca est\u00e1 brava demais. O que houve aqui \u00e9 que os pequenos tribut\u00e1rios (afluentes) que existem na cabeceira maior do S\u00e3o Francisco, na nascente, secaram nos \u00faltimos dias. Apenas uns dois continuam com \u00e1gua, mas com uma vaz\u00e3o bem pequena\u201d, explicou. <\/p>\n<p><img decoding=\"async\" src=\"http:\/\/aconteceunovale.com.br\/portal\/wp-content\/uploads\/2014\/09\/rio_sao_francisco_secando_1.jpg\" alt=\"\" \/><em>Imagem mostra a nascente antes de ser atingida pela seca &#8211; Foto: Beto Novaes\/EM<\/em><br \/>\n<\/br><\/p>\n<p>Segundo Castanheira, n\u00e3o h\u00e1 medidas paliativas para aliviar a situa\u00e7\u00e3o e o jeito \u00e9 torcer para que a chuva chegue. \u201cA \u00e1gua este ano realmente est\u00e1 dif\u00edcil. \u00c9 uma coisa do ciclo natural, s\u00f3 que este ano a seca veio mais grave. N\u00e3o tem como bombear a \u00e1gua para l\u00e1, \u00e9 rezar para chover. Est\u00e1 sendo a pior seca de muitos anos&#8221;, afirma Castanheira. <\/p>\n<p>Devido \u00e0 seca, o parque vem sofrendo com inc\u00eandios que tamb\u00e9m atingiram as nascentes. \u201cTivemos de 20 de agosto at\u00e9 hoje (quarta-feira) oito inc\u00eandios. O pior \u00e9 que a maioria \u00e9 criminoso e ainda em uma \u00e9poca mais inapropriada de se fazer queimadas. A vegeta\u00e7\u00e3o em volta das nascente foi atingida, o que n\u00e3o acontecia h\u00e1 quatro anos\u201d, explicou. <\/p>\n<p>A Bacia Hidrogr\u00e1fica do Rio S\u00e3o Francisco \u00e9 uma das mais importantes do pa\u00eds. Ela abrange 639.219 quil\u00f4metros quadrados de \u00e1rea de drenagem. Segundo o Comit\u00ea da Bacia Hidrogr\u00e1fica do Rio S\u00e3o Francisco (CBHSF) a vaz\u00e3o m\u00e9dia \u00e9 de 2.850 metros c\u00fabicos por segundo, o que equivale a 2% do total do pa\u00eds. O rio tem extens\u00e3o de 2,7 mil quil\u00f4metros. Ele nasce na Serra da Canastra, escoando no sentido sul-norte pela Bahia e Pernambuco, quando altera seu curso para este, chegando ao Oceano Atl\u00e2ntico atrav\u00e9s da divisa entre Alagoas e Sergipe. <\/p>\n<h4>Desde junho<\/h4>\n<p>Os altos investimentos para tentar conter as \u00e1guas dos rios n\u00e3o foram suficientes para evitar a situa\u00e7\u00e3o da seca. De acordo com o Comit\u00ea da Bacia Hidrogr\u00e1fica do Rio S\u00e3o Francisco, desde o ano passado foram gastos aproximadamente R$ 30 milh\u00f5es em Minas Gerais para a constru\u00e7\u00e3o de barraginhas, cercamento de nascentes, entre outras medidas. Por\u00e9m, com o per\u00edodo de estiagem, a as obras n\u00e3o foram suficientes. <\/p>\n<p>H\u00e1 tr\u00eas meses, a situa\u00e7\u00e3o se agravou. \u201cA situa\u00e7\u00e3o veio \u00e0 tona a partir do m\u00eas de junho. A gente tinha uma tend\u00eancia de um alto \u00edndice pluviom\u00e9trico em 2014 e isso n\u00e3o aconteceu. Isso fez com que a vaz\u00e3o de rios diminu\u00edsse. Come\u00e7amos a ver a situa\u00e7\u00e3o de n\u00e3o afluentes e baixa aflu\u00eancia e qualidade das \u00e1guas abaixo das barragens. At\u00e9 ent\u00e3o, est\u00e1vamos pensando que a parte cr\u00edtica do Rio S\u00e3o Francisco estava no alagoas, mas da\u00ed, percebemos que aqui do alto, em Minas Gerais, que \u00e9 respons\u00e1vel por 72% das \u00e1guas do rio, tamb\u00e9m estava secando\u201d, diz S\u00edlvia Freedman Ruas Dur\u00e3es, secret\u00e1ria nacional do CBHSF.<\/p>\n<p><img decoding=\"async\" src=\"http:\/\/aconteceunovale.com.br\/portal\/wp-content\/uploads\/2014\/09\/rio_sao_francisco_secando_2.jpg\" alt=\"\" \/><em>Rio S\u00e3o Francisco, em Pirapora &#8211; Foto: Pollyanna Maliniak\/ALMG<\/em><br \/>\n<\/br><\/p>\n<p><strong>(Estado de Minas)<\/strong><\/p>\n","protected":false},"excerpt":{"rendered":"<p>Luiz Arthur Castanheira, que coordena o Parque Nacional da Serra da Canastra, diz que a seca na regi\u00e3o \u00e9 uma das piores dos \u00faltimos 30 anos O prolongado per\u00edodo de estiagem est\u00e1 colocando em risco a nascente do Rio S\u00e3o Francisco, em Minas Gerais. O alerta foi feito nesta ter\u00e7a-feira pelo chefe do Parque Nacional [&hellip;]<\/p>\n","protected":false},"author":1,"featured_media":40551,"comment_status":"open","ping_status":"closed","sticky":false,"template":"","format":"standard","meta":{"amp_status":"","footnotes":""},"categories":[123],"tags":[1018,16645,16649,16644,16647,16648,6330,16646],"class_list":["post-40550","post","type-post","status-publish","format-standard","has-post-thumbnail","hentry","category-gerais","tag-destaque","tag-luiz-arthur-castanheira","tag-nascente-do-rio-sao-francisco-pode-secar-pela-primeira-vez-na-historia","tag-parque-nacional-da-serra-da-canastra","tag-prolongado-periodo-de-estiagem-esta-colocando-em-risco-a-nascente-do-rio-sao-francisco","tag-prolongado-periodo-de-estiagem-esta-secando-a-nascente-do-rio-sao-francisco","tag-rio-sao-francisco","tag-velho-chico"],"_links":{"self":[{"href":"https:\/\/aconteceunovale.com.br\/portal\/index.php?rest_route=\/wp\/v2\/posts\/40550","targetHints":{"allow":["GET"]}}],"collection":[{"href":"https:\/\/aconteceunovale.com.br\/portal\/index.php?rest_route=\/wp\/v2\/posts"}],"about":[{"href":"https:\/\/aconteceunovale.com.br\/portal\/index.php?rest_route=\/wp\/v2\/types\/post"}],"author":[{"embeddable":true,"href":"https:\/\/aconteceunovale.com.br\/portal\/index.php?rest_route=\/wp\/v2\/users\/1"}],"replies":[{"embeddable":true,"href":"https:\/\/aconteceunovale.com.br\/portal\/index.php?rest_route=%2Fwp%2Fv2%2Fcomments&post=40550"}],"version-history":[{"count":0,"href":"https:\/\/aconteceunovale.com.br\/portal\/index.php?rest_route=\/wp\/v2\/posts\/40550\/revisions"}],"wp:featuredmedia":[{"embeddable":true,"href":"https:\/\/aconteceunovale.com.br\/portal\/index.php?rest_route=\/wp\/v2\/media\/40551"}],"wp:attachment":[{"href":"https:\/\/aconteceunovale.com.br\/portal\/index.php?rest_route=%2Fwp%2Fv2%2Fmedia&parent=40550"}],"wp:term":[{"taxonomy":"category","embeddable":true,"href":"https:\/\/aconteceunovale.com.br\/portal\/index.php?rest_route=%2Fwp%2Fv2%2Fcategories&post=40550"},{"taxonomy":"post_tag","embeddable":true,"href":"https:\/\/aconteceunovale.com.br\/portal\/index.php?rest_route=%2Fwp%2Fv2%2Ftags&post=40550"}],"curies":[{"name":"wp","href":"https:\/\/api.w.org\/{rel}","templated":true}]}}