{"id":40542,"date":"2014-09-23T13:16:51","date_gmt":"2014-09-23T16:16:51","guid":{"rendered":"http:\/\/aconteceunovale.com.br\/portal\/?p=40542"},"modified":"2014-09-23T13:16:51","modified_gmt":"2014-09-23T16:16:51","slug":"estudantes-sao-esfaqueados-dentro-de-escola-de-montes-claros-apos-briga-pelo-facebook","status":"publish","type":"post","link":"https:\/\/aconteceunovale.com.br\/portal\/?p=40542","title":{"rendered":"Estudantes s\u00e3o esfaqueados dentro de escola de Montes Claros ap\u00f3s briga pelo Facebook"},"content":{"rendered":"<h4><strong><em>Adolescente foi detido com as duas irm\u00e3s e o pai em Montes Claros. Segundo a PM, ele levou facas e canivetes dentro da mochila.<\/em><\/strong><\/h4>\n<p>Um adolescente de 16 anos e as irm\u00e3s dele, de 13 e 14, foram apreendidos ap\u00f3s uma confus\u00e3o na Escola Municipal Laudelina Fonseca, em Montes Claros (MG), nesta ter\u00e7a-feira (23). O pai deles tamb\u00e9m foi preso. Dois alunos foram esfaqueados durante o tumulto. A Pol\u00edcia Militar informou que o menor levou duas facas e um canivete na mochila.<\/p>\n<p>Segundo o sargento Cl\u00e1udio C\u00e9sar do Ros\u00e1rio, tudo come\u00e7ou com uma discuss\u00e3o nas redes sociais, onde estudantes da escola trocaram acusa\u00e7\u00f5es, ofendendo as m\u00e3es uns dos outros. \u201cO jovem de 16 anos levou as facas e o canivete para a escola, distribuiu para o pai e para uma das irm\u00e3s e golpeou indiscriminadamente quem estava no p\u00e1tio\u201d, destaca o militar.<\/p>\n<p>Um dos alunos feridos precisou ser socorrido pelo Samu e levado para um hospital. O outro, que teve um corte nas costas e recebeu atendimento m\u00e9dico na escola, contou que \u201co pai dele [o estudante de 16 anos] chegou conversando e logo puxou a faca\u201d.  E disse tamb\u00e9m que colega \u201cest\u00e1 xingando as m\u00e3es dos outros pelo Facebook, pedindo fotos delas peladas e pegando foto das meninas e tirando a roupa delas.\u201d<\/p>\n<p>Ao perceber o tumulto o motorista de um \u00f4nibus escolar conseguiu conter o pai dos adolescentes at\u00e9 a chegada da viatura da pol\u00edcia. Os dois sofreram escoria\u00e7\u00f5es leves e foram  levados para um hospital.<\/p>\n<p>Marilza Gomes, m\u00e3e dos tr\u00eas menores apreendidos, conta que o filho estava sendo amea\u00e7ado pelos colegas. \u201cTodo mundo estava querendo bater no meu menino, o pai dele s\u00f3 entrou para defend\u00ea-lo.\u201d<\/p>\n<p>O diretor da Escola, Fernando Soares, afirmou que a confus\u00e3o foi motivada por problemas alheios \u00e0 institui\u00e7\u00e3o, mas que tomar\u00e1 as provid\u00eancias cab\u00edveis. J\u00e1 a assessoria de comunica\u00e7\u00e3o da Prefeitura informou que vai aguardar a investiga\u00e7\u00e3o policial para decidir o que ser\u00e1 feito. O caso foi encaminhado para a delegacia em Montes Claros. (G1)<\/p>\n","protected":false},"excerpt":{"rendered":"<p>Adolescente foi detido com as duas irm\u00e3s e o pai em Montes Claros. Segundo a PM, ele levou facas e canivetes dentro da mochila. Um adolescente de 16 anos e as irm\u00e3s dele, de 13 e 14, foram apreendidos ap\u00f3s uma confus\u00e3o na Escola Municipal Laudelina Fonseca, em Montes Claros (MG), nesta ter\u00e7a-feira (23). O [&hellip;]<\/p>\n","protected":false},"author":1,"featured_media":40543,"comment_status":"open","ping_status":"closed","sticky":false,"template":"","format":"standard","meta":{"amp_status":"","footnotes":""},"categories":[1236],"tags":[16632,16633,16631,210],"class_list":["post-40542","post","type-post","status-publish","format-standard","has-post-thumbnail","hentry","category-norte_de_minas","tag-confusao-na-escola-municipal-laudelina-fonseca","tag-escola-municipal-laudelina-fonseca","tag-estudantes-sao-esfaqueados-dentro-de-escola-de-montes-claros-apos-briga-pelo-facebook","tag-montes-claros"],"_links":{"self":[{"href":"https:\/\/aconteceunovale.com.br\/portal\/index.php?rest_route=\/wp\/v2\/posts\/40542","targetHints":{"allow":["GET"]}}],"collection":[{"href":"https:\/\/aconteceunovale.com.br\/portal\/index.php?rest_route=\/wp\/v2\/posts"}],"about":[{"href":"https:\/\/aconteceunovale.com.br\/portal\/index.php?rest_route=\/wp\/v2\/types\/post"}],"author":[{"embeddable":true,"href":"https:\/\/aconteceunovale.com.br\/portal\/index.php?rest_route=\/wp\/v2\/users\/1"}],"replies":[{"embeddable":true,"href":"https:\/\/aconteceunovale.com.br\/portal\/index.php?rest_route=%2Fwp%2Fv2%2Fcomments&post=40542"}],"version-history":[{"count":0,"href":"https:\/\/aconteceunovale.com.br\/portal\/index.php?rest_route=\/wp\/v2\/posts\/40542\/revisions"}],"wp:featuredmedia":[{"embeddable":true,"href":"https:\/\/aconteceunovale.com.br\/portal\/index.php?rest_route=\/wp\/v2\/media\/40543"}],"wp:attachment":[{"href":"https:\/\/aconteceunovale.com.br\/portal\/index.php?rest_route=%2Fwp%2Fv2%2Fmedia&parent=40542"}],"wp:term":[{"taxonomy":"category","embeddable":true,"href":"https:\/\/aconteceunovale.com.br\/portal\/index.php?rest_route=%2Fwp%2Fv2%2Fcategories&post=40542"},{"taxonomy":"post_tag","embeddable":true,"href":"https:\/\/aconteceunovale.com.br\/portal\/index.php?rest_route=%2Fwp%2Fv2%2Ftags&post=40542"}],"curies":[{"name":"wp","href":"https:\/\/api.w.org\/{rel}","templated":true}]}}