{"id":40541,"date":"2014-09-23T13:27:54","date_gmt":"2014-09-23T16:27:54","guid":{"rendered":"http:\/\/aconteceunovale.com.br\/portal\/?p=40541"},"modified":"2014-09-23T13:27:54","modified_gmt":"2014-09-23T16:27:54","slug":"ocorrencias-em-destaque-no-norte-de-minas-gerais-23-de-setembro-de-2014","status":"publish","type":"post","link":"https:\/\/aconteceunovale.com.br\/portal\/?p=40541","title":{"rendered":"Ocorr\u00eancias em destaque no Norte de Minas Gerais \u2013 23 de setembro de 2014"},"content":{"rendered":"<h4><strong>Homem suspeito de estuprar e engravidar enteada de 11 anos \u00e9 levado para pres\u00eddio em Montes Claros<\/strong><\/h4>\n<p>J\u00e1 est\u00e1 no pres\u00eddio regional de Montes Claros (MG), o homem de 34 anos, suspeito de abusar sexualmente da enteada, de 11. A menina est\u00e1 gr\u00e1vida de dois meses. Ela sentia dores abdominais e por isso foi levada para fazer um exame em uma cl\u00ednica, onde a gesta\u00e7\u00e3o foi descoberta por uma m\u00e9dica.<\/p>\n<p>Os envolvidos no caso prestaram depoimento na Pol\u00edcia Civil durante esta segunda-feira (22). Para a Pol\u00edcia Militar a menor contou que sofria os abusos h\u00e1 dois anos e que tinha medo de contar para a m\u00e3e, j\u00e1 que sofria amea\u00e7as constantes do padrasto. Ela nega que tenha abusado da menina e diz que o filho n\u00e3o \u00e9 dele.<\/p>\n<p>De acordo com o Conselho Tutelar, a garota est\u00e1 sendo submetida ao protocolo m\u00e9dico de atendimento \u00e0s v\u00edtimas de viol\u00eancia sexual.<\/p>\n<h4><strong>Pol\u00edcia Militar registra suic\u00eddio na zona rural de Rio Pardo de Minas<\/strong><\/h4>\n<p>No final da tarde de segunda feira, 22 de setembro, ap\u00f3s ser acionada, uma guarni\u00e7\u00e3o da Pol\u00edcia Militar compareceu \u00e0 fazenda Jacu, na zona rural de Rio Pardo de Minas, onde a testemunha, filho da v\u00edtima, relatou que se deparou com seu pai, Manoel Pereira Dias trancado em seu quarto onde se enforcou com uma corda presa ao teto. <\/p>\n<p>A v\u00edtima residia na fazenda Jacu e era natural de Rio Pardo de Minas. Segundo Mois\u00e9s Pereira Santana, seu pai sofria de depress\u00e3o j\u00e1 h\u00e1 algum tempo. A guarni\u00e7\u00e3o policial acionou a per\u00edcia que constatou realmente se tratar de suic\u00eddio uma vez que o corpo n\u00e3o apresentava sinais de viol\u00eancias. <\/p>\n<h4><strong>Traficante \u00e9 preso ap\u00f3s usu\u00e1rio furtar panelas para pagar d\u00edvida em Pai Pedro<\/strong><\/h4>\n<p>Um rapaz de 22 anos foi detido por tr\u00e1fico de drogas em Pai Pedro (MG), nesta segunda-feira (22). A pris\u00e3o foi feita depois que um homem que furtou duas panelas de alum\u00ednio disse que usaria os objetos para pagar uma d\u00edvida com o suspeito, al\u00e9m de comprar mais entorpecentes dele. <\/p>\n<p>Com a indica\u00e7\u00e3o de quem seria o traficante, os policiais militares foram at\u00e9 o local e conseguiram 10 pedras de crack escondidas na parede de um banheiro. De acordo com a PM, ele j\u00e1 \u00e9 conhecido por ter envolvimento com o tr\u00e1fico na cidade e tamb\u00e9m por aliciar menores para entregar as drogas. O rapaz foi levado para a delegacia de Jana\u00faba (MG).<\/p>\n<h4><strong>Pol\u00edcia Militar encontra crack em monte de brita e rapaz \u00e9 preso em Montes Claros<\/strong><\/h4>\n<p>Um rapaz de 18 anos foi preso por tr\u00e1fico de drogas, na Vila \u00c1urea II, em Montes Claros (MG), nesta segunda-feira (22). A Pol\u00edcia Militar encontrou perto dele, em um monte de brita em um lote vago, 18 pedras de crack. R$ 97 tamb\u00e9m foram apreendidos.<\/p>\n<p>A m\u00e3e do suspeito informou para os militares que sabia que o filho estava traficando e que ele a amea\u00e7ou dizendo que iria mat\u00e1-la com um tiro na cara, caso o denunciasse. Moradores tamb\u00e9m disseram que \u00e9 comum ver pessoas vendendo drogas no local.<br \/>\nO rapaz que j\u00e1 tem passagem por tr\u00e1fico foi preso e levado para a delegacia.<\/p>\n<p>J\u00e1 em outro bairro da cidade, o Confer\u00eancia Cristo Rei, a PM conseguiu apreender uma sacola com 95 pedras de crack, um rev\u00f3lver e uma garrucha. O suspeito fugiu ao perceber a chegada dos militares.<\/p>\n<p><em>(Fonte: G1 e Assessoria de Comunica\u00e7\u00e3o Organizacional da 2\u00aa Cia PM Ind.)<\/em><\/p>\n","protected":false},"excerpt":{"rendered":"<p>Homem suspeito de estuprar e engravidar enteada de 11 anos \u00e9 levado para pres\u00eddio em Montes Claros J\u00e1 est\u00e1 no pres\u00eddio regional de Montes Claros (MG), o homem de 34 anos, suspeito de abusar sexualmente da enteada, de 11. A menina est\u00e1 gr\u00e1vida de dois meses. Ela sentia dores abdominais e por isso foi levada [&hellip;]<\/p>\n","protected":false},"author":1,"featured_media":26880,"comment_status":"open","ping_status":"closed","sticky":false,"template":"","format":"standard","meta":{"amp_status":"","footnotes":""},"categories":[1236],"tags":[16636,204,210,16635,3059,16638,16634,421,16637],"class_list":["post-40541","post","type-post","status-publish","format-standard","has-post-thumbnail","hentry","category-norte_de_minas","tag-homem-suspeito-de-estuprar-e-engravidar-enteada-de-11-anos-e-levado-para-presidio-em-montes-claros","tag-janauba","tag-montes-claros","tag-ocorrencias-em-destaque-no-norte-de-minas-gerais-23-de-setembro-de-2014","tag-pai-pedro","tag-policia-militar-encontra-crack-em-monte-de-brita-e-rapaz-e-preso-em-montes-claros","tag-policia-militar-registra-suicidio-na-zona-rural-de-rio-pardo-de-minas","tag-rio-pardo-de-minas","tag-traficante-e-preso-apos-usuario-furtar-panelas-para-pagar-divida-em-pai-pedro"],"_links":{"self":[{"href":"https:\/\/aconteceunovale.com.br\/portal\/index.php?rest_route=\/wp\/v2\/posts\/40541","targetHints":{"allow":["GET"]}}],"collection":[{"href":"https:\/\/aconteceunovale.com.br\/portal\/index.php?rest_route=\/wp\/v2\/posts"}],"about":[{"href":"https:\/\/aconteceunovale.com.br\/portal\/index.php?rest_route=\/wp\/v2\/types\/post"}],"author":[{"embeddable":true,"href":"https:\/\/aconteceunovale.com.br\/portal\/index.php?rest_route=\/wp\/v2\/users\/1"}],"replies":[{"embeddable":true,"href":"https:\/\/aconteceunovale.com.br\/portal\/index.php?rest_route=%2Fwp%2Fv2%2Fcomments&post=40541"}],"version-history":[{"count":0,"href":"https:\/\/aconteceunovale.com.br\/portal\/index.php?rest_route=\/wp\/v2\/posts\/40541\/revisions"}],"wp:featuredmedia":[{"embeddable":true,"href":"https:\/\/aconteceunovale.com.br\/portal\/index.php?rest_route=\/wp\/v2\/media\/26880"}],"wp:attachment":[{"href":"https:\/\/aconteceunovale.com.br\/portal\/index.php?rest_route=%2Fwp%2Fv2%2Fmedia&parent=40541"}],"wp:term":[{"taxonomy":"category","embeddable":true,"href":"https:\/\/aconteceunovale.com.br\/portal\/index.php?rest_route=%2Fwp%2Fv2%2Fcategories&post=40541"},{"taxonomy":"post_tag","embeddable":true,"href":"https:\/\/aconteceunovale.com.br\/portal\/index.php?rest_route=%2Fwp%2Fv2%2Ftags&post=40541"}],"curies":[{"name":"wp","href":"https:\/\/api.w.org\/{rel}","templated":true}]}}