{"id":40539,"date":"2014-09-23T13:08:25","date_gmt":"2014-09-23T16:08:25","guid":{"rendered":"http:\/\/aconteceunovale.com.br\/portal\/?p=40539"},"modified":"2014-09-23T13:08:25","modified_gmt":"2014-09-23T16:08:25","slug":"plantao-samu-macro-norte-22-de-setembro-montes-clarosmg","status":"publish","type":"post","link":"https:\/\/aconteceunovale.com.br\/portal\/?p=40539","title":{"rendered":"Plant\u00e3o SAMU Macro Norte \u2013 22 de setembro \u2013 Montes Claros\/MG"},"content":{"rendered":"<h4><strong><em>Segunda-feira, 22 de setembro de 2014<\/em><\/strong><\/h4>\n<p>A unidade do SAMU de Montes Claros realizou na segunda-feira, 22 de setembro, 34 atendimentos, sendo 26 casos cl\u00ednicos e 8 em decorr\u00eancia de por acidente de tr\u00e2nsito.<\/p>\n<p>\u00c0s 19h50, um homem de 47 anos caiu de moto na BR 251, no bairro Recanto das Araras, relata ter perdido a consci\u00eancia no momento da queda, se queixando de dor tor\u00e1cica.<\/p>\n<p>\u00c0s 18 horas, uma mulher de 22 anos, gr\u00e1vida de seis semanas, caiu de moto na Rua Domiciano Pimenta, bairro S\u00e3o Luiz, e se queixava de dor abdominal.  No mesmo hor\u00e1rio, na Rua Monte Castelo, bairro Santa Rita I, um homem de 24 anos tamb\u00e9m caiu de moto e apresentava prov\u00e1vel fratura e escoria\u00e7\u00f5es na perna direita. Ainda nesse hor\u00e1rio, um homem de 20 anos caiu de moto na Rua Padre Vieira, bairro S\u00e3o Judas, e sofreu ferimentos leves.<\/p>\n<p>\u00c0s 16 horas, um carro e um caminh\u00e3o colidiram na esquina entre as ruas Santa Maria e Santa L\u00facia, no bairro Todos os Santos e quatro pessoas ficaram feridas.<\/p>\n<p>\u00c0s 15 horas, um homem de 78 anos foi atropelado por uma moto na Avenida Jo\u00e3o XXIII, bairro Edgar Pereira, e bateu com a cabe\u00e7a, se queixando de dor.<\/p>\n<p>\u00c0s 12h30, um rapaz de 19 anos caiu de moto na Rua Celestino Ferreira, bairro Jardim Eldorado, se queixava de dor e apresentava edema no punho esquerdo e escoria\u00e7\u00f5es na face.<\/p>\n<p>Em todas as ocorr\u00eancias os feridos receberam os primeiros atendimentos no local e foram encaminhados ao hospital para avalia\u00e7\u00e3o.<\/p>\n","protected":false},"excerpt":{"rendered":"<p>Segunda-feira, 22 de setembro de 2014 A unidade do SAMU de Montes Claros realizou na segunda-feira, 22 de setembro, 34 atendimentos, sendo 26 casos cl\u00ednicos e 8 em decorr\u00eancia de por acidente de tr\u00e2nsito. \u00c0s 19h50, um homem de 47 anos caiu de moto na BR 251, no bairro Recanto das Araras, relata ter perdido [&hellip;]<\/p>\n","protected":false},"author":1,"featured_media":37592,"comment_status":"open","ping_status":"closed","sticky":false,"template":"","format":"standard","meta":{"amp_status":"","footnotes":""},"categories":[1236],"tags":[210,13995,16630],"class_list":["post-40539","post","type-post","status-publish","format-standard","has-post-thumbnail","hentry","category-norte_de_minas","tag-montes-claros","tag-plantao-samu-macro-norte","tag-plantao-samu-macro-norte-22-de-setembro-montes-clarosmg"],"_links":{"self":[{"href":"https:\/\/aconteceunovale.com.br\/portal\/index.php?rest_route=\/wp\/v2\/posts\/40539","targetHints":{"allow":["GET"]}}],"collection":[{"href":"https:\/\/aconteceunovale.com.br\/portal\/index.php?rest_route=\/wp\/v2\/posts"}],"about":[{"href":"https:\/\/aconteceunovale.com.br\/portal\/index.php?rest_route=\/wp\/v2\/types\/post"}],"author":[{"embeddable":true,"href":"https:\/\/aconteceunovale.com.br\/portal\/index.php?rest_route=\/wp\/v2\/users\/1"}],"replies":[{"embeddable":true,"href":"https:\/\/aconteceunovale.com.br\/portal\/index.php?rest_route=%2Fwp%2Fv2%2Fcomments&post=40539"}],"version-history":[{"count":0,"href":"https:\/\/aconteceunovale.com.br\/portal\/index.php?rest_route=\/wp\/v2\/posts\/40539\/revisions"}],"wp:featuredmedia":[{"embeddable":true,"href":"https:\/\/aconteceunovale.com.br\/portal\/index.php?rest_route=\/wp\/v2\/media\/37592"}],"wp:attachment":[{"href":"https:\/\/aconteceunovale.com.br\/portal\/index.php?rest_route=%2Fwp%2Fv2%2Fmedia&parent=40539"}],"wp:term":[{"taxonomy":"category","embeddable":true,"href":"https:\/\/aconteceunovale.com.br\/portal\/index.php?rest_route=%2Fwp%2Fv2%2Fcategories&post=40539"},{"taxonomy":"post_tag","embeddable":true,"href":"https:\/\/aconteceunovale.com.br\/portal\/index.php?rest_route=%2Fwp%2Fv2%2Ftags&post=40539"}],"curies":[{"name":"wp","href":"https:\/\/api.w.org\/{rel}","templated":true}]}}