{"id":40531,"date":"2014-09-22T21:39:52","date_gmt":"2014-09-23T00:39:52","guid":{"rendered":"http:\/\/aconteceunovale.com.br\/portal\/?p=40531"},"modified":"2014-09-22T21:39:52","modified_gmt":"2014-09-23T00:39:52","slug":"policia-prende-jovem-suspeita-de-matar-aposentado-em-santa-barbara-do-leste","status":"publish","type":"post","link":"https:\/\/aconteceunovale.com.br\/portal\/?p=40531","title":{"rendered":"Pol\u00edcia prende jovem suspeita de matar aposentado em Santa B\u00e1rbara do Leste"},"content":{"rendered":"<h4><strong><em>Al\u00e9m de um jovem de 19 anos tamb\u00e9m foi apreendido um adolescente. V\u00edtima foi assassinada com pelo menos 16 facadas nessa segunda-feira.<\/em> <\/strong><\/h4>\n<p>Ap\u00f3s receber v\u00e1rias den\u00fancias, a Pol\u00edcia Militar de Santa B\u00e1rbara do Leste (MG) conduziu \u00e0 delegacia de Pol\u00edcia Civil de Caratinga, dois suspeitos de participarem do assassinato de Agrim\u00e1rio Francisco Corr\u00eaa, de 56 anos. Ele foi morto com pelo menos 16 facadas, durante a madrugada desta segunda-feira (22). O corpo de Agrim\u00e1rio foi encontrado no ch\u00e3o da cozinha da casa onde ele morava.<\/p>\n<p>Os policiais militares prenderam um jovem de 19 anos, e apreendeu um adolescente, de 16 anos. Foram apreendidos a faca usada no crime, uma cal\u00e7a jeans ensanguentada do menor infrator e tr\u00eas aparelhos celulares.<\/p>\n<p>De acordo com a PM, os dois suspeitos e a v\u00edtima teriam sido vistos neste domingo (21), em uma barraca de milho verde \u00e0s margens da BR-116, em Santa B\u00e1rbara do Leste.<\/p>\n<p>Uma testemunha ouviu a v\u00edtima gritando por socorro e minutos depois viu quando a suspeita  saiu da resid\u00eancia. Segundo a pol\u00edcia, os suspeitos negam qualquer participa\u00e7\u00e3o na morte de Agrim\u00e1rio.<\/p>\n<p><img decoding=\"async\" src=\"http:\/\/aconteceunovale.com.br\/portal\/wp-content\/uploads\/2014\/09\/aposentado_morto_sbl.jpg\" alt=\"\" \/><strong><em>(Foto e informa\u00e7\u00f5es da TV Super Canal de Caratinga)<\/em><\/strong><\/p>\n","protected":false},"excerpt":{"rendered":"<p>Al\u00e9m de um jovem de 19 anos tamb\u00e9m foi apreendido um adolescente. V\u00edtima foi assassinada com pelo menos 16 facadas nessa segunda-feira. Ap\u00f3s receber v\u00e1rias den\u00fancias, a Pol\u00edcia Militar de Santa B\u00e1rbara do Leste (MG) conduziu \u00e0 delegacia de Pol\u00edcia Civil de Caratinga, dois suspeitos de participarem do assassinato de Agrim\u00e1rio Francisco Corr\u00eaa, de 56 [&hellip;]<\/p>\n","protected":false},"author":1,"featured_media":40532,"comment_status":"open","ping_status":"closed","sticky":false,"template":"","format":"standard","meta":{"amp_status":"","footnotes":""},"categories":[121],"tags":[16618,237,16619,16620,311],"class_list":["post-40531","post","type-post","status-publish","format-standard","has-post-thumbnail","hentry","category-leste","tag-agrimario-francisco-correa","tag-caratinga","tag-jessica-cristiene-viana-de-abreu","tag-policia-prende-jovem-suspeita-de-matar-aposentado-em-santa-barbara-do-leste","tag-santa-barbara-do-leste"],"_links":{"self":[{"href":"https:\/\/aconteceunovale.com.br\/portal\/index.php?rest_route=\/wp\/v2\/posts\/40531","targetHints":{"allow":["GET"]}}],"collection":[{"href":"https:\/\/aconteceunovale.com.br\/portal\/index.php?rest_route=\/wp\/v2\/posts"}],"about":[{"href":"https:\/\/aconteceunovale.com.br\/portal\/index.php?rest_route=\/wp\/v2\/types\/post"}],"author":[{"embeddable":true,"href":"https:\/\/aconteceunovale.com.br\/portal\/index.php?rest_route=\/wp\/v2\/users\/1"}],"replies":[{"embeddable":true,"href":"https:\/\/aconteceunovale.com.br\/portal\/index.php?rest_route=%2Fwp%2Fv2%2Fcomments&post=40531"}],"version-history":[{"count":0,"href":"https:\/\/aconteceunovale.com.br\/portal\/index.php?rest_route=\/wp\/v2\/posts\/40531\/revisions"}],"wp:featuredmedia":[{"embeddable":true,"href":"https:\/\/aconteceunovale.com.br\/portal\/index.php?rest_route=\/wp\/v2\/media\/40532"}],"wp:attachment":[{"href":"https:\/\/aconteceunovale.com.br\/portal\/index.php?rest_route=%2Fwp%2Fv2%2Fmedia&parent=40531"}],"wp:term":[{"taxonomy":"category","embeddable":true,"href":"https:\/\/aconteceunovale.com.br\/portal\/index.php?rest_route=%2Fwp%2Fv2%2Fcategories&post=40531"},{"taxonomy":"post_tag","embeddable":true,"href":"https:\/\/aconteceunovale.com.br\/portal\/index.php?rest_route=%2Fwp%2Fv2%2Ftags&post=40531"}],"curies":[{"name":"wp","href":"https:\/\/api.w.org\/{rel}","templated":true}]}}