{"id":40529,"date":"2014-09-22T21:19:08","date_gmt":"2014-09-23T00:19:08","guid":{"rendered":"http:\/\/aconteceunovale.com.br\/portal\/?p=40529"},"modified":"2014-09-22T21:19:08","modified_gmt":"2014-09-23T00:19:08","slug":"padrasto-e-preso-suspeito-de-estuprar-e-engravidar-enteada-de-11-anos-em-montes-claros","status":"publish","type":"post","link":"https:\/\/aconteceunovale.com.br\/portal\/?p=40529","title":{"rendered":"Padrasto \u00e9 preso suspeito de estuprar e engravidar enteada de 11 anos em Montes Claros"},"content":{"rendered":"<h4><strong><em>Homem nega acusa\u00e7\u00f5es de que manteria rela\u00e7\u00f5es com a garota desde seus 9 anos e diz que o filho n\u00e3o \u00e9 dele<\/em><\/strong><\/h4>\n<p>Um homem de 34 anos foi detido nesta segunda-feira (22) sob suspeita de ter engravidado a pr\u00f3pria enteada de 11 anos, em Montes Claros, no Norte do Estado. A garota estaria com nove semanas de gesta\u00e7\u00e3o, sendo que o \u00faltimo abuso ocorreu na \u00faltima segunda-feira (15). <\/p>\n<p>Conforme as informa\u00e7\u00f5es do Boletim de Ocorr\u00eancia confeccionado pela Pol\u00edcia Militar (PM), a corpora\u00e7\u00e3o tomou conhecimento do caso ap\u00f3s a crian\u00e7a dar entrada em uma cl\u00ednica hospitalar com dores abdominais. Ap\u00f3s ser atendida a m\u00e9dica constatou a gravidez e, a partir da\u00ed, acabou descobrindo os abusos. <\/p>\n<p>O Conselho Tutelar foi acionado e a menina informou que vinha mantendo rela\u00e7\u00f5es sexuais com o padrasto h\u00e1 mais ou menos 2 anos, sendo que o \u00faltimo abuso ocorreu h\u00e1 uma semana. A m\u00e3e dela alegou n\u00e3o ter conhecimento e se disse surpresa com a situa\u00e7\u00e3o. Ela tamb\u00e9m contou que trabalha durante o dia e deixava a filha aos cuidados do marido, sendo que a crian\u00e7a nunca disse nada relacionado \u00e0 isso para ela. <\/p>\n<p>Segundo o Conselho Tutelar, a garota foi encaminhada para passar por exames que confirmem os abusos sexuais. Ainda de acordo com a PM, o padrasto nega o crime e afirma que o filho n\u00e3o \u00e9 dele. Ele foi detido e levado para a Delegacia de Plant\u00e3o da cidade, onde at\u00e9 a noite desta segunda ele continuava sendo ouvido pelo delegado, segundo a assessoria de imprensa da Pol\u00edcia Civil. <\/p>\n<p><em><strong>(O Tempo)<\/strong><\/em><\/p>\n","protected":false},"excerpt":{"rendered":"<p>Homem nega acusa\u00e7\u00f5es de que manteria rela\u00e7\u00f5es com a garota desde seus 9 anos e diz que o filho n\u00e3o \u00e9 dele Um homem de 34 anos foi detido nesta segunda-feira (22) sob suspeita de ter engravidado a pr\u00f3pria enteada de 11 anos, em Montes Claros, no Norte do Estado. A garota estaria com nove [&hellip;]<\/p>\n","protected":false},"author":1,"featured_media":23710,"comment_status":"open","ping_status":"closed","sticky":false,"template":"","format":"standard","meta":{"amp_status":"","footnotes":""},"categories":[1236],"tags":[210,16617],"class_list":["post-40529","post","type-post","status-publish","format-standard","has-post-thumbnail","hentry","category-norte_de_minas","tag-montes-claros","tag-padrasto-e-preso-suspeito-de-estuprar-e-engravidar-enteada-de-11-anos-em-montes-claros"],"_links":{"self":[{"href":"https:\/\/aconteceunovale.com.br\/portal\/index.php?rest_route=\/wp\/v2\/posts\/40529","targetHints":{"allow":["GET"]}}],"collection":[{"href":"https:\/\/aconteceunovale.com.br\/portal\/index.php?rest_route=\/wp\/v2\/posts"}],"about":[{"href":"https:\/\/aconteceunovale.com.br\/portal\/index.php?rest_route=\/wp\/v2\/types\/post"}],"author":[{"embeddable":true,"href":"https:\/\/aconteceunovale.com.br\/portal\/index.php?rest_route=\/wp\/v2\/users\/1"}],"replies":[{"embeddable":true,"href":"https:\/\/aconteceunovale.com.br\/portal\/index.php?rest_route=%2Fwp%2Fv2%2Fcomments&post=40529"}],"version-history":[{"count":0,"href":"https:\/\/aconteceunovale.com.br\/portal\/index.php?rest_route=\/wp\/v2\/posts\/40529\/revisions"}],"wp:featuredmedia":[{"embeddable":true,"href":"https:\/\/aconteceunovale.com.br\/portal\/index.php?rest_route=\/wp\/v2\/media\/23710"}],"wp:attachment":[{"href":"https:\/\/aconteceunovale.com.br\/portal\/index.php?rest_route=%2Fwp%2Fv2%2Fmedia&parent=40529"}],"wp:term":[{"taxonomy":"category","embeddable":true,"href":"https:\/\/aconteceunovale.com.br\/portal\/index.php?rest_route=%2Fwp%2Fv2%2Fcategories&post=40529"},{"taxonomy":"post_tag","embeddable":true,"href":"https:\/\/aconteceunovale.com.br\/portal\/index.php?rest_route=%2Fwp%2Fv2%2Ftags&post=40529"}],"curies":[{"name":"wp","href":"https:\/\/api.w.org\/{rel}","templated":true}]}}