{"id":40522,"date":"2014-09-22T20:00:39","date_gmt":"2014-09-22T23:00:39","guid":{"rendered":"http:\/\/aconteceunovale.com.br\/portal\/?p=40522"},"modified":"2014-09-22T20:02:22","modified_gmt":"2014-09-22T23:02:22","slug":"homem-de-31-anos-e-brutalmente-assassinado-em-coluna","status":"publish","type":"post","link":"https:\/\/aconteceunovale.com.br\/portal\/?p=40522","title":{"rendered":"Homem de 31 anos \u00e9 brutalmente assassinado em Coluna"},"content":{"rendered":"<h4><strong><em>Autor efetuou v\u00e1rios disparos contra a cabe\u00e7a da v\u00edtima. Homem era um desportista querido na cidade.<\/em><\/strong><\/h4>\n<p>Um homem de 31 anos foi assassinado com requintes de crueldade no in\u00edcio da tarde deste domingo, 21 de setembro, em Coluna, na mesorregi\u00e3o do Vale do Rio Doce, no Leste de Minas Gerais.<\/p>\n<p>[image src=&#8221;http:\/\/aconteceunovale.com.br\/portal\/wp-content\/uploads\/2014\/09\/clodoaldo_vitima_coluna.jpg&#8221; width=&#8221;327&#8243; height=&#8221;450&#8243; lightbox=&#8221;yes&#8221; align=&#8221;left&#8221; float=&#8221;left&#8221;]De acordo com informa\u00e7\u00f5es, o autor Geraldo L\u00facio Mendes, de 31 anos, chegou em um bar localizado na Rua Itamarandiba, no bairro V\u00e1rzea, por volta das 13h30 e efetuou v\u00e1rios disparos de arma de fogo na cabe\u00e7a da v\u00edtima Clodoaldo Paulo de Jesus.<\/p>\n<p>N\u00e3o satisfeito, o autor arrastou a v\u00edtima para a cal\u00e7ada do bar e continuou atirando at\u00e9 as muni\u00e7\u00f5es acabarem. Em ato cont\u00ednuo o criminoso foi em dire\u00e7\u00e3o ao seu ve\u00edculo, apoderou-se de um canivete e desferiu v\u00e1rios golpes das costas da v\u00edtima.<\/p>\n<p>Ap\u00f3s a a\u00e7\u00e3o criminosa, Geraldo fugiu tomando rumo ignorado e encontra-se foragido. O crime \u00e9 investigado pela pol\u00edcia, mas de acordo com as primeiras informa\u00e7\u00f5es a motiva\u00e7\u00e3o pode ter sido passional.<\/p>\n<h4>Desportista querido na cidade<\/h4>\n<p>Clodoaldo, que era desportista e muito querido na cidade. Segundo informa\u00e7\u00f5es de um amigo pr\u00f3ximo, ele era amados por todos os colunenses e principalmente pelos esportistas. Era um craque com a bola nos p\u00e9s, at\u00e9 que um dia um problema card\u00edaco o tirou dos gramados.<\/p>\n<p>Mas mesmo usando um marca-passo, o rapaz n\u00e3o suportou ficar longe do esporte e voltar a jogar futebol, colocando em risco a sua pr\u00f3pria vida. Ultimamente ele dedicava boa parte do seu tempo treinando equipes de futebol da cidade.<\/p>\n","protected":false},"excerpt":{"rendered":"<p>Autor efetuou v\u00e1rios disparos contra a cabe\u00e7a da v\u00edtima. Homem era um desportista querido na cidade. Um homem de 31 anos foi assassinado com requintes de crueldade no in\u00edcio da tarde deste domingo, 21 de setembro, em Coluna, na mesorregi\u00e3o do Vale do Rio Doce, no Leste de Minas Gerais. [image src=&#8221;http:\/\/aconteceunovale.com.br\/portal\/wp-content\/uploads\/2014\/09\/clodoaldo_vitima_coluna.jpg&#8221; width=&#8221;327&#8243; height=&#8221;450&#8243; lightbox=&#8221;yes&#8221; [&hellip;]<\/p>\n","protected":false},"author":1,"featured_media":40523,"comment_status":"open","ping_status":"closed","sticky":false,"template":"","format":"standard","meta":{"amp_status":"","footnotes":""},"categories":[121],"tags":[16615,16611,281,16610,16609,16614,16613,16612],"class_list":["post-40522","post","type-post","status-publish","format-standard","has-post-thumbnail","hentry","category-leste","tag-assassinato-em-coluna","tag-clodoaldo-paulo-de-jesus","tag-coluna","tag-geraldo-lucio-mendes","tag-homem-de-31-anos-e-brutalmente-assassinado-em-coluna","tag-homicidio-em-coluna","tag-morte-do-clodoaldo-em-coluna","tag-morte-do-du-em-coluna"],"_links":{"self":[{"href":"https:\/\/aconteceunovale.com.br\/portal\/index.php?rest_route=\/wp\/v2\/posts\/40522","targetHints":{"allow":["GET"]}}],"collection":[{"href":"https:\/\/aconteceunovale.com.br\/portal\/index.php?rest_route=\/wp\/v2\/posts"}],"about":[{"href":"https:\/\/aconteceunovale.com.br\/portal\/index.php?rest_route=\/wp\/v2\/types\/post"}],"author":[{"embeddable":true,"href":"https:\/\/aconteceunovale.com.br\/portal\/index.php?rest_route=\/wp\/v2\/users\/1"}],"replies":[{"embeddable":true,"href":"https:\/\/aconteceunovale.com.br\/portal\/index.php?rest_route=%2Fwp%2Fv2%2Fcomments&post=40522"}],"version-history":[{"count":0,"href":"https:\/\/aconteceunovale.com.br\/portal\/index.php?rest_route=\/wp\/v2\/posts\/40522\/revisions"}],"wp:featuredmedia":[{"embeddable":true,"href":"https:\/\/aconteceunovale.com.br\/portal\/index.php?rest_route=\/wp\/v2\/media\/40523"}],"wp:attachment":[{"href":"https:\/\/aconteceunovale.com.br\/portal\/index.php?rest_route=%2Fwp%2Fv2%2Fmedia&parent=40522"}],"wp:term":[{"taxonomy":"category","embeddable":true,"href":"https:\/\/aconteceunovale.com.br\/portal\/index.php?rest_route=%2Fwp%2Fv2%2Fcategories&post=40522"},{"taxonomy":"post_tag","embeddable":true,"href":"https:\/\/aconteceunovale.com.br\/portal\/index.php?rest_route=%2Fwp%2Fv2%2Ftags&post=40522"}],"curies":[{"name":"wp","href":"https:\/\/api.w.org\/{rel}","templated":true}]}}