{"id":40479,"date":"2014-09-22T17:25:45","date_gmt":"2014-09-22T20:25:45","guid":{"rendered":"http:\/\/aconteceunovale.com.br\/portal\/?p=40479"},"modified":"2014-09-22T17:25:45","modified_gmt":"2014-09-22T20:25:45","slug":"mapeamento-cultural-de-ipatinga-entra-na-reta-final","status":"publish","type":"post","link":"https:\/\/aconteceunovale.com.br\/portal\/?p=40479","title":{"rendered":"Mapeamento Cultural de Ipatinga entra na reta final"},"content":{"rendered":"<p>O trabalho de cadastramento e identifica\u00e7\u00e3o de atores, m\u00fasicos, escritores, artes\u00e3os, artistas pl\u00e1sticos, colaboradores, produtores e agentes culturais de Ipatinga entra na reta final, nesta semana. Ap\u00f3s dois meses de levantamentos realizados em todas as nove regionais do munic\u00edpio, incluindo a zona rural, nos \u00faltimos dias os t\u00e9cnicos da consultoria Diverso, respons\u00e1vel pela pesquisa, ficar\u00e3o concentrados no sagu\u00e3o de entrada da Prefeitura para atender a todos os interessados, at\u00e9 a pr\u00f3xima sexta-feira (26\/09), das 14h \u00e0s 18h.<\/p>\n<p><img decoding=\"async\" src=\"http:\/\/aconteceunovale.com.br\/portal\/wp-content\/uploads\/2014\/09\/mapeamento_cultural_de_ipatinga.jpg\" alt=\"\" \/><em>O cadastramento de artistas de Ipatinga \u00e9 realizado no hall da prefeitura &#8211; Foto: Divulga\u00e7\u00e3o<\/em><br \/>\n<\/br><\/p>\n<p>Podem participar do &#8220;Mapeamento Cultural&#8221; de Ipatinga todos os artistas e militantes culturais residentes no munic\u00edpio, que atuam de forma profissional, amadora ou iniciante, que tenham alguma atividade relacionada com a cultura. O levantamento tem o objetivo principal de revelar um perfil mais consolidado e realista da produ\u00e7\u00e3o art\u00edstica na cidade, permitindo a elabora\u00e7\u00e3o de programas e mecanismos de apoio ao setor, al\u00e9m de gerar pontua\u00e7\u00e3o ao munic\u00edpio no repasse do ICMS Cultural.<\/p>\n<p>A realiza\u00e7\u00e3o do &#8220;Mapeamento Cultural&#8221; \u00e9 um passo importante para a cria\u00e7\u00e3o do Plano Municipal de Cultura e a implanta\u00e7\u00e3o do Sistema Municipal de Informa\u00e7\u00f5es e Indicadores Culturais (SMIIC). Com isto, o munic\u00edpio de Ipatinga passar\u00e1 a ter acesso a novos programas de incentivo e desenvolvimento cultural e vai atuar de forma integrada com o Sistema Nacional de Informa\u00e7\u00f5es e Indicadores Culturais (SNIIC), do Minist\u00e9rio da Cultura.<\/p>\n<h4>SERVI\u00c7O<\/h4>\n<p>Mapeamento Cultural de Ipatinga<br \/>\nAt\u00e9 sexta-feira (26\/09) | de 14h \u00e0s 18h<br \/>\nLocal: Hall de entrada da PMI<br \/>\nCadastramento no site: <a href=\"http:\/\/www.projetodiverso.com.br\" target=\"_blank\">www.projetodiverso.com.br<\/a><br \/>\nMais informa\u00e7\u00f5es: (31) 3829-8059<\/p>\n","protected":false},"excerpt":{"rendered":"<p>O trabalho de cadastramento e identifica\u00e7\u00e3o de atores, m\u00fasicos, escritores, artes\u00e3os, artistas pl\u00e1sticos, colaboradores, produtores e agentes culturais de Ipatinga entra na reta final, nesta semana. Ap\u00f3s dois meses de levantamentos realizados em todas as nove regionais do munic\u00edpio, incluindo a zona rural, nos \u00faltimos dias os t\u00e9cnicos da consultoria Diverso, respons\u00e1vel pela pesquisa, ficar\u00e3o [&hellip;]<\/p>\n","protected":false},"author":1,"featured_media":40480,"comment_status":"open","ping_status":"closed","sticky":false,"template":"","format":"standard","meta":{"amp_status":"","footnotes":""},"categories":[121],"tags":[201,16579,16580],"class_list":["post-40479","post","type-post","status-publish","format-standard","has-post-thumbnail","hentry","category-leste","tag-ipatinga","tag-mapeamento-cultural-de-ipatinga","tag-mapeamento-cultural-de-ipatinga-entra-na-reta-final"],"_links":{"self":[{"href":"https:\/\/aconteceunovale.com.br\/portal\/index.php?rest_route=\/wp\/v2\/posts\/40479","targetHints":{"allow":["GET"]}}],"collection":[{"href":"https:\/\/aconteceunovale.com.br\/portal\/index.php?rest_route=\/wp\/v2\/posts"}],"about":[{"href":"https:\/\/aconteceunovale.com.br\/portal\/index.php?rest_route=\/wp\/v2\/types\/post"}],"author":[{"embeddable":true,"href":"https:\/\/aconteceunovale.com.br\/portal\/index.php?rest_route=\/wp\/v2\/users\/1"}],"replies":[{"embeddable":true,"href":"https:\/\/aconteceunovale.com.br\/portal\/index.php?rest_route=%2Fwp%2Fv2%2Fcomments&post=40479"}],"version-history":[{"count":0,"href":"https:\/\/aconteceunovale.com.br\/portal\/index.php?rest_route=\/wp\/v2\/posts\/40479\/revisions"}],"wp:featuredmedia":[{"embeddable":true,"href":"https:\/\/aconteceunovale.com.br\/portal\/index.php?rest_route=\/wp\/v2\/media\/40480"}],"wp:attachment":[{"href":"https:\/\/aconteceunovale.com.br\/portal\/index.php?rest_route=%2Fwp%2Fv2%2Fmedia&parent=40479"}],"wp:term":[{"taxonomy":"category","embeddable":true,"href":"https:\/\/aconteceunovale.com.br\/portal\/index.php?rest_route=%2Fwp%2Fv2%2Fcategories&post=40479"},{"taxonomy":"post_tag","embeddable":true,"href":"https:\/\/aconteceunovale.com.br\/portal\/index.php?rest_route=%2Fwp%2Fv2%2Ftags&post=40479"}],"curies":[{"name":"wp","href":"https:\/\/api.w.org\/{rel}","templated":true}]}}