{"id":40474,"date":"2014-09-22T17:20:35","date_gmt":"2014-09-22T20:20:35","guid":{"rendered":"http:\/\/aconteceunovale.com.br\/portal\/?p=40474"},"modified":"2014-09-22T17:20:35","modified_gmt":"2014-09-22T20:20:35","slug":"caratinga-comemora-dia-da-arvore-com-o-plantio-de-431-mudas","status":"publish","type":"post","link":"https:\/\/aconteceunovale.com.br\/portal\/?p=40474","title":{"rendered":"Caratinga comemora Dia da \u00c1rvore com o plantio de 431 mudas"},"content":{"rendered":"<h4><strong><em>Parceiros da Prefeitura de Caratinga participaram da a\u00e7\u00e3o de plantio de mudas de \u00e1rvores promovida pelo Departamento de Educa\u00e7\u00e3o Ambiental na Avenida D\u00e1rio Grossi na manh\u00e3 de s\u00e1bado<\/em><\/strong><\/h4>\n<p>Em comemora\u00e7\u00e3o ao Dia da \u00c1rvore, 21 de setembro, a Prefeitura de Caratinga por meio da Secretaria de Meio Ambiente e Servi\u00e7os Urbanos, convidou parceiros e registrou a data plantando 431 mudas de Ip\u00eas na Avenida D\u00e1rio Grossi. A a\u00e7\u00e3o contou com a participa\u00e7\u00e3o da Igreja de Jesus Cristo dos Santos dos \u00daltimos Dias e aconteceu na manh\u00e3 de s\u00e1bado (19).<\/p>\n<p>\u201cA \u00e1rvore \u00e9 o maior s\u00edmbolo da natureza\u201d, lembrou o secret\u00e1rio de Meio Ambiente, \u00c1lvaro T\u00e1pias Chinchilla. \u201cEla proporciona sombra para o nosso descanso, os frutos para nossa alimenta\u00e7\u00e3o. A \u00e1rvore \u00e9 muito importante para o equil\u00edbrio do ambiente porque mant\u00e9m a umidade do ar, diminui a polui\u00e7\u00e3o, principalmente nos centros urbanos, forma barreiras contra os ventos, impede a eros\u00e3o, dentre tantos outros benef\u00edcios. Al\u00e9m disso, as \u00e1rvores fornecem v\u00e1rias mat\u00e9rias-primas, como a celulose para a fabrica\u00e7\u00e3o de papel e a madeira, por exemplo\u201d.<\/p>\n<p><img decoding=\"async\" src=\"http:\/\/aconteceunovale.com.br\/portal\/wp-content\/uploads\/2014\/09\/dia_da_arvore_ipatinga_1.jpg\" alt=\"\" \/><em>H\u00e9lio Amaral ensina \u00e0s crian\u00e7as a plantar \u00e1rvores &#8211; Foto: Divulga\u00e7\u00e3o<\/em><br \/>\n<\/br><\/p>\n<h4>Parceiros plantam \u00e1rvores<\/h4>\n<p>Aproximadamente 30 pessoas da Igreja de Jesus Cristo dos Santos dos \u00daltimos Dias contribu\u00edram para o plantio das Ip\u00eas. Os membros da Igreja que participaram fazem parte do Projeto Voluntariado \u201cM\u00e3os que Ajudam\u201d, que h\u00e1 mais de 12 anos colaboram em diversas a\u00e7\u00f5es sociais.<\/p>\n<p>A diretora de Assuntos P\u00fablicos da Igreja de Jesus Cristo dos Santos dos \u00daltimos Dias, Patr\u00edcia Gon\u00e7alves, explica que o tema proposto para 2014 \u00e9 \u201cM\u00e3os que ajudam o Meio Ambiente\u201d. Ela conta que o convite para participarem do plantio das mudas partiu da diretora do Departamento de Educa\u00e7\u00e3o Ambiental, Maria das Gra\u00e7as Santos, Mariinha, e foi recebido com alegria. \u201cRecebemos o convite e ficamos muito felizes por sermos inclu\u00eddos entre os parceiros da Prefeitura de Caratinga. Poder contribuir um pouco com a nossa cidade nesta a\u00e7\u00e3o \u00e9 gratificante. Hoje a comunidade est\u00e1 precisando de m\u00e3os que ajudam a plantar \u00e1rvores e a zelar pela Natureza, mantendo a limpeza e a organiza\u00e7\u00e3o. O bem \u00e9 para toda a cidade e para toda a sociedade,\u201d finaliza.<\/p>\n<p>O sargento Adelson, da Pol\u00edcia Militar Ambiental, diz que o meio ambiente est\u00e1 muito degradado e explica que a\u00e7\u00f5es como esta da Prefeitura de Caratinga est\u00e3o colaborando para despertar nas pessoas o respeito pela Natureza. \u201cS\u00e3o a\u00e7\u00f5es como esta que demonstram que os \u00f3rg\u00e3os p\u00fablicos ainda est\u00e3o se preocupando com esta triste realidade. \u00c9 importante comprometer cada vez mais pessoas, pois ainda h\u00e1 muita necessidade de conscientizar a popula\u00e7\u00e3o para continuarem valorizando a palavra preserva\u00e7\u00e3o\u201d.<\/p>\n<p>O professor e historiador H\u00e9lio Amaral participou do plantio dos Ip\u00eas e fala de sua emo\u00e7\u00e3o. \u201cEstou bastante emocionado em participar deste movimento. Eu soube por meio do Facebook da Prefeitura que esta a\u00e7\u00e3o iria acontecer e decidi colaborar. Estar aqui me faz pensar no futuro, daqui a 10 anos como ser\u00e1 a Avenida D\u00e1rio Grossi com a beleza destas \u00e1rvores crescidas e floridas. Elas v\u00e3o ser admiradas por todos que aqui passarem durante as suas caminhadas. Estamos na Primavera e nada melhor que Ip\u00eas para retratar a beleza t\u00edpica do nosso pa\u00eds. \u00c9 muito bom ver as crian\u00e7as, os jovens e os adultos envolvidos nesta a\u00e7\u00e3o que me faz sonhar com um futuro melhor para todos\u201d.<\/p>\n<p><img decoding=\"async\" src=\"http:\/\/aconteceunovale.com.br\/portal\/wp-content\/uploads\/2014\/09\/dia_da_arvore_ipatinga_2.jpg\" alt=\"\" \/><em>Alunos visitam Aterro Sanit\u00e1rio Municipal &#8211; Foto: Divulga\u00e7\u00e3o<\/em><br \/>\n<\/br><\/p>\n<h4>Visita guiada ao Aterro Sanit\u00e1rio Municipal<\/h4>\n<p>Para assinalar o Dia da \u00c1rvore, o Departamento de Educa\u00e7\u00e3o Ambiental promoveu, durante a semana, visitas de escolas ao Aterro Sanit\u00e1rio Municipal.<\/p>\n<p>Participaram da visita ao Aterro Sanit\u00e1rio Municipal escolas p\u00fablicas estaduais. Os alunos fizeram uma visita guiada, participaram de palestras com o tema \u201cRes\u00edduos S\u00f3lidos no Aterro Sanit\u00e1rio\u201d e participaram do plantio de 150 mudas de \u00e1rvores nativas da regi\u00e3o\u201d, conta Mariinha.<\/p>\n<p>O t\u00e9cnico de Saneamento B\u00e1sico, Vagno Mourino Alves e o estagi\u00e1rio do curso de Ci\u00eancias Biol\u00f3gicas, do UNEC (Centro Universit\u00e1rio de Caratinga), William Wdsono receberam os alunos da E. E. Deputado Agenor Ludgero Alves, no dia 16 e da E. E. Professora Maria Fontes, 18 , para visitas guiadas ao Aterro Municipal.\u201cExplicamos o que acontece com os res\u00edduos recolhidos na sede e nos distritos ap\u00f3s a chegada dos mesmos ao Aterro\u201d, conta Vagno.<\/p>\n<p>\u201cOs alunos tiveram a oportunidade de aprender a fazer o plantio de mudas de \u00e1rvores nativas sob a orienta\u00e7\u00e3o da bi\u00f3loga Valdirene Maria da Silva Pinto do Departamento de Biologia da Prefeitura\u201d.<\/p>\n<p><img decoding=\"async\" src=\"http:\/\/aconteceunovale.com.br\/portal\/wp-content\/uploads\/2014\/09\/dia_da_arvore_ipatinga_3.jpg\" alt=\"\" \/><em>Ao todo foram plantadas 431 mudas de \u00e1rvores pela Prefeitura de Caratinga &#8211; Foto: Divulga\u00e7\u00e3o<\/em><br \/>\n<\/br><\/p>\n<h4>O Dia da \u00c1rvore<\/h4>\n<p>A data \u00e9 comemorada em todo o mundo, mas em datas diferentes. No Brasil, \u00e9 comemorado no dia 21 de setembro, devido \u00e0 v\u00e9spera da chegada da primavera, esta\u00e7\u00e3o respons\u00e1vel pelo grande aparecimento de flores e por simbolizar a continua\u00e7\u00e3o da vida. Esse dia est\u00e1 relacionado \u00e0 cultura ind\u00edgena, que cultua o respeito e a valoriza\u00e7\u00e3o da \u00e1rvore, representante direta de nossa imensa riqueza natural.<\/p>\n<p>No dia 21 de mar\u00e7o tamb\u00e9m se comemora o Dia Mundial da \u00c1rvore ou Dia Mundial da Floresta. Essa comemora\u00e7\u00e3o oficial teve lugar pela primeira vez no estado norte-americano do Nebraska, em 1872.<\/p>\n<p>Cada regi\u00e3o brasileira escolheu uma \u00e1rvore t\u00edpica como seu s\u00edmbolo. A regi\u00e3o Norte, a castanheira; a regi\u00e3o Nordeste, a carna\u00faba; a Centro-Oeste, o ip\u00ea-amarelo; a Sudeste, o pau-brasil; e a Sul, o pinheiro-do-paran\u00e1, tamb\u00e9m conhecida como arauc\u00e1ria.<\/p>\n","protected":false},"excerpt":{"rendered":"<p>Parceiros da Prefeitura de Caratinga participaram da a\u00e7\u00e3o de plantio de mudas de \u00e1rvores promovida pelo Departamento de Educa\u00e7\u00e3o Ambiental na Avenida D\u00e1rio Grossi na manh\u00e3 de s\u00e1bado Em comemora\u00e7\u00e3o ao Dia da \u00c1rvore, 21 de setembro, a Prefeitura de Caratinga por meio da Secretaria de Meio Ambiente e Servi\u00e7os Urbanos, convidou parceiros e registrou [&hellip;]<\/p>\n","protected":false},"author":1,"featured_media":40477,"comment_status":"open","ping_status":"closed","sticky":false,"template":"","format":"standard","meta":{"amp_status":"","footnotes":""},"categories":[121],"tags":[237,16577,16576,1018,16578],"class_list":["post-40474","post","type-post","status-publish","format-standard","has-post-thumbnail","hentry","category-leste","tag-caratinga","tag-caratinga-comemora-dia-da-arvore","tag-caratinga-comemora-dia-da-arvore-com-o-plantio-de-431-mudas","tag-destaque","tag-dia-da-arvore"],"_links":{"self":[{"href":"https:\/\/aconteceunovale.com.br\/portal\/index.php?rest_route=\/wp\/v2\/posts\/40474","targetHints":{"allow":["GET"]}}],"collection":[{"href":"https:\/\/aconteceunovale.com.br\/portal\/index.php?rest_route=\/wp\/v2\/posts"}],"about":[{"href":"https:\/\/aconteceunovale.com.br\/portal\/index.php?rest_route=\/wp\/v2\/types\/post"}],"author":[{"embeddable":true,"href":"https:\/\/aconteceunovale.com.br\/portal\/index.php?rest_route=\/wp\/v2\/users\/1"}],"replies":[{"embeddable":true,"href":"https:\/\/aconteceunovale.com.br\/portal\/index.php?rest_route=%2Fwp%2Fv2%2Fcomments&post=40474"}],"version-history":[{"count":0,"href":"https:\/\/aconteceunovale.com.br\/portal\/index.php?rest_route=\/wp\/v2\/posts\/40474\/revisions"}],"wp:featuredmedia":[{"embeddable":true,"href":"https:\/\/aconteceunovale.com.br\/portal\/index.php?rest_route=\/wp\/v2\/media\/40477"}],"wp:attachment":[{"href":"https:\/\/aconteceunovale.com.br\/portal\/index.php?rest_route=%2Fwp%2Fv2%2Fmedia&parent=40474"}],"wp:term":[{"taxonomy":"category","embeddable":true,"href":"https:\/\/aconteceunovale.com.br\/portal\/index.php?rest_route=%2Fwp%2Fv2%2Fcategories&post=40474"},{"taxonomy":"post_tag","embeddable":true,"href":"https:\/\/aconteceunovale.com.br\/portal\/index.php?rest_route=%2Fwp%2Fv2%2Ftags&post=40474"}],"curies":[{"name":"wp","href":"https:\/\/api.w.org\/{rel}","templated":true}]}}