{"id":40471,"date":"2014-09-22T17:10:10","date_gmt":"2014-09-22T20:10:10","guid":{"rendered":"http:\/\/aconteceunovale.com.br\/portal\/?p=40471"},"modified":"2014-09-22T17:10:10","modified_gmt":"2014-09-22T20:10:10","slug":"equipes-de-saude-sao-implantadas-na-zona-rural-de-governador-valadares","status":"publish","type":"post","link":"https:\/\/aconteceunovale.com.br\/portal\/?p=40471","title":{"rendered":"Equipes de sa\u00fade s\u00e3o implantadas na zona rural de Governador Valadares"},"content":{"rendered":"<h4><strong><em>Moradores de Vila Nova Floresta e \u00e1reas de abrang\u00eancia conquistam ESF<\/em><\/strong><\/h4>\n<p>\u201cO m\u00e9dico s\u00f3 vinha aqui uma vez por m\u00eas. Quem nos orientava eram os agentes comunit\u00e1rios de sa\u00fade, que realizavam visitas domiciliares e nos davam assist\u00eancia. Hoje, acredito que vai melhorar demais, vai acontecer uma revolu\u00e7\u00e3o na sa\u00fade de toda popula\u00e7\u00e3o daqui e das redondezas\u201d, comemorou Jos\u00e9 L\u00facio de Souza, morador de C\u00f3rrego Alto, durante encontro no \u00faltimo s\u00e1bado (20) para implanta\u00e7\u00e3o da Estrat\u00e9gia Sa\u00fade da Fam\u00edlia (ESF) no distrito de Vila Nova Floresta, \u00e1rea de abrang\u00eancia da Regi\u00e3o I, que fica na zona rural do Munic\u00edpio. Valadares caminha para chegar a 57 ESFs, o que representa cerca de 190 mil pessoas atendidas com cobertura do SUS.<\/p>\n<p><img decoding=\"async\" src=\"http:\/\/aconteceunovale.com.br\/portal\/wp-content\/uploads\/2014\/09\/esf_zr_gv.jpg\" alt=\"\" \/><em>Nova equipe ESF \u00e9 apresentada a comunidade &#8211; Foto: Divulga\u00e7\u00e3o<\/em><br \/>\n<\/br><\/p>\n<p>A partir de agora, as quase tr\u00eas mil pessoas da regi\u00e3o contar\u00e3o com uma equipe multidisciplinar, com um m\u00e9dico generalista, um enfermeiro, um t\u00e9cnico em enfermagem, agentes de sa\u00fade, um odont\u00f3logo e auxiliar de sa\u00fade bucal. A equipe ofertar\u00e1 servi\u00e7os indispens\u00e1veis \u00e0 comunidade de acordo com a carteira de servi\u00e7o da zona rural, como consultas m\u00e9dicas, retirada de pontos, drenagem de abscesso, tratamento do tabagismo, passagem de sondas vesicais, avalia\u00e7\u00f5es preventivas, acolhimento, aplica\u00e7\u00e3o de vacinas, entre outros.<\/p>\n<p>Ros\u00e2ngela Cristina foi convidada a representar os moradores dos distritos de Penha do Cassiano, Cassianinho, Melqu\u00edades, Bom Jardim, Chuvas, Desid\u00e9rio e Prazeres, tendo Vila Nova Floresta como sede, e n\u00e3o poupou elogios pelo empenho da prefeita Elisa Costa em cuidar da sa\u00fade dos moradores da regi\u00e3o. \u201cS\u00f3 tenho que agradecer por essa conquista, que \u00e9 de grande valia para todos n\u00f3s\u201d, disse.<\/p>\n<p>Osmar Salustriano de Moura, residente em Vila Nova Floresta h\u00e1 57 anos, tamb\u00e9m falou sobre os benef\u00edcios do novo sistema. \u201c\u00c9 a concretiza\u00e7\u00e3o de um sonho! Tenho certeza de que essa mudan\u00e7a vai facilitar muito nossa vida porque n\u00e3o precisaremos ir com tanta frequ\u00eancia a Valadares, o que nos far\u00e1 economizar \u2013 porque uma ida at\u00e9 a cidade fica em R$ 100. Agora teremos tudo aqui perto\u201d, contou.<\/p>\n","protected":false},"excerpt":{"rendered":"<p>Moradores de Vila Nova Floresta e \u00e1reas de abrang\u00eancia conquistam ESF \u201cO m\u00e9dico s\u00f3 vinha aqui uma vez por m\u00eas. Quem nos orientava eram os agentes comunit\u00e1rios de sa\u00fade, que realizavam visitas domiciliares e nos davam assist\u00eancia. Hoje, acredito que vai melhorar demais, vai acontecer uma revolu\u00e7\u00e3o na sa\u00fade de toda popula\u00e7\u00e3o daqui e das [&hellip;]<\/p>\n","protected":false},"author":1,"featured_media":40472,"comment_status":"open","ping_status":"closed","sticky":false,"template":"","format":"standard","meta":{"amp_status":"","footnotes":""},"categories":[121],"tags":[16575,247],"class_list":["post-40471","post","type-post","status-publish","format-standard","has-post-thumbnail","hentry","category-leste","tag-equipes-de-saude-sao-implantadas-na-zona-rural-de-governador-valadares","tag-governador-valadares"],"_links":{"self":[{"href":"https:\/\/aconteceunovale.com.br\/portal\/index.php?rest_route=\/wp\/v2\/posts\/40471","targetHints":{"allow":["GET"]}}],"collection":[{"href":"https:\/\/aconteceunovale.com.br\/portal\/index.php?rest_route=\/wp\/v2\/posts"}],"about":[{"href":"https:\/\/aconteceunovale.com.br\/portal\/index.php?rest_route=\/wp\/v2\/types\/post"}],"author":[{"embeddable":true,"href":"https:\/\/aconteceunovale.com.br\/portal\/index.php?rest_route=\/wp\/v2\/users\/1"}],"replies":[{"embeddable":true,"href":"https:\/\/aconteceunovale.com.br\/portal\/index.php?rest_route=%2Fwp%2Fv2%2Fcomments&post=40471"}],"version-history":[{"count":0,"href":"https:\/\/aconteceunovale.com.br\/portal\/index.php?rest_route=\/wp\/v2\/posts\/40471\/revisions"}],"wp:featuredmedia":[{"embeddable":true,"href":"https:\/\/aconteceunovale.com.br\/portal\/index.php?rest_route=\/wp\/v2\/media\/40472"}],"wp:attachment":[{"href":"https:\/\/aconteceunovale.com.br\/portal\/index.php?rest_route=%2Fwp%2Fv2%2Fmedia&parent=40471"}],"wp:term":[{"taxonomy":"category","embeddable":true,"href":"https:\/\/aconteceunovale.com.br\/portal\/index.php?rest_route=%2Fwp%2Fv2%2Fcategories&post=40471"},{"taxonomy":"post_tag","embeddable":true,"href":"https:\/\/aconteceunovale.com.br\/portal\/index.php?rest_route=%2Fwp%2Fv2%2Ftags&post=40471"}],"curies":[{"name":"wp","href":"https:\/\/api.w.org\/{rel}","templated":true}]}}