{"id":40466,"date":"2014-09-22T16:40:38","date_gmt":"2014-09-22T19:40:38","guid":{"rendered":"http:\/\/aconteceunovale.com.br\/portal\/?p=40466"},"modified":"2014-09-22T16:40:38","modified_gmt":"2014-09-22T19:40:38","slug":"instrutor-do-samu-e-campeao-brasileiro-de-jiu-jitsu","status":"publish","type":"post","link":"https:\/\/aconteceunovale.com.br\/portal\/?p=40466","title":{"rendered":"Instrutor do Samu \u00e9 campe\u00e3o brasileiro de Jiu-Jitsu"},"content":{"rendered":"<h4><strong><em>Ildefonso Jos\u00e9 foi o grande vencedor do 25\u00ba Campeonato Brasileiro Interclubes de Jiu-Jitsu, realizado no \u00faltimo fim de semana, em Belo Horizonte<\/em><\/strong><\/h4>\n<p>[image src=&#8221;http:\/\/aconteceunovale.com.br\/portal\/wp-content\/uploads\/2014\/09\/instrutor_samu_campeao_1.jpg&#8221; width=&#8221;337&#8243; height=&#8221;450&#8243; lightbox=&#8221;yes&#8221; align=&#8221;left&#8221; float=&#8221;left&#8221;]O instrutor do Servi\u00e7o de Atendimento M\u00f3vel de Urg\u00eancia do Norte de Minas (Samu Macro Norte), Ildefonso Jos\u00e9, foi o grande vencedor do 25\u00ba Campeonato Brasileiro Interclubes de Jiu-Jitsu, realizado no \u00faltimo fim de semana, dias 20 e 21 de setembro, em Belo Horizonte.<\/p>\n<p>As provas foram realizadas no gin\u00e1sio do Mineirinho, quando tamb\u00e9m foi comemorado o centen\u00e1rio do Jiu-Jitsu no Brasil e prestada homenagem ao Gr\u00e3o Mestre, Jos\u00e9 Senador Rosa, introdutor do Jiu-Jitsu em Minas Gerais.<\/p>\n<p>Fonfon, como \u00e9 carinhosamente chamado pelos amigos e colegas de profiss\u00e3o, exibiu com orgulho a medalha de ouro, a segunda conquistada no campeonato. \u201cNo ano passado fiquei em terceiro lugar, com medalha de bronze. Nesse ano foi ainda mais dif\u00edcil porque o n\u00edvel dos atletas estava muito alto, mas como havia me dedicado mais aos treinos, consegui chegar ao lugar mais alto do p\u00f3dio na modalidade M\u00e1ster\u201d, comemora.<\/p>\n<p>Servidor do Samu desde a instala\u00e7\u00e3o do servi\u00e7o em Montes Claros, em 2006, Fonfon foi o condutor socorrista da unidade que realizou o primeiro atendimento na cidade. \u201cJ\u00e1 estava habituado a esse ambiente tenso, devido a minha experi\u00eancia de anos como soldado do Ex\u00e9rcito. Mesmo assim, foi um desafio para mim, algo muito novo. Nunca mais consegui me imaginar fazendo outro trabalho. Tenho muito orgulho de ser parte do Samu. Gosto desse desafio, de superar meus limites\u201d, avalia.<\/p>\n<p>Fonfon diz que sempre gostou de artes marciais, mas nunca teve muito tempo para praticar. H\u00e1 tr\u00eas anos, decidiu se inscrever em uma academia de Jiu-Jitsu e come\u00e7ou a praticar o esporte com certa regularidade. \u201cQuando entrei na academia RD, o Mestre Rog\u00e9rio Dias come\u00e7ou a me desafiar, a testar meus limites, e quando dei por mim j\u00e1 estava treinando no n\u00edvel avan\u00e7ado. Sem d\u00favida, desafios \u00e9 o que me move. Estou me sentindo muito realizado em conquistar o ouro em um campeonato t\u00e3o importante\u201d.<\/p>\n<p>O atleta diz que o pr\u00f3ximo desafio ser\u00e1 o Argentina Open, nos dias 7, 8 e 9 de novembro, em Bueno Aires. Em dezembro, ele tamb\u00e9m participar\u00e1 do Panamericano X-Combat de Jiu-Jitsu, em Betim\/MG.<\/p>\n<p><img decoding=\"async\" src=\"http:\/\/aconteceunovale.com.br\/portal\/wp-content\/uploads\/2014\/09\/instrutor_samu_campeao_2.jpg\" alt=\"\" \/><em>Ildefonso Jos\u00e9 foi o grande vencedor do 25\u00ba Campeonato Brasileiro Interclubes de Jiu-Jitsu, realizado no \u00faltimo fim de semana, em Belo Horizonte &#8211; Foto: Divulga\u00e7\u00e3o\/Samu Macro Norte<\/em><\/p>\n","protected":false},"excerpt":{"rendered":"<p>Ildefonso Jos\u00e9 foi o grande vencedor do 25\u00ba Campeonato Brasileiro Interclubes de Jiu-Jitsu, realizado no \u00faltimo fim de semana, em Belo Horizonte [image src=&#8221;http:\/\/aconteceunovale.com.br\/portal\/wp-content\/uploads\/2014\/09\/instrutor_samu_campeao_1.jpg&#8221; width=&#8221;337&#8243; height=&#8221;450&#8243; lightbox=&#8221;yes&#8221; align=&#8221;left&#8221; float=&#8221;left&#8221;]O instrutor do Servi\u00e7o de Atendimento M\u00f3vel de Urg\u00eancia do Norte de Minas (Samu Macro Norte), Ildefonso Jos\u00e9, foi o grande vencedor do 25\u00ba Campeonato Brasileiro Interclubes [&hellip;]<\/p>\n","protected":false},"author":1,"featured_media":40467,"comment_status":"open","ping_status":"closed","sticky":false,"template":"","format":"standard","meta":{"amp_status":"","footnotes":""},"categories":[1236],"tags":[16570,16572,194,1495,16573,16571,16569,16568,16574,4040],"class_list":["post-40466","post","type-post","status-publish","format-standard","has-post-thumbnail","hentry","category-norte_de_minas","tag-25o-campeonato-brasileiro-interclubes-de-jiu-jitsu","tag-argentina-open","tag-belo-horizonte","tag-betim","tag-bueno-aires","tag-fonfon","tag-ildefonso-jose","tag-instrutor-do-samu-e-campeao-brasileiro-de-jiu-jitsu","tag-panamericano-x-combat-de-jiu-jitsu","tag-samu-macro-norte"],"_links":{"self":[{"href":"https:\/\/aconteceunovale.com.br\/portal\/index.php?rest_route=\/wp\/v2\/posts\/40466","targetHints":{"allow":["GET"]}}],"collection":[{"href":"https:\/\/aconteceunovale.com.br\/portal\/index.php?rest_route=\/wp\/v2\/posts"}],"about":[{"href":"https:\/\/aconteceunovale.com.br\/portal\/index.php?rest_route=\/wp\/v2\/types\/post"}],"author":[{"embeddable":true,"href":"https:\/\/aconteceunovale.com.br\/portal\/index.php?rest_route=\/wp\/v2\/users\/1"}],"replies":[{"embeddable":true,"href":"https:\/\/aconteceunovale.com.br\/portal\/index.php?rest_route=%2Fwp%2Fv2%2Fcomments&post=40466"}],"version-history":[{"count":0,"href":"https:\/\/aconteceunovale.com.br\/portal\/index.php?rest_route=\/wp\/v2\/posts\/40466\/revisions"}],"wp:featuredmedia":[{"embeddable":true,"href":"https:\/\/aconteceunovale.com.br\/portal\/index.php?rest_route=\/wp\/v2\/media\/40467"}],"wp:attachment":[{"href":"https:\/\/aconteceunovale.com.br\/portal\/index.php?rest_route=%2Fwp%2Fv2%2Fmedia&parent=40466"}],"wp:term":[{"taxonomy":"category","embeddable":true,"href":"https:\/\/aconteceunovale.com.br\/portal\/index.php?rest_route=%2Fwp%2Fv2%2Fcategories&post=40466"},{"taxonomy":"post_tag","embeddable":true,"href":"https:\/\/aconteceunovale.com.br\/portal\/index.php?rest_route=%2Fwp%2Fv2%2Ftags&post=40466"}],"curies":[{"name":"wp","href":"https:\/\/api.w.org\/{rel}","templated":true}]}}