{"id":40446,"date":"2014-09-22T14:07:40","date_gmt":"2014-09-22T17:07:40","guid":{"rendered":"http:\/\/aconteceunovale.com.br\/portal\/?p=40446"},"modified":"2014-09-22T14:08:16","modified_gmt":"2014-09-22T17:08:16","slug":"video-mostra-decolagem-e-queda-de-helicoptero-na-represa-de-furnas","status":"publish","type":"post","link":"https:\/\/aconteceunovale.com.br\/portal\/?p=40446","title":{"rendered":"V\u00eddeo mostra decolagem e queda de helic\u00f3ptero na represa de Furnas"},"content":{"rendered":"<p>Um v\u00eddeo registrado por um internauta mostra o momento exato da decolagem e queda do helic\u00f3ptero na represa de Furnas, pr\u00f3ximo ao munic\u00edpio de Fama, no sul de Minas Gerais, no in\u00edcio da tarde de s\u00e1bado (20). Duas pessoas morreram no acidente. Nas imagens, a aeronave decola de um local pr\u00f3ximo \u00e0 represa, ganha altitude, tenta se virar, mas acaba caindo na \u00e1gua. <\/p>\n<p>Tr\u00eas pessoas estavam na aeronave. O piloto, Bruno Abitbol de Andrade Nogueira, de 34 anos, sobreviveu. O corpo do policial militar Marcos Ant\u00f4nio Alves, de 43 anos, foi resgatado pelo Corpo de Bombeiros, ainda no fim da noite de s\u00e1bado. Na tarde deste domingo (21), por volta de 16h30, a corpora\u00e7\u00e3o retirou da \u00e1gua a aeronave com o aux\u00edlio de um equipamento espec\u00edfico. O corpo de L\u00edvia Reis Carvalho, de 27, mulher do policial, estava preso \u00e0s ferragens pela bacia e pernas.<\/p>\n<p><iframe loading=\"lazy\" width=\"640\" height=\"480\" src=\"\/\/www.youtube.com\/embed\/YUJrpGShINk\" frameborder=\"0\" allowfullscreen><\/iframe><\/p>\n<p>O militar era comandante do destacamento da Pol\u00edcia Militar na cidade. De acordo com a corpora\u00e7\u00e3o, ele contratou o piloto para fazer um voo panor\u00e2mico sobre a \u00e1rea, procurada para passeios tur\u00edsticos. Segundo a pol\u00edcia, testemunhas viram o helic\u00f3ptero fazendo um &#8220;voo rasante&#8221;.<\/p>\n<p>Segundo a Ag\u00eancia Nacional de Avia\u00e7\u00e3o Civil (ANAC), a aeronave estava com a documenta\u00e7\u00e3o em dia. De acordo com a Pol\u00edcia Civil, o piloto do helic\u00f3ptero prestou depoimento na delegacia de plant\u00e3o no \u00faltimo s\u00e1bado. Ele foi liberado em seguida. O caso ser\u00e1 encaminhado para a Delegacia de Fama, que ficar\u00e1 respons\u00e1vel pela investiga\u00e7\u00e3o. <\/p>\n<p><em>(Hoje em Dia)<\/em><\/p>\n","protected":false},"excerpt":{"rendered":"<p>Um v\u00eddeo registrado por um internauta mostra o momento exato da decolagem e queda do helic\u00f3ptero na represa de Furnas, pr\u00f3ximo ao munic\u00edpio de Fama, no sul de Minas Gerais, no in\u00edcio da tarde de s\u00e1bado (20). Duas pessoas morreram no acidente. Nas imagens, a aeronave decola de um local pr\u00f3ximo \u00e0 represa, ganha altitude, [&hellip;]<\/p>\n","protected":false},"author":1,"featured_media":40447,"comment_status":"open","ping_status":"closed","sticky":false,"template":"","format":"standard","meta":{"amp_status":"","footnotes":""},"categories":[123],"tags":[16444,16443,16549,16491,16490,16548,16550],"class_list":["post-40446","post","type-post","status-publish","format-standard","has-post-thumbnail","hentry","category-gerais","tag-bruno-abitbol-de-andrade-nogueira","tag-fama","tag-helicoptero-cai-na-represa-de-furnas","tag-livia-reis-carvalho","tag-marcos-antonio-alves","tag-video-mostra-decolagem-e-queda-de-helicoptero-na-represa-de-furnas","tag-video-registrado-por-um-internauta-mostra-o-momento-exato-da-decolagem-e-queda-do-helicoptero-na-represa-de-furnas"],"_links":{"self":[{"href":"https:\/\/aconteceunovale.com.br\/portal\/index.php?rest_route=\/wp\/v2\/posts\/40446","targetHints":{"allow":["GET"]}}],"collection":[{"href":"https:\/\/aconteceunovale.com.br\/portal\/index.php?rest_route=\/wp\/v2\/posts"}],"about":[{"href":"https:\/\/aconteceunovale.com.br\/portal\/index.php?rest_route=\/wp\/v2\/types\/post"}],"author":[{"embeddable":true,"href":"https:\/\/aconteceunovale.com.br\/portal\/index.php?rest_route=\/wp\/v2\/users\/1"}],"replies":[{"embeddable":true,"href":"https:\/\/aconteceunovale.com.br\/portal\/index.php?rest_route=%2Fwp%2Fv2%2Fcomments&post=40446"}],"version-history":[{"count":0,"href":"https:\/\/aconteceunovale.com.br\/portal\/index.php?rest_route=\/wp\/v2\/posts\/40446\/revisions"}],"wp:featuredmedia":[{"embeddable":true,"href":"https:\/\/aconteceunovale.com.br\/portal\/index.php?rest_route=\/wp\/v2\/media\/40447"}],"wp:attachment":[{"href":"https:\/\/aconteceunovale.com.br\/portal\/index.php?rest_route=%2Fwp%2Fv2%2Fmedia&parent=40446"}],"wp:term":[{"taxonomy":"category","embeddable":true,"href":"https:\/\/aconteceunovale.com.br\/portal\/index.php?rest_route=%2Fwp%2Fv2%2Fcategories&post=40446"},{"taxonomy":"post_tag","embeddable":true,"href":"https:\/\/aconteceunovale.com.br\/portal\/index.php?rest_route=%2Fwp%2Fv2%2Ftags&post=40446"}],"curies":[{"name":"wp","href":"https:\/\/api.w.org\/{rel}","templated":true}]}}