{"id":40337,"date":"2014-09-20T18:23:49","date_gmt":"2014-09-20T21:23:49","guid":{"rendered":"http:\/\/aconteceunovale.com.br\/portal\/?p=40337"},"modified":"2014-09-20T18:24:35","modified_gmt":"2014-09-20T21:24:35","slug":"malacacheta-realizou-o-14o-encontro-de-bandas-do-nordeste-mineiro","status":"publish","type":"post","link":"https:\/\/aconteceunovale.com.br\/portal\/?p=40337","title":{"rendered":"Malacacheta realizou o 14\u00ba Encontro de Bandas do Nordeste Mineiro"},"content":{"rendered":"<p>No \u00faltimo domingo, 14 de setembro, o munic\u00edpio de Malacacheta, no Vale do Mucuri, realizou a 14\u00aa edi\u00e7\u00e3o do Encontro de Bandas do Nordeste Mineiro. Um evento que surpreendeu pela beleza, o encanto musical e a presen\u00e7a recorde de p\u00fablico.<\/p>\n<p>Quatorze bandas participaram do encontro, que fazia parte da programa\u00e7\u00e3o dos 90 anos de emancipa\u00e7\u00e3o pol\u00edtico-administrativa da cidade. A banda de m\u00fasica da Pol\u00edcia Militar de Te\u00f3filo Otoni, duas bandas de Nanuque, duas de Ladainha, e as bandas de m\u00fasicas da cidade de Pot\u00e9, Chapada do Norte, Jenipapo de Minas, Turmalina, Engenheiro Caldas, Itambacuri, Itaip\u00e9, Aricanduva e a anfitri\u00e3 Filarm\u00f4nica Leopoldino Gandra, de Malacacheta.<\/p>\n<p>O evento de rara beleza encantou cada pessoa presente com a magia das m\u00fasicas apresentadas. Um momento especial, que com certeza ficar\u00e1 na mem\u00f3ria de todos os malacachetenses.<\/p>\n<p>Confira abaixo algumas fotos enviadas pela senhora Alexsandra Maria Lopes Pereira Rios, diretora do Departamento Municipal de Cultura.<\/p>\n<p><img decoding=\"async\" src=\"http:\/\/aconteceunovale.com.br\/portal\/wp-content\/uploads\/2014\/09\/encontro_bandas_malaca_1.jpg\" alt=\"\" \/><img decoding=\"async\" src=\"http:\/\/aconteceunovale.com.br\/portal\/wp-content\/uploads\/2014\/09\/encontro_bandas_malaca_2.jpg\" alt=\"\" \/><img decoding=\"async\" src=\"http:\/\/aconteceunovale.com.br\/portal\/wp-content\/uploads\/2014\/09\/encontro_bandas_malaca_3.jpg\" alt=\"\" \/><img decoding=\"async\" src=\"http:\/\/aconteceunovale.com.br\/portal\/wp-content\/uploads\/2014\/09\/encontro_bandas_malaca_4.jpg\" alt=\"\" \/><img decoding=\"async\" src=\"http:\/\/aconteceunovale.com.br\/portal\/wp-content\/uploads\/2014\/09\/encontro_bandas_malaca_5.jpg\" alt=\"\" \/><img decoding=\"async\" src=\"http:\/\/aconteceunovale.com.br\/portal\/wp-content\/uploads\/2014\/09\/encontro_bandas_malaca_6.jpg\" alt=\"\" \/><\/p>\n","protected":false},"excerpt":{"rendered":"<p>No \u00faltimo domingo, 14 de setembro, o munic\u00edpio de Malacacheta, no Vale do Mucuri, realizou a 14\u00aa edi\u00e7\u00e3o do Encontro de Bandas do Nordeste Mineiro. Um evento que surpreendeu pela beleza, o encanto musical e a presen\u00e7a recorde de p\u00fablico. Quatorze bandas participaram do encontro, que fazia parte da programa\u00e7\u00e3o dos 90 anos de emancipa\u00e7\u00e3o [&hellip;]<\/p>\n","protected":false},"author":1,"featured_media":40338,"comment_status":"open","ping_status":"closed","sticky":false,"template":"","format":"standard","meta":{"amp_status":"","footnotes":""},"categories":[122],"tags":[16447,551,16449,481,1018,16448,288,16450,191,188,1218,344,226,16446,252,3139,164,178],"class_list":["post-40337","post","type-post","status-publish","format-standard","has-post-thumbnail","hentry","category-mucuri","tag-14o-encontro-de-bandas-do-nordeste-mineiro","tag-aricanduva","tag-banda-de-musica-da-policia-militar-de-teofilo-otoni","tag-chapada-do-norte","tag-destaque","tag-encontro-de-bandas-do-nordeste-mineiro","tag-engenheiro-caldas","tag-filarmonica-leopoldino-gandra","tag-itaipe","tag-itambacuri","tag-jenipapo-de-minas","tag-ladainha","tag-malacacheta","tag-malacacheta-realizou-o-14o-encontro-de-bandas-do-nordeste-mineiro","tag-nanuque","tag-pote","tag-teofilo-otoni","tag-turmalina"],"_links":{"self":[{"href":"https:\/\/aconteceunovale.com.br\/portal\/index.php?rest_route=\/wp\/v2\/posts\/40337","targetHints":{"allow":["GET"]}}],"collection":[{"href":"https:\/\/aconteceunovale.com.br\/portal\/index.php?rest_route=\/wp\/v2\/posts"}],"about":[{"href":"https:\/\/aconteceunovale.com.br\/portal\/index.php?rest_route=\/wp\/v2\/types\/post"}],"author":[{"embeddable":true,"href":"https:\/\/aconteceunovale.com.br\/portal\/index.php?rest_route=\/wp\/v2\/users\/1"}],"replies":[{"embeddable":true,"href":"https:\/\/aconteceunovale.com.br\/portal\/index.php?rest_route=%2Fwp%2Fv2%2Fcomments&post=40337"}],"version-history":[{"count":0,"href":"https:\/\/aconteceunovale.com.br\/portal\/index.php?rest_route=\/wp\/v2\/posts\/40337\/revisions"}],"wp:featuredmedia":[{"embeddable":true,"href":"https:\/\/aconteceunovale.com.br\/portal\/index.php?rest_route=\/wp\/v2\/media\/40338"}],"wp:attachment":[{"href":"https:\/\/aconteceunovale.com.br\/portal\/index.php?rest_route=%2Fwp%2Fv2%2Fmedia&parent=40337"}],"wp:term":[{"taxonomy":"category","embeddable":true,"href":"https:\/\/aconteceunovale.com.br\/portal\/index.php?rest_route=%2Fwp%2Fv2%2Fcategories&post=40337"},{"taxonomy":"post_tag","embeddable":true,"href":"https:\/\/aconteceunovale.com.br\/portal\/index.php?rest_route=%2Fwp%2Fv2%2Ftags&post=40337"}],"curies":[{"name":"wp","href":"https:\/\/api.w.org\/{rel}","templated":true}]}}