{"id":40333,"date":"2014-09-20T17:45:36","date_gmt":"2014-09-20T20:45:36","guid":{"rendered":"http:\/\/aconteceunovale.com.br\/portal\/?p=40333"},"modified":"2014-09-20T17:45:36","modified_gmt":"2014-09-20T20:45:36","slug":"helicoptero-cai-na-represa-de-furnas-e-duas-pessoas-estao-desaparecidas","status":"publish","type":"post","link":"https:\/\/aconteceunovale.com.br\/portal\/?p=40333","title":{"rendered":"Helic\u00f3ptero cai na represa de Furnas e duas pessoas est\u00e3o desaparecidas"},"content":{"rendered":"<h4><strong><em>Segundo testemunhas, piloto e casal faziam voo panor\u00e2mico na cidade de Fama quando o acidente aconteceu. O homem e a mulher est\u00e3o desaparecidos<\/em><\/strong><\/h4>\n<p>Um helic\u00f3ptero caiu no final da manh\u00e3 deste s\u00e1bado, 20 de setembro, na represa de Furnas, na cidade de Fama, no Sul de Minas. Duas equipes de mergulhadores do Corpo de Bombeiros realizam buscas pelos passageiros no local da queda.<\/p>\n<p>O acidente aconteceu por volta das 11h40. Segundo militares do Corpo de Bombeiros de Alfenas, que participa do resgate, testemunhas disseram que havia tr\u00eas pessoas no helic\u00f3ptero, o piloto e um casal. O homem seria o Policial Militar Marco Ant\u00f4nio Alves, de 38 anos e a mulher, a sua companheira, identificada pelo prenome L\u00edvia.<\/p>\n<p><img decoding=\"async\" src=\"http:\/\/aconteceunovale.com.br\/portal\/wp-content\/uploads\/2014\/09\/acidente_pm_furnas_1.jpg\" alt=\"\" \/><em>Moradores da regi\u00e3o acompanham o trabalho dos bombeiros na represa &#8211; Foto: Minas Acontece<\/em><br \/>\n<\/br><\/p>\n<p>O piloto, identificado como Bruno Abitbol de Andrade Nogueira, de 34 anos, conseguiu sair e foi socorrido para o hospital da cidade de El\u00f3i Mendes por volta das 12h40. Segundo a enfermeira Fabiana Moura de Souza Ventury, do pronto atendimento do hospital, o rapaz estava muito agitado e apresentava fala confusa. \u201cEle aparentemente est\u00e1 bem. Est\u00e1 em observa\u00e7\u00e3o e vai passar por exames\u201d, explica. <\/p>\n<p>O rapaz chegou ao hospital acompanhado do irm\u00e3o, que tamb\u00e9m precisou ser medicado por causa do susto. Ainda segundo a enfermeira, ela recebeu informa\u00e7\u00f5es de que o piloto \u00e9 do Rio de Janeiro e mora em Belo Horizonte. <\/p>\n<p>O casal ainda est\u00e1 desaparecido. Bombeiros fazem um mergulho na represa para localizar as outras v\u00edtimas. A equipe conta com cinco militares.<\/p>\n<p><img decoding=\"async\" src=\"http:\/\/aconteceunovale.com.br\/portal\/wp-content\/uploads\/2014\/09\/acidente_pm_furnas_2.jpg\" alt=\"\" \/><em>O PM Marco Ant\u00f4nio Alves estava no helic\u00f3ptero com a esposa &#8211; Foto: Minas Acontece<\/em><br \/>\n<\/br><\/p>\n<h4>Dona de bar presenciou o acidente<\/h4>\n<p>A comerciante Rita Maria da Silva \u00e9 propriet\u00e1ria de um bar em frente \u00e0 represa de Furnas e testemunhou o acidente. \u201cEle levantou voo e saiu pela esquerda. No que saiu pela esquerda, passou por cima da balsa, j\u00e1 desceu de bico, passou com as pazinhas na \u00e1gua e caiu.\u201d, explica.<\/p>\n<p>Segundo ela, o piloto estava na festa do pe\u00e3o de boiadeiro e quis conhecer a cidade. Antes de ir, algumas pessoas sugeriram que ele procurasse o Bar da Rita, que \u00e9 um local muito popular na cidade. \u201cEle perguntou para mim se podia fazer os voos panor\u00e2micos, eu falei que podia. A gente tem uma grama grande, um gramado. No terceiro voo aconteceu uma desgra\u00e7a dessa\u201d, lamenta. \u201cEu ainda brinquei com ele, &#8216;esse seu brinquedinho \u00e9 seguro?&#8217;, e ele falou &#8216;sim, est\u00e1 revisado e tudo&#8217;\u201d, diz.<\/p>\n<p>Segundo ela, o gramado que o piloto estava usando como pista de decolagem n\u00e3o pertence ao seu estabelecimento, mas \u00e0 \u00e1rea de represa. A vegeta\u00e7\u00e3o \u00e9 cuidada pelas pessoas do local quando o n\u00edvel da \u00e1gua est\u00e1 baixo. <\/p>\n<p>O acidente causou uma grande como\u00e7\u00e3o na cidade. Al\u00e9m das equipes do Corpo de Bombeiros, Pol\u00edcia Militar e per\u00edcia, muitos curiosos foram at\u00e9 o local para saber o que estava acontecendo. Rita afirma que os desaparecidos s\u00e3o um sargento da PM e sua namorada. O militar tem um casal de filhos. \u201cA gente conhece a fam\u00edlia. \u00c9 uma conviv\u00eancia muito grande com eles\u201d, diz.<\/p>\n<p><em><strong>(Estado de Minas)<\/strong><\/em><\/p>\n","protected":false},"excerpt":{"rendered":"<p>Segundo testemunhas, piloto e casal faziam voo panor\u00e2mico na cidade de Fama quando o acidente aconteceu. O homem e a mulher est\u00e3o desaparecidos Um helic\u00f3ptero caiu no final da manh\u00e3 deste s\u00e1bado, 20 de setembro, na represa de Furnas, na cidade de Fama, no Sul de Minas. Duas equipes de mergulhadores do Corpo de Bombeiros [&hellip;]<\/p>\n","protected":false},"author":1,"featured_media":40334,"comment_status":"open","ping_status":"closed","sticky":false,"template":"","format":"standard","meta":{"amp_status":"","footnotes":""},"categories":[123],"tags":[16444,1018,14490,16443,16445,16442,16441],"class_list":["post-40333","post","type-post","status-publish","format-standard","has-post-thumbnail","hentry","category-gerais","tag-bruno-abitbol-de-andrade-nogueira","tag-destaque","tag-eloi-mendes","tag-fama","tag-helicoptero-cai-na-represa-de-furnas-e-duas-pessoas-estao-desaparecidas","tag-marco-antonio-alves","tag-policial-militar-marco-antonio-alves"],"_links":{"self":[{"href":"https:\/\/aconteceunovale.com.br\/portal\/index.php?rest_route=\/wp\/v2\/posts\/40333","targetHints":{"allow":["GET"]}}],"collection":[{"href":"https:\/\/aconteceunovale.com.br\/portal\/index.php?rest_route=\/wp\/v2\/posts"}],"about":[{"href":"https:\/\/aconteceunovale.com.br\/portal\/index.php?rest_route=\/wp\/v2\/types\/post"}],"author":[{"embeddable":true,"href":"https:\/\/aconteceunovale.com.br\/portal\/index.php?rest_route=\/wp\/v2\/users\/1"}],"replies":[{"embeddable":true,"href":"https:\/\/aconteceunovale.com.br\/portal\/index.php?rest_route=%2Fwp%2Fv2%2Fcomments&post=40333"}],"version-history":[{"count":0,"href":"https:\/\/aconteceunovale.com.br\/portal\/index.php?rest_route=\/wp\/v2\/posts\/40333\/revisions"}],"wp:featuredmedia":[{"embeddable":true,"href":"https:\/\/aconteceunovale.com.br\/portal\/index.php?rest_route=\/wp\/v2\/media\/40334"}],"wp:attachment":[{"href":"https:\/\/aconteceunovale.com.br\/portal\/index.php?rest_route=%2Fwp%2Fv2%2Fmedia&parent=40333"}],"wp:term":[{"taxonomy":"category","embeddable":true,"href":"https:\/\/aconteceunovale.com.br\/portal\/index.php?rest_route=%2Fwp%2Fv2%2Fcategories&post=40333"},{"taxonomy":"post_tag","embeddable":true,"href":"https:\/\/aconteceunovale.com.br\/portal\/index.php?rest_route=%2Fwp%2Fv2%2Ftags&post=40333"}],"curies":[{"name":"wp","href":"https:\/\/api.w.org\/{rel}","templated":true}]}}