{"id":40330,"date":"2014-09-20T12:04:55","date_gmt":"2014-09-20T15:04:55","guid":{"rendered":"http:\/\/aconteceunovale.com.br\/portal\/?p=40330"},"modified":"2014-09-20T12:04:55","modified_gmt":"2014-09-20T15:04:55","slug":"clesio-andrade-presta-depoimento-sobre-seu-envolvimento-no-desvio-de-recursos-do-sest-e-senat","status":"publish","type":"post","link":"https:\/\/aconteceunovale.com.br\/portal\/?p=40330","title":{"rendered":"Cl\u00e9sio Andrade presta depoimento sobre seu envolvimento no desvio de recursos do Sest e Senat"},"content":{"rendered":"<p>O ex-senador Cl\u00e9sio Andrade prestou depoimento na tarde de hoje (19) ao Minist\u00e9rio P\u00fablico em Minas Gerais (MP\/MG) sobre seu envolvimento no esquema de desvio de recursos do Sistema Social do Transporte (Sest) e do Servi\u00e7o Nacional de Aprendizagem do Transporte (Senat), apontado pela Pol\u00edcia Civil do Distrito Federal na Opera\u00e7\u00e3o S\u00e3o Crist\u00f3vam. Havia um mandato de condu\u00e7\u00e3o coercitiva de Cl\u00e9sio, que \u00e9 ex-presidente da Confedera\u00e7\u00e3o Nacional dos Transportes (CNT), mas ele n\u00e3o estava sendo encontrado para ser levado \u00e0 delegacia.<\/p>\n<p><img decoding=\"async\" src=\"http:\/\/aconteceunovale.com.br\/portal\/wp-content\/uploads\/2014\/09\/clesio_andrade.jpg\" alt=\"\" \/><em>Cl\u00e9sio Andrade era procurado prestou depoimento nessa sexta (20) &#8211; Foto: Reprodu\u00e7\u00e3o<\/em><br \/>\n<\/br><\/p>\n<p>O delegado adjunto da Divis\u00e3o Especial de Repress\u00e3o ao Crime Organizado (Deco), Luiz Fernando Cocito, disse \u00e0 Ag\u00eancia Brasil que o teor do depoimento do ex-senador ainda n\u00e3o \u00e9 conhecido pelos investigadores em Bras\u00edlia. A reportagem tentou contato com a assessoria do MP\/MG, mas n\u00e3o conseguiu ser atendida.<\/p>\n<p>Segundo Cocito, com o depoimento de Cl\u00e9sio Andrade fica faltando apenas um mandado de condu\u00e7\u00e3o coercitiva para ser cumprido, sobre uma pessoa em Bras\u00edlia. N\u00e3o h\u00e1 nenhuma outra medida contra Andrade at\u00e9 o momento. \u201cN\u00e3o existe nenhuma outra cautelar, a n\u00e3o ser essa de condu\u00e7\u00e3o coercitiva. O que foi feito \u00e9 uma solicita\u00e7\u00e3o de indisponibilidade de bens, que n\u00e3o foi apreciada ainda pelo Minist\u00e9rio P\u00fablico e pelo Poder Judici\u00e1rio. Aguardamos ainda a decis\u00e3o sobre a medida para que esses bens n\u00e3o desapare\u00e7am\u201d, disse o delegado.<\/p>\n<p>De acordo com a pol\u00edcia, o desvio de dinheiro ocorreu por meio de pagamentos elevados de gratifica\u00e7\u00f5es a integrantes da diretoria e de contrata\u00e7\u00f5es fraudulentas de servi\u00e7os de aut\u00f4nomos. A Controladoria-Geral da Uni\u00e3o (CGU) constatou que os rendimentos e patrim\u00f4nios das integrantes da diretoria do Sest\/Senat s\u00e3o incompat\u00edveis com os sal\u00e1rios pagos. A justificativa apresentada pela dire\u00e7\u00e3o da CNT \u00e9 que o elevado valor recebido anualmente pelas diretoras deve-se ao pagamento de gratifica\u00e7\u00f5es. A outra forma de desvio s\u00e3o servi\u00e7os de fachada, contratados por valores superfaturados a pessoas com liga\u00e7\u00f5es na diretoria. Em muitos casos, os servi\u00e7os sequer foram prestados.<\/p>\n<p>Na opera\u00e7\u00e3o, a pol\u00edcia cumpriu 21 mandados de busca e apreens\u00e3o, em Bras\u00edlia e Minas Gerais. Inicialmente, foi presa Maria Pantoja, diretora executiva do Sest\/Senat entre 1995 e 2013, que hoje trabalha em outra institui\u00e7\u00e3o vinculada \u00e0 CNT. Tamb\u00e9m foram detidas Ilmara Chaves, coordenadora de Administra\u00e7\u00e3o; Anamary Socha, assessora especial da Diretoria Executiva; e Jardel Soares, coordenadora de Contabilidade. Conforme a Pol\u00edcia Civil do Distrito Federal, entre 25 e 30 pessoas podem estar envolvidas no esquema. Na opera\u00e7\u00e3o, foram apreendidos 16 ve\u00edculos, entre eles alguns carros de luxo, e dois cofres. <\/p>\n<p><strong><em>(Ag\u00eancia Brasil)<\/em><\/strong><\/p>\n","protected":false},"excerpt":{"rendered":"<p>O ex-senador Cl\u00e9sio Andrade prestou depoimento na tarde de hoje (19) ao Minist\u00e9rio P\u00fablico em Minas Gerais (MP\/MG) sobre seu envolvimento no esquema de desvio de recursos do Sistema Social do Transporte (Sest) e do Servi\u00e7o Nacional de Aprendizagem do Transporte (Senat), apontado pela Pol\u00edcia Civil do Distrito Federal na Opera\u00e7\u00e3o S\u00e3o Crist\u00f3vam. Havia um [&hellip;]<\/p>\n","protected":false},"author":1,"featured_media":40331,"comment_status":"open","ping_status":"closed","sticky":false,"template":"","format":"standard","meta":{"amp_status":"","footnotes":""},"categories":[123],"tags":[2437,16438,1018,16439,16440],"class_list":["post-40330","post","type-post","status-publish","format-standard","has-post-thumbnail","hentry","category-gerais","tag-clesio-andrade","tag-clesio-andrade-presta-depoimento-sobre-seu-envolvimento-no-desvio-de-recursos-do-sest-e-senat","tag-destaque","tag-desvio-de-recursos-do-sest-e-senat","tag-sest-e-senat"],"_links":{"self":[{"href":"https:\/\/aconteceunovale.com.br\/portal\/index.php?rest_route=\/wp\/v2\/posts\/40330","targetHints":{"allow":["GET"]}}],"collection":[{"href":"https:\/\/aconteceunovale.com.br\/portal\/index.php?rest_route=\/wp\/v2\/posts"}],"about":[{"href":"https:\/\/aconteceunovale.com.br\/portal\/index.php?rest_route=\/wp\/v2\/types\/post"}],"author":[{"embeddable":true,"href":"https:\/\/aconteceunovale.com.br\/portal\/index.php?rest_route=\/wp\/v2\/users\/1"}],"replies":[{"embeddable":true,"href":"https:\/\/aconteceunovale.com.br\/portal\/index.php?rest_route=%2Fwp%2Fv2%2Fcomments&post=40330"}],"version-history":[{"count":0,"href":"https:\/\/aconteceunovale.com.br\/portal\/index.php?rest_route=\/wp\/v2\/posts\/40330\/revisions"}],"wp:featuredmedia":[{"embeddable":true,"href":"https:\/\/aconteceunovale.com.br\/portal\/index.php?rest_route=\/wp\/v2\/media\/40331"}],"wp:attachment":[{"href":"https:\/\/aconteceunovale.com.br\/portal\/index.php?rest_route=%2Fwp%2Fv2%2Fmedia&parent=40330"}],"wp:term":[{"taxonomy":"category","embeddable":true,"href":"https:\/\/aconteceunovale.com.br\/portal\/index.php?rest_route=%2Fwp%2Fv2%2Fcategories&post=40330"},{"taxonomy":"post_tag","embeddable":true,"href":"https:\/\/aconteceunovale.com.br\/portal\/index.php?rest_route=%2Fwp%2Fv2%2Ftags&post=40330"}],"curies":[{"name":"wp","href":"https:\/\/api.w.org\/{rel}","templated":true}]}}