{"id":40320,"date":"2014-09-20T11:21:36","date_gmt":"2014-09-20T14:21:36","guid":{"rendered":"http:\/\/aconteceunovale.com.br\/portal\/?p=40320"},"modified":"2014-09-20T11:21:36","modified_gmt":"2014-09-20T14:21:36","slug":"familia-de-aracuai-reconhece-corpo-de-jovem-morto-no-leste-de-minas","status":"publish","type":"post","link":"https:\/\/aconteceunovale.com.br\/portal\/?p=40320","title":{"rendered":"Fam\u00edlia de Ara\u00e7ua\u00ed reconhece corpo de jovem morto no Leste de Minas"},"content":{"rendered":"<h4><strong><em>Jovem foi morto em mar\u00e7o deste ano. Corpo foi encontrado em uma estrada de terra sem documentos.<\/em><\/strong><\/h4>\n<p>Uma fam\u00edlia de Ara\u00e7ua\u00ed, no Vale do Jequitinhonha, identificou nessa sexta-feira, 19 de setembro, o corpo de um rapaz de 25 anos, morto no dia 8 de mar\u00e7o deste ano no Leste de Minas Gerais. <\/p>\n<p>Wanderson Pereira dos Santos foi encontrado em uma estrada de terra que d\u00e1 acesso ao C\u00f3rrego Rio Preto, na zona rural de Piedade de Caratinga. Na \u00e9poca, a Pol\u00edcia Militar e o Corpo de Bombeiros compareceram ao local e encontraram o jovem ainda respirando e com o corpo todo machucado. <\/p>\n<p>O jovem foi socorrido e encaminhado para o Pronto Atendimento Municipal de Caratinga com v\u00e1rias perfura\u00e7\u00f5es na cabe\u00e7a, uma das orelhas cortadas e cerca de 90% do corpo queimado. Ele n\u00e3o resistiu aos graves ferimentos e morreu pouco depois de dar entrada na unidade de sa\u00fade.<\/p>\n<p>A v\u00edtima n\u00e3o foi identificada, j\u00e1 que n\u00e3o apresentava nenhum documento. O corpo foi encaminhado ao Instituto M\u00e9dico Legal de Caratinga. Somente nessa sexta, parentes do rapaz que moram em Ara\u00e7ua\u00ed, compareceram ao IML de Caratinga e identificaram o cad\u00e1ver como sendo o jovem que estava registrado como desaparecido.<\/p>\n<p>O reconhecimento foi facilitado por algumas caracter\u00edsticas, como uma pinta no rosto e uma defici\u00eancia no dedo de uma das m\u00e3os. O homic\u00eddio \u00e9 investigado pela Pol\u00edcia Civil de Caratinga. O autor e a motiva\u00e7\u00e3o ainda s\u00e3o desconhecidos. <\/p>\n<p><img decoding=\"async\" src=\"http:\/\/aconteceunovale.com.br\/portal\/wp-content\/uploads\/2014\/09\/jovem_aracuai_desaparecido.jpg\" alt=\"\" \/><em>(Jovem foi morto em mar\u00e7o deste ano &#8211; Foto: Reprodu\u00e7\u00e3o\/Arquivo da fam\u00edlia)<\/em><br \/>\n<\/br><\/p>\n<p><em><strong>(Informa\u00e7\u00f5es do Super Canal)<\/strong><\/em><\/p>\n","protected":false},"excerpt":{"rendered":"<p>Jovem foi morto em mar\u00e7o deste ano. Corpo foi encontrado em uma estrada de terra sem documentos. Uma fam\u00edlia de Ara\u00e7ua\u00ed, no Vale do Jequitinhonha, identificou nessa sexta-feira, 19 de setembro, o corpo de um rapaz de 25 anos, morto no dia 8 de mar\u00e7o deste ano no Leste de Minas Gerais. Wanderson Pereira dos [&hellip;]<\/p>\n","protected":false},"author":1,"featured_media":40321,"comment_status":"open","ping_status":"closed","sticky":false,"template":"","format":"standard","meta":{"amp_status":"","footnotes":""},"categories":[120],"tags":[186,237,16424,308,16425],"class_list":["post-40320","post","type-post","status-publish","format-standard","has-post-thumbnail","hentry","category-jequi","tag-aracuai","tag-caratinga","tag-familia-de-aracuai-reconhece-corpo-de-jovem-morto-no-leste-de-minas","tag-piedade-de-caratinga","tag-wanderson-pereira-dos-santos"],"_links":{"self":[{"href":"https:\/\/aconteceunovale.com.br\/portal\/index.php?rest_route=\/wp\/v2\/posts\/40320","targetHints":{"allow":["GET"]}}],"collection":[{"href":"https:\/\/aconteceunovale.com.br\/portal\/index.php?rest_route=\/wp\/v2\/posts"}],"about":[{"href":"https:\/\/aconteceunovale.com.br\/portal\/index.php?rest_route=\/wp\/v2\/types\/post"}],"author":[{"embeddable":true,"href":"https:\/\/aconteceunovale.com.br\/portal\/index.php?rest_route=\/wp\/v2\/users\/1"}],"replies":[{"embeddable":true,"href":"https:\/\/aconteceunovale.com.br\/portal\/index.php?rest_route=%2Fwp%2Fv2%2Fcomments&post=40320"}],"version-history":[{"count":0,"href":"https:\/\/aconteceunovale.com.br\/portal\/index.php?rest_route=\/wp\/v2\/posts\/40320\/revisions"}],"wp:featuredmedia":[{"embeddable":true,"href":"https:\/\/aconteceunovale.com.br\/portal\/index.php?rest_route=\/wp\/v2\/media\/40321"}],"wp:attachment":[{"href":"https:\/\/aconteceunovale.com.br\/portal\/index.php?rest_route=%2Fwp%2Fv2%2Fmedia&parent=40320"}],"wp:term":[{"taxonomy":"category","embeddable":true,"href":"https:\/\/aconteceunovale.com.br\/portal\/index.php?rest_route=%2Fwp%2Fv2%2Fcategories&post=40320"},{"taxonomy":"post_tag","embeddable":true,"href":"https:\/\/aconteceunovale.com.br\/portal\/index.php?rest_route=%2Fwp%2Fv2%2Ftags&post=40320"}],"curies":[{"name":"wp","href":"https:\/\/api.w.org\/{rel}","templated":true}]}}