{"id":40313,"date":"2014-09-20T10:43:55","date_gmt":"2014-09-20T13:43:55","guid":{"rendered":"http:\/\/aconteceunovale.com.br\/portal\/?p=40313"},"modified":"2014-09-20T10:44:30","modified_gmt":"2014-09-20T13:44:30","slug":"primeiros-casos-da-febre-chikungunya-registrados-no-brasil-deixa-estados-e-municipios-em-alerta","status":"publish","type":"post","link":"https:\/\/aconteceunovale.com.br\/portal\/?p=40313","title":{"rendered":"Primeiros casos da febre Chikungunya registrados no Brasil deixa estados e munic\u00edpios em alerta"},"content":{"rendered":"<h4><strong><em>Desde janeiro, 39 casos foram registrados pelo SUS. Mosquito Aedes aegypti, que transmite a dengue, tamb\u00e9m \u00e9 um dos principais vetores da nova doen\u00e7a<\/em><\/strong><\/h4>\n<p>A transmiss\u00e3o dos primeiros casos da febre chikungunya dentro do Brasil acendeu o sinal de alerta em estados e munic\u00edpios. Desde janeiro, o Sistema de Vigil\u00e2ncia em Sa\u00fade do Sistema \u00danico de Sa\u00fade (SUS) registrou 39 casos da doen\u00e7a no pa\u00eds. Desses, 37 s\u00e3o importados (contra\u00eddos em outros pa\u00edses) e dois aut\u00f3ctones (contamina\u00e7\u00e3o ocorrida em territ\u00f3rio brasileiro). Por isso, as estrat\u00e9gias de combate ao mosquito Aedes aegypti, que transmite a dengue e tamb\u00e9m \u00e9 um dos principais vetores da nova doen\u00e7a, est\u00e3o sendo intensificadas em todo o pa\u00eds. Em Minas, as secretarias de estado e municipal de Sa\u00fade elaboram plano de conting\u00eancia para agir se houver suspeita ou confirma\u00e7\u00e3o de doentes em territ\u00f3rio mineiro.<\/p>\n<p><img decoding=\"async\" src=\"http:\/\/aconteceunovale.com.br\/portal\/wp-content\/uploads\/2014\/09\/febre_chicungunha.jpg\" alt=\"\" \/><em>Aplica\u00e7\u00e3o de inseticida \u00e9 uma das medidas do plano de combate &#8211; Apar\u00edcio Mansur\/Divulga\u00e7\u00e3o<\/em><br \/>\n<\/br><\/p>\n<p>No estado, o planejamento inclui controle de vetores, al\u00e9m de mobiliza\u00e7\u00e3o e assist\u00eancia aos pacientes. A capacita\u00e7\u00e3o dos profissionais de sa\u00fade tamb\u00e9m ser\u00e1 refor\u00e7ada, mas a secretaria n\u00e3o informou quantos ser\u00e3o treinados nem quando isso ocorrer\u00e1. Na capital, a Secretaria Municipal de Sa\u00fade vai implantar protocolos de notifica\u00e7\u00e3o, promover treinamentos para trabalho de campo, investigar casos suspeitos e fazer pesquisas t\u00e9cnicas. A pasta informou ainda, em nota, que desde o m\u00eas passado foram feitas reuni\u00f5es, webconfer\u00eancias com os todos os distritos e encontros presenciais \u201cpara ampliar as discuss\u00f5es e apresentar um planejamento consolidado de a\u00e7\u00f5es\u201d.<\/p>\n<p>Se houver notifica\u00e7\u00e3o de um caso suspeito importado, as a\u00e7\u00f5es envolver\u00e3o atividades de controle vetorial, refor\u00e7o de equipe de campo para a\u00e7\u00f5es de combate, controle e bloqueio da prolifera\u00e7\u00e3o do mosquito e da doen\u00e7a, segundo a secretaria municipal. Ser\u00e3o programadas tamb\u00e9m a\u00e7\u00f5es para recolhimento de recipientes que s\u00e3o criadouros em potencial de mosquitos. No combate ao transmissor, a Vigil\u00e2ncia Sanit\u00e1ria entrar\u00e1 com a\u00e7\u00f5es legais para acesso a im\u00f3veis fechados. M\u00e9dicos e enfermeiros dos centros de sa\u00fade e unidades de pronto-atendimento (UPAs) receber\u00e3o capacita\u00e7\u00e3o especial. Ser\u00e1 implantado fluxograma com classifica\u00e7\u00e3o de risco e manejo do paciente com suspeita da chikungunya e diretrizes cl\u00ednicas para a rede de aten\u00e7\u00e3o \u00e0 sa\u00fade.<\/p>\n<p>Os dois casos de transmiss\u00e3o no Brasil foram registrados em Oiapoque, no estado do Amap\u00e1. Depois da confirma\u00e7\u00e3o, o Minist\u00e9rio da Sa\u00fade passou a seguir as orienta\u00e7\u00f5es do plano nacional de conting\u00eancia da doen\u00e7a. Entre as a\u00e7\u00f5es previstas est\u00e3o a busca ativa de novos casos suspeitos, com alerta nas unidades de sa\u00fade e comunidade, remo\u00e7\u00e3o e tratamento qu\u00edmico de criadouros de mosquitos Aedes aegypti, al\u00e9m da aplica\u00e7\u00e3o de inseticida (fumac\u00ea). Os profissionais de sa\u00fade tamb\u00e9m foram orientados sobre os cuidados com os pacientes.<\/p>\n<p>O minist\u00e9rio informou ainda que vai fortalecer nas pr\u00f3ximas semanas a preven\u00e7\u00e3o conjunta da dengue e chikungunya, uma vez que os vetores s\u00e3o os mesmos e considerando o risco maior de transmiss\u00e3o entre os meses de janeiro e maio. No in\u00edcio do m\u00eas que vem haver\u00e1 um semin\u00e1rio internacional e a elabora\u00e7\u00e3o de campanha de mobiliza\u00e7\u00e3o para ado\u00e7\u00e3o de medidas preventivas contra as duas doen\u00e7as.<\/p>\n<p>Ser\u00e1 feito ainda Levantamento R\u00e1pido de Infesta\u00e7\u00e3o do Aedes aegypti (LIRAa), tamb\u00e9m no m\u00eas que vem, para identificar as \u00e1reas infestadas pelos mosquitos transmissores. O minist\u00e9rio tamb\u00e9m promover\u00e1 reuni\u00f5es de mobiliza\u00e7\u00e3o das secretarias estaduais e municipais de Sa\u00fade para o combate \u00e0 dengue e chikungunya, no fim de novembro.<\/p>\n<p>A pasta informou que, desde 2010, quando o Brasil registrou tr\u00eas casos da doen\u00e7a, todos contra\u00eddos no exterior, passou a acompanhar a situa\u00e7\u00e3o do v\u00edrus causador da febre. Com a chegada da doen\u00e7a ao continente americano, no fim de 2013, quando foi confirmada a transmiss\u00e3o aut\u00f3ctone no Caribe, foi elaborado o plano de conting\u00eancia, que tem como metas a intensifica\u00e7\u00e3o das atividades de vigil\u00e2ncia, a prepara\u00e7\u00e3o de resposta da rede de sa\u00fade, o treinamento de profissionais, a orienta\u00e7\u00e3o das secretarias de Sa\u00fade e a prepara\u00e7\u00e3o de laborat\u00f3rios de refer\u00eancia para o diagn\u00f3stico da nova doen\u00e7a.<\/p>\n<p><em>(Estado de Minas)<\/em><\/p>\n","protected":false},"excerpt":{"rendered":"<p>Desde janeiro, 39 casos foram registrados pelo SUS. Mosquito Aedes aegypti, que transmite a dengue, tamb\u00e9m \u00e9 um dos principais vetores da nova doen\u00e7a A transmiss\u00e3o dos primeiros casos da febre chikungunya dentro do Brasil acendeu o sinal de alerta em estados e munic\u00edpios. Desde janeiro, o Sistema de Vigil\u00e2ncia em Sa\u00fade do Sistema \u00danico [&hellip;]<\/p>\n","protected":false},"author":1,"featured_media":40314,"comment_status":"open","ping_status":"closed","sticky":false,"template":"","format":"standard","meta":{"amp_status":"","footnotes":""},"categories":[6],"tags":[16418,16415,1018,16416,16417],"class_list":["post-40313","post","type-post","status-publish","format-standard","has-post-thumbnail","hentry","category-br","tag-casos-da-febre-chikungunya-registrados-no-brasil","tag-chicungunha","tag-destaque","tag-febre-chicungunha","tag-primeiros-casos-da-febre-chikungunya-registrados-no-brasil-deixa-estados-e-municipios-em-alerta"],"_links":{"self":[{"href":"https:\/\/aconteceunovale.com.br\/portal\/index.php?rest_route=\/wp\/v2\/posts\/40313","targetHints":{"allow":["GET"]}}],"collection":[{"href":"https:\/\/aconteceunovale.com.br\/portal\/index.php?rest_route=\/wp\/v2\/posts"}],"about":[{"href":"https:\/\/aconteceunovale.com.br\/portal\/index.php?rest_route=\/wp\/v2\/types\/post"}],"author":[{"embeddable":true,"href":"https:\/\/aconteceunovale.com.br\/portal\/index.php?rest_route=\/wp\/v2\/users\/1"}],"replies":[{"embeddable":true,"href":"https:\/\/aconteceunovale.com.br\/portal\/index.php?rest_route=%2Fwp%2Fv2%2Fcomments&post=40313"}],"version-history":[{"count":0,"href":"https:\/\/aconteceunovale.com.br\/portal\/index.php?rest_route=\/wp\/v2\/posts\/40313\/revisions"}],"wp:featuredmedia":[{"embeddable":true,"href":"https:\/\/aconteceunovale.com.br\/portal\/index.php?rest_route=\/wp\/v2\/media\/40314"}],"wp:attachment":[{"href":"https:\/\/aconteceunovale.com.br\/portal\/index.php?rest_route=%2Fwp%2Fv2%2Fmedia&parent=40313"}],"wp:term":[{"taxonomy":"category","embeddable":true,"href":"https:\/\/aconteceunovale.com.br\/portal\/index.php?rest_route=%2Fwp%2Fv2%2Fcategories&post=40313"},{"taxonomy":"post_tag","embeddable":true,"href":"https:\/\/aconteceunovale.com.br\/portal\/index.php?rest_route=%2Fwp%2Fv2%2Ftags&post=40313"}],"curies":[{"name":"wp","href":"https:\/\/api.w.org\/{rel}","templated":true}]}}