{"id":40310,"date":"2014-09-19T21:07:46","date_gmt":"2014-09-20T00:07:46","guid":{"rendered":"http:\/\/aconteceunovale.com.br\/portal\/?p=40310"},"modified":"2014-09-19T21:07:46","modified_gmt":"2014-09-20T00:07:46","slug":"seis-pessoas-sao-detidas-durante-operacao-da-policia-civil-em-aracuai","status":"publish","type":"post","link":"https:\/\/aconteceunovale.com.br\/portal\/?p=40310","title":{"rendered":"Seis pessoas s\u00e3o detidas durante opera\u00e7\u00e3o da Pol\u00edcia Civil em Ara\u00e7ua\u00ed"},"content":{"rendered":"<h4><strong><em>Eles foram presos por tr\u00e1fico, contrabando e posse ilegal de arma. Opera\u00e7\u00e3o visa garantir a seguran\u00e7a no anivers\u00e1rio de 143 anos da cidade.<\/em><\/strong><\/h4>\n<p>Seis pessoas foram detidas durante a Opera\u00e7\u00e3o Impacto, realizada nesta quinta-feira (19), em Ara\u00e7ua\u00ed, no Vale do Jequitinhonha. O trabalho realizado pela Pol\u00edcia Civil tem como principal objetivo combater a criminalidade na cidade.<\/p>\n<p>Dos seis detidos, apenas um segue preso. Dois foram ouvidos e liberados. Outros tr\u00eas pagaram fian\u00e7a e tamb\u00e9m j\u00e1 foram liberados. Um dos detidos que pagou fian\u00e7a j\u00e1 tinha passagem pela pol\u00edcia por tentativa de homic\u00eddio, amea\u00e7a, porte ilegal de arma de fogo e tr\u00e1fico de drogas.<\/p>\n<p>\u201cDois dos detidos estavam com uma pequena quantidade de drogas que n\u00e3o configurava tr\u00e1fico, por isso, foram ouvidos e liberados. Outros dois foram presos por posse de muni\u00e7\u00e3o e arma de fogo, ambos pagaram fian\u00e7a. Por fim, outros dois foram presos por contrabando ou descaminho. Um deles pagou fian\u00e7a, enquanto o outro permanece preso\u201d, contou a delegada Ana Paula Lam\u00eago Balbino.<\/p>\n<p><img decoding=\"async\" src=\"http:\/\/aconteceunovale.com.br\/portal\/wp-content\/uploads\/2014\/09\/presos_ara_19_9.jpg\" alt=\"\" \/><em>Mercadoria apreendida durante a opera\u00e7\u00e3o (Foto: Diego Souza\/G1)<\/em><br \/>\n<\/br><\/p>\n<p>A opera\u00e7\u00e3o Impacto terminou na madrugada desta sexta-feira (20). Aproximadamente de 25 policiais civis participaram da a\u00e7\u00e3o que resultou na apreens\u00e3o de um rev\u00f3lver calibre 38, oito muni\u00e7\u00f5es calibre 38, seis intactas e duas deflagradas, uma balan\u00e7a de precis\u00e3o e cerca de 1.200 carteiras de cigarros contrabandeados, al\u00e9m da deten\u00e7\u00e3o dos seis suspeitos.<\/p>\n<p>De acordo com a delegada Ana Paula Balbino, a opera\u00e7\u00e3o Impacto ter\u00e1 sequ\u00eancia nos pr\u00f3ximos dias, especialmente nos dias em que acontecem as comemora\u00e7\u00f5es dos 143 anos da cidade de Ara\u00e7ua\u00ed.<\/p>\n<p>\u201cA Pol\u00edcia Civil vai continuar fazendo o seu trabalho e durante as festas do anivers\u00e1rio de Ara\u00e7ua\u00ed estaremos de plant\u00e3o. Na a\u00e7\u00e3o desta quinta e madrugada de sexta estivemos em bairros considerados pontos cr\u00edticos de tr\u00e1fico de drogas e vamos intensificar as a\u00e7\u00f5es. J\u00e1 fiz levantamentos de outros pontos estrat\u00e9gicos que tamb\u00e9m ser\u00e3o alvo da pol\u00edcia\u201d, afirma \u00e0 delegada.<\/p>\n<h4>Onda de viol\u00eancia<\/h4>\n<p>Em entrevista na tarde desta sexta-feira, a delegada Ana Paula Balbino explicou que a Pol\u00edcia Civil segue trabalhando nas investiga\u00e7\u00f5es dos crimes recentes que v\u00eam amedrontando a popula\u00e7\u00e3o da cidade. A delegada garante que a\u00e7\u00f5es como a opera\u00e7\u00e3o Impacto \u00e9 apenas uma das v\u00e1rias atividades que a pol\u00edcia vai desencadear para devolver a sensa\u00e7\u00e3o de seguran\u00e7a aos moradores de Ara\u00e7ua\u00ed.<\/p>\n<p>\u201cO nosso trabalho de investiga\u00e7\u00e3o vem sendo feito, v\u00e1rios pedidos de pris\u00f5es preventivas foram feitos e muitos concedidos e cumpridos. Recentemente desarticulamos uma quadrilha em uma opera\u00e7\u00e3o em um \u00f4nibus, mas n\u00e3o podemos parar. O nosso intuito \u00e9 promover a seguran\u00e7a da popula\u00e7\u00e3o, n\u00e3o apenas na micareta, mas em qualquer \u00e9poca do ano\u201d, diz a delegada.<\/p>\n<p><strong><em>(Inter TV dos Vales\/G1)<\/em><\/strong><\/p>\n","protected":false},"excerpt":{"rendered":"<p>Eles foram presos por tr\u00e1fico, contrabando e posse ilegal de arma. Opera\u00e7\u00e3o visa garantir a seguran\u00e7a no anivers\u00e1rio de 143 anos da cidade. Seis pessoas foram detidas durante a Opera\u00e7\u00e3o Impacto, realizada nesta quinta-feira (19), em Ara\u00e7ua\u00ed, no Vale do Jequitinhonha. O trabalho realizado pela Pol\u00edcia Civil tem como principal objetivo combater a criminalidade na [&hellip;]<\/p>\n","protected":false},"author":1,"featured_media":40311,"comment_status":"open","ping_status":"closed","sticky":false,"template":"","format":"standard","meta":{"amp_status":"","footnotes":""},"categories":[120],"tags":[16413,186,5937,16414,16412],"class_list":["post-40310","post","type-post","status-publish","format-standard","has-post-thumbnail","hentry","category-jequi","tag-143-anos-de-aracuai","tag-aracuai","tag-operacao-impacto","tag-operacao-impacto-em-aracuai","tag-seis-pessoas-sao-detidas-durante-operacao-da-policia-civil-em-aracuai"],"_links":{"self":[{"href":"https:\/\/aconteceunovale.com.br\/portal\/index.php?rest_route=\/wp\/v2\/posts\/40310","targetHints":{"allow":["GET"]}}],"collection":[{"href":"https:\/\/aconteceunovale.com.br\/portal\/index.php?rest_route=\/wp\/v2\/posts"}],"about":[{"href":"https:\/\/aconteceunovale.com.br\/portal\/index.php?rest_route=\/wp\/v2\/types\/post"}],"author":[{"embeddable":true,"href":"https:\/\/aconteceunovale.com.br\/portal\/index.php?rest_route=\/wp\/v2\/users\/1"}],"replies":[{"embeddable":true,"href":"https:\/\/aconteceunovale.com.br\/portal\/index.php?rest_route=%2Fwp%2Fv2%2Fcomments&post=40310"}],"version-history":[{"count":0,"href":"https:\/\/aconteceunovale.com.br\/portal\/index.php?rest_route=\/wp\/v2\/posts\/40310\/revisions"}],"wp:featuredmedia":[{"embeddable":true,"href":"https:\/\/aconteceunovale.com.br\/portal\/index.php?rest_route=\/wp\/v2\/media\/40311"}],"wp:attachment":[{"href":"https:\/\/aconteceunovale.com.br\/portal\/index.php?rest_route=%2Fwp%2Fv2%2Fmedia&parent=40310"}],"wp:term":[{"taxonomy":"category","embeddable":true,"href":"https:\/\/aconteceunovale.com.br\/portal\/index.php?rest_route=%2Fwp%2Fv2%2Fcategories&post=40310"},{"taxonomy":"post_tag","embeddable":true,"href":"https:\/\/aconteceunovale.com.br\/portal\/index.php?rest_route=%2Fwp%2Fv2%2Ftags&post=40310"}],"curies":[{"name":"wp","href":"https:\/\/api.w.org\/{rel}","templated":true}]}}