{"id":40308,"date":"2014-09-19T19:51:30","date_gmt":"2014-09-19T22:51:30","guid":{"rendered":"http:\/\/aconteceunovale.com.br\/portal\/?p=40308"},"modified":"2014-09-19T19:51:30","modified_gmt":"2014-09-19T22:51:30","slug":"cemig-comunica-desligamento-para-obras-na-rede-eletrica-de-governador-valadares-3","status":"publish","type":"post","link":"https:\/\/aconteceunovale.com.br\/portal\/?p=40308","title":{"rendered":"Cemig comunica desligamento para obras na rede el\u00e9trica de Governador Valadares"},"content":{"rendered":"<p>A Companhia Energ\u00e9tica de Minas Gerais \u2013 Cemig informa que nesse fim de semana, realizar\u00e1 obras de manuten\u00e7\u00e3o na Rede de Distribui\u00e7\u00e3o Urbana na \u00e1rea central de Governador Valadares.<\/p>\n<p>Para executar esse servi\u00e7o com seguran\u00e7a, ser\u00e1 necess\u00e1rio interromper o fornecimento de energia no s\u00e1bado, em dois hor\u00e1rios, o primeiro de 15h30min \u00e0s 18h nos seguintes endere\u00e7os:<\/p>\n<p>&#8211; Rua Afonso Pena, entre n\u00fameros 2370 e 2618<br \/>\n&#8211; Rua Dom Pedro II, entre n\u00fameros 447 e 577<br \/>\n&#8211; Rua Presidente Arthur Bernard, entre n\u00fameros 851 e 910, Centro<\/p>\n<p>No mesmo dia, ser\u00e1 preciso desligar de 13h \u00e0s 15h30min, os endere\u00e7os abaixo:<\/p>\n<p>&#8211; Rua Barbara Heliodora, n\u00famero 1290<br \/>\n&#8211; Rua Afonso Pena, no n\u00famero 2702 e entre n\u00fameros 3485 e 3608<br \/>\n&#8211; Rua Jos\u00e9 Luiz Nogueira, entre n\u00fameros 549 e 657, Centro<br \/>\n&#8211; Rua Leonardo Cristino, entre n\u00fameros 3529 e 3713, S\u00e3o Geraldo<br \/>\n&#8211; Rua Presidente Arthur Bernard, entre n\u00fameros 722 e 838<br \/>\n&#8211; Rua Bar\u00e3o Rio Branco, entre n\u00fameros 432 e 583, Centro<\/p>\n<p>No domingo,  vai ser necess\u00e1rio desligar de 7h \u00e0s 13h, os seguintes locais:<\/p>\n<p>&#8211; Avenida S\u00e3o Lucas, n\u00famero 301<br \/>\n&#8211; Pra\u00e7a Cristo Rei, entre n\u00fameros 35 e 45<br \/>\n&#8211; Rua S\u00e3o Sim\u00e3o, entre n\u00fameros 180 e 361<br \/>\n&#8211; Rua Santo Agostinho, entre n\u00fameros 21 e 231<br \/>\n&#8211; Rua S\u00e3o Tomaz De Aquino, entre n\u00fameros 375 e 452, Vila Mariana<br \/>\n&#8211; Rua Maria Concei\u00e7\u00e3o Pimenta, entre n\u00fameros 242 e 313<br \/>\n&#8211; Rua Hermes Pimenta, entre n\u00fameros 39 e 80<br \/>\n&#8211; Rua Jos\u00e9 Rodrigues Ferreira, entre n\u00fameros 159 e 235<br \/>\n&#8211; Rua Padre Sadi Rabelo, entre n\u00fameros 8 e 298<br \/>\n&#8211; Rua Radialista Osman Monteiro, entre n\u00fameros 32 e 83, S\u00e3o Geraldo<br \/>\n&#8211; Rua Afonso Pena, entre n\u00fameros 3855 e 4346<br \/>\n&#8211; Rua Jose Rodrigues Ferreira, entre n\u00fameros 150 e 238, Centro<\/p>\n<p>Durante esse per\u00edodo, caso precise executar algum servi\u00e7o na instala\u00e7\u00e3o el\u00e9trica interna, o consumidor dever\u00e1 desligar antes a chave geral (disjuntor) para sua seguran\u00e7a.<\/p>\n<p>Esclarecemos que, em fun\u00e7\u00e3o da complexidade dos servi\u00e7os a serem executados, poder\u00e1 ocorrer atraso no hor\u00e1rio previsto ou cancelamento deste desligamento sem aviso pr\u00e9vio. Por medida de seguran\u00e7a, todos os equipamentos devem ser considerados energizados durante o per\u00edodo mencionado. Caso os servi\u00e7os de melhoria sejam conclu\u00eddos antes do hor\u00e1rio indicado, o fornecimento de energia el\u00e9trica ser\u00e1 restabelecido.<\/p>\n","protected":false},"excerpt":{"rendered":"<p>A Companhia Energ\u00e9tica de Minas Gerais \u2013 Cemig informa que nesse fim de semana, realizar\u00e1 obras de manuten\u00e7\u00e3o na Rede de Distribui\u00e7\u00e3o Urbana na \u00e1rea central de Governador Valadares. Para executar esse servi\u00e7o com seguran\u00e7a, ser\u00e1 necess\u00e1rio interromper o fornecimento de energia no s\u00e1bado, em dois hor\u00e1rios, o primeiro de 15h30min \u00e0s 18h nos seguintes [&hellip;]<\/p>\n","protected":false},"author":1,"featured_media":35562,"comment_status":"open","ping_status":"closed","sticky":false,"template":"","format":"standard","meta":{"amp_status":"","footnotes":""},"categories":[121],"tags":[14117,16411,247,16410],"class_list":["post-40308","post","type-post","status-publish","format-standard","has-post-thumbnail","hentry","category-leste","tag-cemig-comunica-desligamento-para-obras-na-rede-eletrica-de-governador-valadares","tag-desligamento-da-rede-eletrica-em-governador-valadares","tag-governador-valadares","tag-reparos-na-rede-eletrica-em-governador-valadares"],"_links":{"self":[{"href":"https:\/\/aconteceunovale.com.br\/portal\/index.php?rest_route=\/wp\/v2\/posts\/40308","targetHints":{"allow":["GET"]}}],"collection":[{"href":"https:\/\/aconteceunovale.com.br\/portal\/index.php?rest_route=\/wp\/v2\/posts"}],"about":[{"href":"https:\/\/aconteceunovale.com.br\/portal\/index.php?rest_route=\/wp\/v2\/types\/post"}],"author":[{"embeddable":true,"href":"https:\/\/aconteceunovale.com.br\/portal\/index.php?rest_route=\/wp\/v2\/users\/1"}],"replies":[{"embeddable":true,"href":"https:\/\/aconteceunovale.com.br\/portal\/index.php?rest_route=%2Fwp%2Fv2%2Fcomments&post=40308"}],"version-history":[{"count":0,"href":"https:\/\/aconteceunovale.com.br\/portal\/index.php?rest_route=\/wp\/v2\/posts\/40308\/revisions"}],"wp:featuredmedia":[{"embeddable":true,"href":"https:\/\/aconteceunovale.com.br\/portal\/index.php?rest_route=\/wp\/v2\/media\/35562"}],"wp:attachment":[{"href":"https:\/\/aconteceunovale.com.br\/portal\/index.php?rest_route=%2Fwp%2Fv2%2Fmedia&parent=40308"}],"wp:term":[{"taxonomy":"category","embeddable":true,"href":"https:\/\/aconteceunovale.com.br\/portal\/index.php?rest_route=%2Fwp%2Fv2%2Fcategories&post=40308"},{"taxonomy":"post_tag","embeddable":true,"href":"https:\/\/aconteceunovale.com.br\/portal\/index.php?rest_route=%2Fwp%2Fv2%2Ftags&post=40308"}],"curies":[{"name":"wp","href":"https:\/\/api.w.org\/{rel}","templated":true}]}}