{"id":40302,"date":"2014-09-19T19:06:58","date_gmt":"2014-09-19T22:06:58","guid":{"rendered":"http:\/\/aconteceunovale.com.br\/portal\/?p=40302"},"modified":"2014-09-19T19:06:58","modified_gmt":"2014-09-19T22:06:58","slug":"prefeitura-de-montes-claros-anuncia-rompimento-de-concessao-de-servicos-com-a-copasa","status":"publish","type":"post","link":"https:\/\/aconteceunovale.com.br\/portal\/?p=40302","title":{"rendered":"Prefeitura de Montes Claros anuncia rompimento de concess\u00e3o de servi\u00e7os com a Copasa"},"content":{"rendered":"<h4><strong><em>Decis\u00e3o do munic\u00edpio foi publicada nesta sexta-feira (19). Copasa tem prazo de 15 dias para recorrer.<\/em><\/strong><\/h4>\n<p>A prefeitura de Montes Claros anunciou na tarde desta sexta-feira (19) que rompeu a concess\u00e3o de servi\u00e7os da Companhia de Saneamento B\u00e1sico de Minas Gerais (Copasa). A empresa tem at\u00e9 15 dias para recorrer contra a extin\u00e7\u00e3o do contrato de concess\u00e3o.<\/p>\n<p>De acordo com a publica\u00e7\u00e3o, a decis\u00e3o aprovada pelo prefeito Ruy Muniz \u00e9 baseada em parecer da Procuradoria Geral do Munic\u00edpio e levou em considera\u00e7\u00e3o a necessidade de garantir a continuidade e seguran\u00e7a dos servi\u00e7os de \u00e1gua e esgoto no munic\u00edpio e a concess\u00e3o dos servi\u00e7os de abastecimento de \u00e1gua e esgotamento sanit\u00e1rio.<\/p>\n<p>Ainda de acordo com a publica\u00e7\u00e3o, a extin\u00e7\u00e3o da concess\u00e3o somente ocorrer\u00e1 depois de decorridos seis meses da publica\u00e7\u00e3o da decis\u00e3o. Enquanto isso acontecer\u00e1 um per\u00edodo de \u201cvig\u00eancia extraordin\u00e1ria\u201d no qual ser\u00e3o preservadas as rela\u00e7\u00f5es de consumo e todas as demais rela\u00e7\u00f5es jur\u00eddicas do contrato de concess\u00e3o e a Copasa permanecer\u00e1 respons\u00e1vel pelos servi\u00e7os de \u00e1gua e esgoto em Montes Claros.<\/p>\n<p>Durante este per\u00edodo todas as receitas referentes aos servi\u00e7os de \u00e1gua e esgoto prestados na cidade ser\u00e3o direcionadas para a conta corrente da administra\u00e7\u00e3o municipal. A regula\u00e7\u00e3o dos servi\u00e7os ser\u00e1 exercida pelo pr\u00f3prio munic\u00edpio, diretamente ou por meio da Ag\u00eancia Municipal de \u00c1gua, Saneamento B\u00e1sico e Energia de Montes Claros (AMASBE). A Copasa tem um prazo de 15 dias para apresentar recurso contra a decis\u00e3o do munic\u00edpio.<\/p>\n<p>Em nota, a empresa informou que foi notificada da decis\u00e3o do processo administrativo instaurado pelo munic\u00edpio de Montes Claros. A Companhia disse ainda que discorda dos argumentos da Prefeitura e est\u00e1 analisando o teor da decis\u00e3o para tomar as medidas cab\u00edveis que o assunto requer. (G1)<\/p>\n","protected":false},"excerpt":{"rendered":"<p>Decis\u00e3o do munic\u00edpio foi publicada nesta sexta-feira (19). Copasa tem prazo de 15 dias para recorrer. A prefeitura de Montes Claros anunciou na tarde desta sexta-feira (19) que rompeu a concess\u00e3o de servi\u00e7os da Companhia de Saneamento B\u00e1sico de Minas Gerais (Copasa). A empresa tem at\u00e9 15 dias para recorrer contra a extin\u00e7\u00e3o do contrato [&hellip;]<\/p>\n","protected":false},"author":1,"featured_media":19404,"comment_status":"open","ping_status":"closed","sticky":false,"template":"","format":"standard","meta":{"amp_status":"","footnotes":""},"categories":[1236],"tags":[16406,179,210,16405,4616],"class_list":["post-40302","post","type-post","status-publish","format-standard","has-post-thumbnail","hentry","category-norte_de_minas","tag-a-prefeitura-de-montes-claros-anunciou-na-tarde-desta-sexta-feira-19-que-rompeu-a-concessao-de-servicos-da-companhia-de-saneamento-basico-de-minas-gerais-copasa","tag-copasa","tag-montes-claros","tag-prefeitura-de-montes-claros-anuncia-rompimento-de-concessao-de-servicos-com-a-copasa","tag-ruy-muniz"],"_links":{"self":[{"href":"https:\/\/aconteceunovale.com.br\/portal\/index.php?rest_route=\/wp\/v2\/posts\/40302","targetHints":{"allow":["GET"]}}],"collection":[{"href":"https:\/\/aconteceunovale.com.br\/portal\/index.php?rest_route=\/wp\/v2\/posts"}],"about":[{"href":"https:\/\/aconteceunovale.com.br\/portal\/index.php?rest_route=\/wp\/v2\/types\/post"}],"author":[{"embeddable":true,"href":"https:\/\/aconteceunovale.com.br\/portal\/index.php?rest_route=\/wp\/v2\/users\/1"}],"replies":[{"embeddable":true,"href":"https:\/\/aconteceunovale.com.br\/portal\/index.php?rest_route=%2Fwp%2Fv2%2Fcomments&post=40302"}],"version-history":[{"count":0,"href":"https:\/\/aconteceunovale.com.br\/portal\/index.php?rest_route=\/wp\/v2\/posts\/40302\/revisions"}],"wp:featuredmedia":[{"embeddable":true,"href":"https:\/\/aconteceunovale.com.br\/portal\/index.php?rest_route=\/wp\/v2\/media\/19404"}],"wp:attachment":[{"href":"https:\/\/aconteceunovale.com.br\/portal\/index.php?rest_route=%2Fwp%2Fv2%2Fmedia&parent=40302"}],"wp:term":[{"taxonomy":"category","embeddable":true,"href":"https:\/\/aconteceunovale.com.br\/portal\/index.php?rest_route=%2Fwp%2Fv2%2Fcategories&post=40302"},{"taxonomy":"post_tag","embeddable":true,"href":"https:\/\/aconteceunovale.com.br\/portal\/index.php?rest_route=%2Fwp%2Fv2%2Ftags&post=40302"}],"curies":[{"name":"wp","href":"https:\/\/api.w.org\/{rel}","templated":true}]}}