{"id":40295,"date":"2014-09-19T18:59:22","date_gmt":"2014-09-19T21:59:22","guid":{"rendered":"http:\/\/aconteceunovale.com.br\/portal\/?p=40295"},"modified":"2014-09-19T19:01:02","modified_gmt":"2014-09-19T22:01:02","slug":"bell-marques-comanda-a-folia-nesta-sexta-feira-em-aracuai-no-vale-do-jequitinhonha","status":"publish","type":"post","link":"https:\/\/aconteceunovale.com.br\/portal\/?p=40295","title":{"rendered":"Bell Marques comanda a folia nesta sexta-feira em Ara\u00e7ua\u00ed, no Vale do Jequitinhonha"},"content":{"rendered":"<h4><strong><em>Ex-vocalista do Chiclete agita o p\u00fablico na cidade que comemora 143 anos. F\u00e3s da cidade e de todo Vale do Jequitinhonha vivem expectativa do show.<\/em><\/strong><\/h4>\n<p>Ap\u00f3s mais de 30 anos agitando multid\u00f5es de carnavais e micaretas de todo o Brasil, o cantor Bell Marques se apresenta em Ara\u00e7ua\u00ed, no Vale do Jequitinhonha, pela primeira vez. Bell \u00e9 uma das atra\u00e7\u00f5es do Arafolia 2014. O Carnaval fora de \u00e9poca, que marca as comemora\u00e7\u00f5es dos 143 anos de emancipa\u00e7\u00e3o pol\u00edtica do munic\u00edpio, celebrado em 21 de setembro.<\/p>\n<p><img decoding=\"async\" src=\"http:\/\/aconteceunovale.com.br\/portal\/wp-content\/uploads\/2014\/09\/bell_marques.jpg\" alt=\"\" \/><em>No show solo, Bell Marques apostou na banda e os f\u00e3s aprovaram (Foto: Reprodu\u00e7\u00e3o)<\/em><br \/>\n<\/br><\/p>\n<p>Al\u00e9m de m\u00fasica nova, ele promete animar o p\u00fablico do \u201cKiau\u201d, na primeira noite do evento, nesta sexta-feira (19). Pelo fato de Ara\u00e7ua\u00ed ser pr\u00f3xima ao estado da Bahia, a cidade tem in\u00fameros f\u00e3s apaixonados pelo Chiclete com Banana, e claro, por Bell Marques.<\/p>\n<p>[image src=&#8221;http:\/\/aconteceunovale.com.br\/portal\/wp-content\/uploads\/2014\/09\/ara_folia_folioes.jpg&#8221; width=&#8221;300&#8243; height=&#8221;225&#8243; lightbox=&#8221;yes&#8221; align=&#8221;left&#8221; float=&#8221;left&#8221;]\u201cSou f\u00e3 desde a minha adolesc\u00eancia, pois ele fez durante anos, parte do chiclete que \u00e9 uma banda que fez parte da minha vida e da vida de toda uma gera\u00e7\u00e3o. Cresci escutando as m\u00fasicas dele que pra mim s\u00e3o as mais marcantes do repert\u00f3rio do Ax\u00e9. Estou na expectativa para o show desta noite, Ara\u00e7ua\u00ed vai receber uma grande personalidade da m\u00fasica baiana. Tenho certeza que vai ferver\u201d, garante a auxiliar administrativa, Carol Lima Oliveira, 36 anos.<\/p>\n<p>J\u00e1 o analista de sistemas, Alan Ribeiro, 25 anos, afirma que Bell Marques \u00e9 refer\u00eancia no cen\u00e1rio musical brasileiro. Alan, assim como v\u00e1rios ara\u00e7uaienses, tamb\u00e9m est\u00e1 contando os minutos para o in\u00edcio do Arafolia.<\/p>\n<p>Desde muito cedo sempre gostei do ritmo de ax\u00e9 e Bell Marques, seja no Chiclete ou em carreira solo, sempre foi uma refer\u00eancia. Sempre que posso o acompanho e n\u00e3o abro m\u00e3o de assistir aos seus shows, sempre que posso. N\u00e3o vejo a hora de vestir o abad\u00e1 e relembrar os sucessos de tantas gera\u00e7\u00f5es que s\u00e3o tocados at\u00e9 hoje.<\/p>\n<h4>Vumbora<\/h4>\n<p>O p\u00fablico em Ara\u00e7ua\u00ed vai ouvir no show m\u00fasicas do novo CD, batizado de Vumbora, como \u201cNicolau\u201d, \u201cAmor bacana\u201d, \u201cLouco amor\u201d e \u201cVumbora vumbora\u201d, que ganhou medley com \u201cVumbora amar\u201d e \u201cSavassi\u201d.<\/p>\n<p>Na segunda noite do Arafolia, o p\u00fablico ir\u00e1 curtir o show do cantor Tomate, neste s\u00e1bado (20). No domingo (21), data em que Ara\u00e7ua\u00ed comemora 143 anos, \u00e9 a vez da cantora Aline Rosa subir no trio e fazer a festa para os foli\u00f5es da cidade.<\/p>\n<p><img decoding=\"async\" alt=\"\" src=\"http:\/\/aconteceunovale.com.br\/portal\/wp-content\/uploads\/2014\/09\/arafolia_2014.jpg\" \/><em>(Cartaz oficial do evento &#8211; Foto: Divulga\u00e7\u00e3o)<\/em><br \/>\n<\/br><\/p>\n<p><strong>(Inter TV Grande Minas)<\/strong><\/p>\n","protected":false},"excerpt":{"rendered":"<p>Ex-vocalista do Chiclete agita o p\u00fablico na cidade que comemora 143 anos. F\u00e3s da cidade e de todo Vale do Jequitinhonha vivem expectativa do show. Ap\u00f3s mais de 30 anos agitando multid\u00f5es de carnavais e micaretas de todo o Brasil, o cantor Bell Marques se apresenta em Ara\u00e7ua\u00ed, no Vale do Jequitinhonha, pela primeira vez. [&hellip;]<\/p>\n","protected":false},"author":1,"featured_media":40296,"comment_status":"open","ping_status":"closed","sticky":false,"template":"","format":"standard","meta":{"amp_status":"","footnotes":""},"categories":[125],"tags":[16404,186,16401,16399,16400,2576,16398,16397,5310,1018,16403,16402],"class_list":["post-40295","post","type-post","status-publish","format-standard","has-post-thumbnail","hentry","category-noticias","tag-aline-rosa","tag-aracuai","tag-arafolia","tag-arafolia-2014","tag-arafolia-de-aracuai","tag-bell-marques","tag-bell-marques-comanda-a-folia-nesta-sexta-feira-em-aracuai","tag-bell-marques-comanda-a-folia-nesta-sexta-feira-em-aracuai-no-vale-do-jequitinhonha","tag-chiclete-com-banana","tag-destaque","tag-tomate","tag-vumbora"],"_links":{"self":[{"href":"https:\/\/aconteceunovale.com.br\/portal\/index.php?rest_route=\/wp\/v2\/posts\/40295","targetHints":{"allow":["GET"]}}],"collection":[{"href":"https:\/\/aconteceunovale.com.br\/portal\/index.php?rest_route=\/wp\/v2\/posts"}],"about":[{"href":"https:\/\/aconteceunovale.com.br\/portal\/index.php?rest_route=\/wp\/v2\/types\/post"}],"author":[{"embeddable":true,"href":"https:\/\/aconteceunovale.com.br\/portal\/index.php?rest_route=\/wp\/v2\/users\/1"}],"replies":[{"embeddable":true,"href":"https:\/\/aconteceunovale.com.br\/portal\/index.php?rest_route=%2Fwp%2Fv2%2Fcomments&post=40295"}],"version-history":[{"count":0,"href":"https:\/\/aconteceunovale.com.br\/portal\/index.php?rest_route=\/wp\/v2\/posts\/40295\/revisions"}],"wp:featuredmedia":[{"embeddable":true,"href":"https:\/\/aconteceunovale.com.br\/portal\/index.php?rest_route=\/wp\/v2\/media\/40296"}],"wp:attachment":[{"href":"https:\/\/aconteceunovale.com.br\/portal\/index.php?rest_route=%2Fwp%2Fv2%2Fmedia&parent=40295"}],"wp:term":[{"taxonomy":"category","embeddable":true,"href":"https:\/\/aconteceunovale.com.br\/portal\/index.php?rest_route=%2Fwp%2Fv2%2Fcategories&post=40295"},{"taxonomy":"post_tag","embeddable":true,"href":"https:\/\/aconteceunovale.com.br\/portal\/index.php?rest_route=%2Fwp%2Fv2%2Ftags&post=40295"}],"curies":[{"name":"wp","href":"https:\/\/api.w.org\/{rel}","templated":true}]}}