{"id":40289,"date":"2014-09-19T18:30:26","date_gmt":"2014-09-19T21:30:26","guid":{"rendered":"http:\/\/aconteceunovale.com.br\/portal\/?p=40289"},"modified":"2014-09-19T18:30:26","modified_gmt":"2014-09-19T21:30:26","slug":"casal-e-preso-transportando-8-quilos-de-maconha-na-br-116-no-leste-de-minas-gerais","status":"publish","type":"post","link":"https:\/\/aconteceunovale.com.br\/portal\/?p=40289","title":{"rendered":"Casal \u00e9 preso transportando 8 quilos de maconha na BR-116, no Leste de Minas Gerais"},"content":{"rendered":"<h4><strong><em>Drogas seriam de um casal e estariam no banco traseiro do ve\u00edculo. Motorista teria usado carro de um cliente para o transporte de drogas. <\/em><\/strong><\/h4>\n<p>Um homem de 29 anos e a esposa dele, de 27, foram presos na manh\u00e3 desta sexta-feira (19), na BR-116, sentido  Governador Valadares, no Leste de Minas. Segundo a Pol\u00edcia Militar, o casal trazia, no banco traseiro de um carro, 12 tabletes de maconha prensada com peso total de 8 quilos.<\/p>\n<p>Ainda de acordo com a PM, o homem \u00e9 mec\u00e2nico e teria pegado o ve\u00edculo de um cliente para o transporte das drogas. Os tabletes de maconha estavam dentro de uma sacola de ra\u00e7\u00e3o, atr\u00e1s do banco. A apreens\u00e3o aconteceu durante uma opera\u00e7\u00e3o policial nas sa\u00eddas de Valadares.<\/p>\n<p>Para a pol\u00edcia, o suspeito afirmou que n\u00e3o \u00e9 respons\u00e1vel pelas drogas, mas sim pelo transporte. No carro tamb\u00e9m foram encontrados R$ 282. A mulher e o homem foram presos e encaminhados para a Delegacia de Pol\u00edcia Civil de Governador Valadares.<\/p>\n<p><img decoding=\"async\" src=\"http:\/\/aconteceunovale.com.br\/portal\/wp-content\/uploads\/2014\/09\/maconha_apreendida_gv.jpg\" alt=\"\" \/><em>Foram encontrados 12 tabletes de maconha. (Foto: Davidson Fortunato\/G1)<\/em><br \/>\n<\/br><\/p>\n<p><strong><em>(Inter TV dos Vales)<\/em><\/strong><\/p>\n","protected":false},"excerpt":{"rendered":"<p>Drogas seriam de um casal e estariam no banco traseiro do ve\u00edculo. Motorista teria usado carro de um cliente para o transporte de drogas. Um homem de 29 anos e a esposa dele, de 27, foram presos na manh\u00e3 desta sexta-feira (19), na BR-116, sentido Governador Valadares, no Leste de Minas. Segundo a Pol\u00edcia Militar, [&hellip;]<\/p>\n","protected":false},"author":1,"featured_media":40290,"comment_status":"open","ping_status":"closed","sticky":false,"template":"","format":"standard","meta":{"amp_status":"","footnotes":""},"categories":[121],"tags":[16393,16392],"class_list":["post-40289","post","type-post","status-publish","format-standard","has-post-thumbnail","hentry","category-leste","tag-casal-e-preso-transportando-8-quilos-de-maconha-na-br-116-em-governador-valadares","tag-casal-e-preso-transportando-8-quilos-de-maconha-na-br-116-no-leste-de-minas-gerais"],"_links":{"self":[{"href":"https:\/\/aconteceunovale.com.br\/portal\/index.php?rest_route=\/wp\/v2\/posts\/40289","targetHints":{"allow":["GET"]}}],"collection":[{"href":"https:\/\/aconteceunovale.com.br\/portal\/index.php?rest_route=\/wp\/v2\/posts"}],"about":[{"href":"https:\/\/aconteceunovale.com.br\/portal\/index.php?rest_route=\/wp\/v2\/types\/post"}],"author":[{"embeddable":true,"href":"https:\/\/aconteceunovale.com.br\/portal\/index.php?rest_route=\/wp\/v2\/users\/1"}],"replies":[{"embeddable":true,"href":"https:\/\/aconteceunovale.com.br\/portal\/index.php?rest_route=%2Fwp%2Fv2%2Fcomments&post=40289"}],"version-history":[{"count":0,"href":"https:\/\/aconteceunovale.com.br\/portal\/index.php?rest_route=\/wp\/v2\/posts\/40289\/revisions"}],"wp:featuredmedia":[{"embeddable":true,"href":"https:\/\/aconteceunovale.com.br\/portal\/index.php?rest_route=\/wp\/v2\/media\/40290"}],"wp:attachment":[{"href":"https:\/\/aconteceunovale.com.br\/portal\/index.php?rest_route=%2Fwp%2Fv2%2Fmedia&parent=40289"}],"wp:term":[{"taxonomy":"category","embeddable":true,"href":"https:\/\/aconteceunovale.com.br\/portal\/index.php?rest_route=%2Fwp%2Fv2%2Fcategories&post=40289"},{"taxonomy":"post_tag","embeddable":true,"href":"https:\/\/aconteceunovale.com.br\/portal\/index.php?rest_route=%2Fwp%2Fv2%2Ftags&post=40289"}],"curies":[{"name":"wp","href":"https:\/\/api.w.org\/{rel}","templated":true}]}}