{"id":40286,"date":"2014-09-19T18:15:48","date_gmt":"2014-09-19T21:15:48","guid":{"rendered":"http:\/\/aconteceunovale.com.br\/portal\/?p=40286"},"modified":"2014-09-19T18:15:48","modified_gmt":"2014-09-19T21:15:48","slug":"historia-de-aracuai-e-recontada-em-desfile-civico-em-homenagem-aos-143-anos-de-emancipacao","status":"publish","type":"post","link":"https:\/\/aconteceunovale.com.br\/portal\/?p=40286","title":{"rendered":"Hist\u00f3ria de Ara\u00e7ua\u00ed \u00e9 recontada em desfile c\u00edvico em homenagem aos 143 anos de emancipa\u00e7\u00e3o"},"content":{"rendered":"<h4><strong><em>O desfile contou com a participa\u00e7\u00e3o de estudantes das 30 escolas do munic\u00edpio<\/em><\/strong><\/h4>\n<p>Estudantes das 30 escolas p\u00fablicas e particulares de Ara\u00e7ua\u00ed recontaram na manh\u00e3 desta sexta-feira (19), a hist\u00f3ria do munic\u00edpio localizado no Vale do Jequitinhonha. Cerca de 3  mil pessoas participaram do desfile c\u00edvico em homenagem aos 143 anos de emancipa\u00e7\u00e3o pol\u00edtico-administrativa.<\/p>\n<p>Foram lembrados desde os primeiros moradores, passando pelos canoeiros, tropeiros,  \u00edndios, bandeirantes, imigrantes,  surgimento do com\u00e9rcio, a chegada e o fim da estrada de ferro Bahia\/Minas, as grandes enchentes,  a inaugura\u00e7\u00e3o da luz el\u00e9trica, as fam\u00edlias tradicionais, os coron\u00e9is da pol\u00edtica, os clubes e bares da cidade,  a implanta\u00e7\u00e3o da Diocese, do Col\u00e9gio Nazareth, at\u00e9 os dias atuais.<\/p>\n<p>As escolas dividiram os alunos em pelot\u00f5es e cada um explorou um tema determinado. Grandes pain\u00e9is empurrados por um grupo de estudantes, com fotos dos casar\u00f5es e casebres, lembravam como eram as moradias dos s\u00e9culos 18 e 19 na cidade.<\/p>\n<p>O desfile foi puxado por um carro com um painel  com a  foto das memorialistas Cl\u00e9a Dalva e Virg\u00ednia Chaves (dona Zina) homenageadas durante o desfile. Elas foram respons\u00e1veis pelo mais completo levantamento hist\u00f3rico de Ara\u00e7ua\u00ed, atrav\u00e9s de anos de pesquisa. Ambas faleceram sem ver o sonho realizado que era  a publica\u00e7\u00e3o de  um livro  sobre o trabalho.<\/p>\n<p><img decoding=\"async\" src=\"http:\/\/aconteceunovale.com.br\/portal\/wp-content\/uploads\/2014\/09\/desfile_civico_ara.jpg\" alt=\"\" \/><em>Homenagem \u00e0s memorialistas Clea Dalva e Zina Chaves \u2013 Foto: Gazeta de Ara\u00e7ua\u00ed<\/em><br \/>\n<\/br><\/p>\n<h4>Prov\u00e1vel origem do munic\u00edpio foi esquecida<\/h4>\n<p>N\u00e3o houve lembran\u00e7a daquela que pode ter sido a fundadora de Ara\u00e7ua\u00ed &#8211; Luciana Teixeira -, propriet\u00e1ria da fazenda Boa Vista do Calhau, entre os rios Calhauzinho e Ara\u00e7ua\u00ed. De acordo com a hist\u00f3ria, tudo come\u00e7ou na Barra do Pontal, na conflu\u00eancia dos rios Ara\u00e7ua\u00ed e Jequitinhonha, ponto de parada dos canoeiros que traziam da Bahia, entre os anos de 1830 a 1840, mercadorias que se espalhavam pelo sert\u00e3o, atrav\u00e9s dos tropeiros.<\/p>\n<p>Onde h\u00e1 canoeiros, h\u00e1 mulheres, bebidas alco\u00f3licas e muita folia. O padre Carlos Pereira de Moura, respons\u00e1vel pela igreja  no local, acabou expulsando as prostitutas, que desorientadas emigraram rio acima, achando abrigo na fazenda de Luciana Teixeira que cedeu terras \u00e0s margens do ribeir\u00e3o Calhau para que elas pudessem se alojar.<\/p>\n<p>Atra\u00eddos pelas mulheres, os canoeiros mudaram de porto e no local surgiu um arraial com nome de Calhau que deu origem \u00e0 atual Ara\u00e7ua\u00ed que foi elevada \u00e0 categoria de cidade em 21 de setembro de 1871.<\/p>\n<p>Ainda segundo a hist\u00f3ria, Luciana Teixeira nunca foi prostituta. Pelo menos \u00e9 o que pode ser constatado em artigo do historiador franc\u00eas Saint Hilaire que se hospedou com ela em meados de 1817. Luciana era uma mulata educada e religiosa.  natural da regi\u00e3o de Minas Novas, onde faleceu.<\/p>\n<p>O desfile contou ainda com a participa\u00e7\u00e3o das fanfarras de Itinga, Capelinha, Itaobim e Coronel Murta.<\/p>\n<p><em><strong>(Gazeta de Ara\u00e7ua\u00ed)<\/strong><\/em><\/p>\n","protected":false},"excerpt":{"rendered":"<p>O desfile contou com a participa\u00e7\u00e3o de estudantes das 30 escolas do munic\u00edpio Estudantes das 30 escolas p\u00fablicas e particulares de Ara\u00e7ua\u00ed recontaram na manh\u00e3 desta sexta-feira (19), a hist\u00f3ria do munic\u00edpio localizado no Vale do Jequitinhonha. Cerca de 3 mil pessoas participaram do desfile c\u00edvico em homenagem aos 143 anos de emancipa\u00e7\u00e3o pol\u00edtico-administrativa. Foram [&hellip;]<\/p>\n","protected":false},"author":1,"featured_media":40287,"comment_status":"open","ping_status":"closed","sticky":false,"template":"","format":"standard","meta":{"amp_status":"","footnotes":""},"categories":[120],"tags":[16390,186,132,483,16391,1018,16389,391,189,137],"class_list":["post-40286","post","type-post","status-publish","format-standard","has-post-thumbnail","hentry","category-jequi","tag-143-anos-de-emancipacao-de-aracuai","tag-aracuai","tag-capelinha","tag-coronel-murta","tag-desfile-civico-em-homenagem-aos-143-anos-de-emancipacao-de-aracuai","tag-destaque","tag-historia-de-aracuai-e-recontada-em-desfile-civico-em-homenagem-aos-143-anos-de-emancipacao","tag-itaobim","tag-itinga","tag-minas-novas"],"_links":{"self":[{"href":"https:\/\/aconteceunovale.com.br\/portal\/index.php?rest_route=\/wp\/v2\/posts\/40286","targetHints":{"allow":["GET"]}}],"collection":[{"href":"https:\/\/aconteceunovale.com.br\/portal\/index.php?rest_route=\/wp\/v2\/posts"}],"about":[{"href":"https:\/\/aconteceunovale.com.br\/portal\/index.php?rest_route=\/wp\/v2\/types\/post"}],"author":[{"embeddable":true,"href":"https:\/\/aconteceunovale.com.br\/portal\/index.php?rest_route=\/wp\/v2\/users\/1"}],"replies":[{"embeddable":true,"href":"https:\/\/aconteceunovale.com.br\/portal\/index.php?rest_route=%2Fwp%2Fv2%2Fcomments&post=40286"}],"version-history":[{"count":0,"href":"https:\/\/aconteceunovale.com.br\/portal\/index.php?rest_route=\/wp\/v2\/posts\/40286\/revisions"}],"wp:featuredmedia":[{"embeddable":true,"href":"https:\/\/aconteceunovale.com.br\/portal\/index.php?rest_route=\/wp\/v2\/media\/40287"}],"wp:attachment":[{"href":"https:\/\/aconteceunovale.com.br\/portal\/index.php?rest_route=%2Fwp%2Fv2%2Fmedia&parent=40286"}],"wp:term":[{"taxonomy":"category","embeddable":true,"href":"https:\/\/aconteceunovale.com.br\/portal\/index.php?rest_route=%2Fwp%2Fv2%2Fcategories&post=40286"},{"taxonomy":"post_tag","embeddable":true,"href":"https:\/\/aconteceunovale.com.br\/portal\/index.php?rest_route=%2Fwp%2Fv2%2Ftags&post=40286"}],"curies":[{"name":"wp","href":"https:\/\/api.w.org\/{rel}","templated":true}]}}