{"id":40283,"date":"2014-09-19T17:48:30","date_gmt":"2014-09-19T20:48:30","guid":{"rendered":"http:\/\/aconteceunovale.com.br\/portal\/?p=40283"},"modified":"2014-09-19T17:48:30","modified_gmt":"2014-09-19T20:48:30","slug":"menores-ostentam-ao-usar-droga-e-sao-apreendidos-em-rio-pardo-de-minas","status":"publish","type":"post","link":"https:\/\/aconteceunovale.com.br\/portal\/?p=40283","title":{"rendered":"Menores ostentam ao usar droga e s\u00e3o apreendidos em Rio Pardo de Minas"},"content":{"rendered":"<p>Na quinta, dia 18, a Pol\u00edcia Militar de Rio Pardo de Minas, durante patrulhamento pela Avenida Padre Hor\u00e1cio Giraldi, Centro da cidade, acabou com a &#8220;divers\u00e3o&#8221; de cinco menores que faziam uso indiscriminado de &#8220;narguil\u00e9&#8221;, um objeto parecido com cachimbo, onde se mistura v\u00e1rias ervas e ess\u00eancias para fumar.<\/p>\n<p>Conforme os militares, Sargento Cruz e Soldado Ac\u00e1cio, respons\u00e1veis pela ocorr\u00eancia, a venda e consumo s\u00e3o proibidas para menores de 18 anos, segundo Artigo 243 da Lei n\u00ba 8.069 (ECA &#8211; Estatuto da Crian\u00e7a e do Adolescente).<\/p>\n<p>Ainda conforme os militares, as idades dos menores variam entre 13 e 17 anos. Todos foram encaminhados \u00e0 Delegacia, mas n\u00e3o demonstraram nenhuma preocupa\u00e7\u00e3o com a situa\u00e7\u00e3o, inclusive chegaram a sorrir no momento da fotografia.<\/p>\n<p>Moradores das imedia\u00e7\u00f5es, conhecida como &#8220;Pra\u00e7a do Hospital&#8221;, relataram que h\u00e1 v\u00e1rios dias os menores estavam incomodando com a pr\u00e1tica ilegal.<\/p>\n<p><img decoding=\"async\" src=\"http:\/\/aconteceunovale.com.br\/portal\/wp-content\/uploads\/2014\/09\/menores_apreendidos_rpm.jpg\" alt=\"\" \/><em>Menores apreendidos sorriram no momento da foto &#8211; Foto: Folha Regional<\/em><br \/>\n<\/br><\/p>\n<p><strong>(Folha Regional)<\/strong><\/p>\n","protected":false},"excerpt":{"rendered":"<p>Na quinta, dia 18, a Pol\u00edcia Militar de Rio Pardo de Minas, durante patrulhamento pela Avenida Padre Hor\u00e1cio Giraldi, Centro da cidade, acabou com a &#8220;divers\u00e3o&#8221; de cinco menores que faziam uso indiscriminado de &#8220;narguil\u00e9&#8221;, um objeto parecido com cachimbo, onde se mistura v\u00e1rias ervas e ess\u00eancias para fumar. Conforme os militares, Sargento Cruz e [&hellip;]<\/p>\n","protected":false},"author":1,"featured_media":40284,"comment_status":"open","ping_status":"closed","sticky":false,"template":"","format":"standard","meta":{"amp_status":"","footnotes":""},"categories":[1236],"tags":[16388,421],"class_list":["post-40283","post","type-post","status-publish","format-standard","has-post-thumbnail","hentry","category-norte_de_minas","tag-menores-ostentam-ao-usar-droga-e-sao-apreendidos-em-rio-pardo-de-minas","tag-rio-pardo-de-minas"],"_links":{"self":[{"href":"https:\/\/aconteceunovale.com.br\/portal\/index.php?rest_route=\/wp\/v2\/posts\/40283","targetHints":{"allow":["GET"]}}],"collection":[{"href":"https:\/\/aconteceunovale.com.br\/portal\/index.php?rest_route=\/wp\/v2\/posts"}],"about":[{"href":"https:\/\/aconteceunovale.com.br\/portal\/index.php?rest_route=\/wp\/v2\/types\/post"}],"author":[{"embeddable":true,"href":"https:\/\/aconteceunovale.com.br\/portal\/index.php?rest_route=\/wp\/v2\/users\/1"}],"replies":[{"embeddable":true,"href":"https:\/\/aconteceunovale.com.br\/portal\/index.php?rest_route=%2Fwp%2Fv2%2Fcomments&post=40283"}],"version-history":[{"count":0,"href":"https:\/\/aconteceunovale.com.br\/portal\/index.php?rest_route=\/wp\/v2\/posts\/40283\/revisions"}],"wp:featuredmedia":[{"embeddable":true,"href":"https:\/\/aconteceunovale.com.br\/portal\/index.php?rest_route=\/wp\/v2\/media\/40284"}],"wp:attachment":[{"href":"https:\/\/aconteceunovale.com.br\/portal\/index.php?rest_route=%2Fwp%2Fv2%2Fmedia&parent=40283"}],"wp:term":[{"taxonomy":"category","embeddable":true,"href":"https:\/\/aconteceunovale.com.br\/portal\/index.php?rest_route=%2Fwp%2Fv2%2Fcategories&post=40283"},{"taxonomy":"post_tag","embeddable":true,"href":"https:\/\/aconteceunovale.com.br\/portal\/index.php?rest_route=%2Fwp%2Fv2%2Ftags&post=40283"}],"curies":[{"name":"wp","href":"https:\/\/api.w.org\/{rel}","templated":true}]}}