{"id":40269,"date":"2014-09-19T16:53:00","date_gmt":"2014-09-19T19:53:00","guid":{"rendered":"http:\/\/aconteceunovale.com.br\/portal\/?p=40269"},"modified":"2026-09-02T11:50:44","modified_gmt":"2026-09-02T14:50:44","slug":"cemig-comunica-desligamento-para-obras-na-rede-eletrica-de-capelinha-2","status":"publish","type":"post","link":"https:\/\/aconteceunovale.com.br\/portal\/?p=40269","title":{"rendered":"Cemig comunica desligamento para obras na rede el\u00e9trica de Capelinha"},"content":{"rendered":"<p>A Companhia Energ\u00e9tica de Minas Gerais \u2013 Cemig informa que nos pr\u00f3ximos dias 21 e 24\/09, realizar\u00e1 obra de manuten\u00e7\u00e3o na Rede de Distribui\u00e7\u00e3o Urbana na \u00e1rea central do munic\u00edpio de Capelinha.<\/p>\n<p>Para executar esse servi\u00e7o com seguran\u00e7a, ser\u00e1 necess\u00e1rio interromper o fornecimento de energia nos seguintes endere\u00e7os:<\/p>\n<h4>Domingo, 21\/09 de 10h \u00e0s 16h<\/h4>\n<p>&#8211; AVENIDA GERALDO PRISCO, Entre n\u00fameros 18 e 110<br \/>\n&#8211; PRA\u00c7A DO POVO, Entre n\u00fameros 2 e 104<br \/>\n&#8211; RUA VERISS\u00cdMO C ALECRIM, Entre n\u00fameros 46 e 343<br \/>\n&#8211; RUA DOUTOR HERMELINDO, Entre n\u00fameros 1 e 142<br \/>\n&#8211; RUA AUGUSTO BARBOSA, Entre n\u00fameros 42 e 78<br \/>\n&#8211; RUA GET\u00daLIO VARGAS, Entre n\u00fameros 2 e 637<br \/>\n&#8211; RUA RIO BRANCO, Entre n\u00fameros 6 e 26<br \/>\n&#8211; RUA CANDINHO, Entre n\u00fameros 191 e 330<br \/>\n&#8211; RUA OURO PRETO, Entre n\u00fameros 34 e 300<br \/>\n&#8211; RUA NICODEMOS E SOUZA, Entre n\u00fameros 14 e 35<br \/>\n&#8211; RUA ANT\u00d4NIO TEODOLINO, Entre n\u00fameros 7 e 191<br \/>\n&#8211; RUA RAUL COELHO, Entre n\u00fameros 20 e 800<br \/>\n&#8211; RUA S\u00c3O VICENTE, Entre n\u00fameros 14 e 67<br \/>\n&#8211; RUA CAPIT\u00c3O CLEMENTINO, Entre n\u00fameros 37 e 133<br \/>\n&#8211; RUA ARTHUR GOMES PIRES, Entre n\u00fameros 7 e 116<br \/>\n&#8211; RUA JO\u00c3O A SAMPAIO n\u00famero 949<br \/>\n&#8211; RUA CLOVIS P FIGUEIREDO, Entre n\u00fameros 53 e 468<br \/>\n&#8211; RUA DAS FLORES, Entre n\u00fameros 808 e 965<br \/>\n&#8211; RUA OZANAN PIMENTA, Entre n\u00fameros 59 e 200<br \/>\n&#8211; RUA JUSCELINO BARBOSA, Entre n\u00fameros 2 e 432<br \/>\n&#8211; RUA SANTA CEC\u00cdLIA, Entre n\u00fameros 15 e 82<br \/>\n&#8211; RUA TURMALINA n\u00famero 39<br \/>\n&#8211; RUA VITALINA FERNANDES, Entre n\u00fameros 22 e 358<br \/>\n&#8211; RUA TIRADENTES, Entre n\u00fameros 35 e 70<br \/>\n&#8211; RUA MAURO A PIMENTA n\u00famero 401<br \/>\n&#8211; RUA GOVERNADOR VALADARES, Entre n\u00fameros 9 e 1022, CENTRO<br \/>\n&#8211; RUA ARTHUR GOMES PIRES n\u00famero 99<br \/>\n&#8211; RUA RAUL COELHO n\u00famero 696<br \/>\n&#8211; RUA GOVERNADOR VALADARES n\u00famero 560, CIDADE NOVA<br \/>\n&#8211; RUA BELO HORIZONTE n\u00famero 30, VILA NOVA DE RESPLENDOR<br \/>\n&#8211; RUA GERALDO RODRIGUES n\u00famero 73<br \/>\n&#8211; RUA TAMBORIL, Entre n\u00fameros 1 e 409, MARIA L\u00daCIA<\/p>\n<h4>Quarta-feira, 24\/09 de 10h \u00e0s 14h<\/h4>\n<p>&#8211; RUA JUVENATA, Entre n\u00fameros 89 e 118<br \/>\n&#8211; RUA SANTA TEREZA, Entre n\u00fameros 4 e 165, PIEDADE<br \/>\n&#8211; RUA S\u00c3O GERALDO, Entre n\u00fameros 35 e 410<br \/>\n&#8211; RUA S\u00c3O SEBASTI\u00c3O, Entre n\u00fameros 15 e 30, SUBESTA\u00c7\u00c3O<br \/>\n&#8211; RUA S\u00c3O JOS\u00c9, n\u00famero 80<br \/>\n&#8211; RUA S\u00c3O JO\u00c3O, Entre n\u00fameros 5 e 15, CENTRO<\/p>\n<p>Durante esse per\u00edodo, caso precise executar algum servi\u00e7o na instala\u00e7\u00e3o el\u00e9trica interna, o consumidor dever\u00e1 desligar antes a chave geral (disjuntor) para sua seguran\u00e7a.<\/p>\n<p>Esclarecemos que, em fun\u00e7\u00e3o da complexidade dos servi\u00e7os a serem executados, poder\u00e1 ocorrer atraso no hor\u00e1rio previsto ou cancelamento deste desligamento sem aviso pr\u00e9vio. Por medida de seguran\u00e7a, todos os equipamentos devem ser considerados energizados durante o per\u00edodo mencionado. Caso os servi\u00e7os de melhoria sejam conclu\u00eddos antes do hor\u00e1rio indicado, o fornecimento de energia el\u00e9trica ser\u00e1 restabelecido.<\/p>\n","protected":false},"excerpt":{"rendered":"<p>A Companhia Energ\u00e9tica de Minas Gerais \u2013 Cemig informa que nos pr\u00f3ximos dias 21 e 24\/09, realizar\u00e1 obra de manuten\u00e7\u00e3o na Rede de Distribui\u00e7\u00e3o Urbana na \u00e1rea central do munic\u00edpio de Capelinha. Para executar esse servi\u00e7o com seguran\u00e7a, ser\u00e1 necess\u00e1rio interromper o fornecimento de energia nos seguintes endere\u00e7os: Domingo, 21\/09 de 10h \u00e0s 16h &#8211; [&hellip;]<\/p>\n","protected":false},"author":1,"featured_media":24001,"comment_status":"open","ping_status":"closed","sticky":false,"template":"","format":"standard","meta":{"amp_status":"","footnotes":""},"categories":[272535,120],"tags":[132,13307],"class_list":["post-40269","post","type-post","status-publish","format-standard","has-post-thumbnail","hentry","category-capelinha","category-jequi","tag-capelinha","tag-cemig-comunica-desligamento-para-obras-na-rede-eletrica-de-capelinha"],"yoast_head":"<!-- This site is optimized with the Yoast SEO plugin v28.3 - https:\/\/yoast.com\/product\/yoast-seo-wordpress\/ -->\n<title>Cemig comunica desligamento para obras na rede el\u00e9trica de Capelinha - Aconteceu no Vale<\/title>\n<meta name=\"robots\" content=\"index, follow, max-snippet:-1, max-image-preview:large, max-video-preview:-1\" \/>\n<link rel=\"canonical\" href=\"https:\/\/aconteceunovale.com.br\/portal\/?p=40269\" \/>\n<meta property=\"og:locale\" content=\"pt_BR\" \/>\n<meta property=\"og:type\" content=\"article\" \/>\n<meta property=\"og:title\" content=\"Cemig comunica desligamento para obras na rede el\u00e9trica de Capelinha - Aconteceu no Vale\" \/>\n<meta property=\"og:description\" content=\"A Companhia Energ\u00e9tica de Minas Gerais \u2013 Cemig informa que nos pr\u00f3ximos dias 21 e 24\/09, realizar\u00e1 obra de manuten\u00e7\u00e3o na Rede de Distribui\u00e7\u00e3o Urbana na \u00e1rea central do munic\u00edpio de Capelinha. Para executar esse servi\u00e7o com seguran\u00e7a, ser\u00e1 necess\u00e1rio interromper o fornecimento de energia nos seguintes endere\u00e7os: Domingo, 21\/09 de 10h \u00e0s 16h &#8211; [&hellip;]\" \/>\n<meta property=\"og:url\" content=\"https:\/\/aconteceunovale.com.br\/portal\/?p=40269\" \/>\n<meta property=\"og:site_name\" content=\"Aconteceu no Vale\" \/>\n<meta property=\"article:publisher\" content=\"https:\/\/www.facebook.com\/aconteceunovale\/\" \/>\n<meta property=\"article:published_time\" content=\"2014-09-19T19:53:00+00:00\" \/>\n<meta property=\"article:modified_time\" content=\"2026-09-02T14:50:44+00:00\" \/>\n<meta property=\"og:image\" content=\"https:\/\/aconteceunovale.com.br\/portal\/wp-content\/uploads\/2014\/03\/aviso_cemig_ita.png\" \/>\n\t<meta property=\"og:image:width\" content=\"560\" \/>\n\t<meta property=\"og:image:height\" content=\"340\" \/>\n\t<meta property=\"og:image:type\" content=\"image\/png\" \/>\n<meta name=\"author\" content=\"Aconteceu no Vale\" \/>\n<meta name=\"twitter:card\" content=\"summary_large_image\" \/>\n<meta name=\"twitter:creator\" content=\"@noticiadosvales\" \/>\n<meta name=\"twitter:site\" content=\"@noticiadosvales\" \/>\n<meta name=\"twitter:label1\" content=\"Escrito por\" \/>\n\t<meta name=\"twitter:data1\" content=\"Aconteceu no Vale\" \/>\n\t<meta name=\"twitter:label2\" content=\"Est. tempo de leitura\" \/>\n\t<meta name=\"twitter:data2\" content=\"2 minutos\" \/>\n<script type=\"application\/ld+json\" class=\"yoast-schema-graph\">{\"@context\":\"https:\\\/\\\/schema.org\",\"@graph\":[{\"@type\":\"Article\",\"@id\":\"https:\\\/\\\/aconteceunovale.com.br\\\/portal\\\/?p=40269#article\",\"isPartOf\":{\"@id\":\"https:\\\/\\\/aconteceunovale.com.br\\\/portal\\\/?p=40269\"},\"author\":{\"name\":\"Aconteceu no Vale\",\"@id\":\"https:\\\/\\\/aconteceunovale.com.br\\\/portal\\\/#\\\/schema\\\/person\\\/633529146f2c94272bef50ac2953d589\"},\"headline\":\"Cemig comunica desligamento para obras na rede el\u00e9trica de Capelinha\",\"datePublished\":\"2014-09-19T19:53:00+00:00\",\"dateModified\":\"2026-09-02T14:50:44+00:00\",\"mainEntityOfPage\":{\"@id\":\"https:\\\/\\\/aconteceunovale.com.br\\\/portal\\\/?p=40269\"},\"wordCount\":487,\"commentCount\":0,\"image\":{\"@id\":\"https:\\\/\\\/aconteceunovale.com.br\\\/portal\\\/?p=40269#primaryimage\"},\"thumbnailUrl\":\"https:\\\/\\\/aconteceunovale.com.br\\\/portal\\\/wp-content\\\/uploads\\\/2014\\\/03\\\/aviso_cemig_ita.png\",\"keywords\":[\"Capelinha\",\"Cemig comunica desligamento para obras na rede el\u00e9trica de Capelinha\"],\"articleSection\":[\"Capelinha\",\"Vale do Jequitinhonha\"],\"inLanguage\":\"pt-BR\",\"potentialAction\":[{\"@type\":\"CommentAction\",\"name\":\"Comment\",\"target\":[\"https:\\\/\\\/aconteceunovale.com.br\\\/portal\\\/?p=40269#respond\"]}]},{\"@type\":\"WebPage\",\"@id\":\"https:\\\/\\\/aconteceunovale.com.br\\\/portal\\\/?p=40269\",\"url\":\"https:\\\/\\\/aconteceunovale.com.br\\\/portal\\\/?p=40269\",\"name\":\"Cemig comunica desligamento para obras na rede el\u00e9trica de Capelinha - Aconteceu no Vale\",\"isPartOf\":{\"@id\":\"https:\\\/\\\/aconteceunovale.com.br\\\/portal\\\/#website\"},\"primaryImageOfPage\":{\"@id\":\"https:\\\/\\\/aconteceunovale.com.br\\\/portal\\\/?p=40269#primaryimage\"},\"image\":{\"@id\":\"https:\\\/\\\/aconteceunovale.com.br\\\/portal\\\/?p=40269#primaryimage\"},\"thumbnailUrl\":\"https:\\\/\\\/aconteceunovale.com.br\\\/portal\\\/wp-content\\\/uploads\\\/2014\\\/03\\\/aviso_cemig_ita.png\",\"datePublished\":\"2014-09-19T19:53:00+00:00\",\"dateModified\":\"2026-09-02T14:50:44+00:00\",\"author\":{\"@id\":\"https:\\\/\\\/aconteceunovale.com.br\\\/portal\\\/#\\\/schema\\\/person\\\/633529146f2c94272bef50ac2953d589\"},\"breadcrumb\":{\"@id\":\"https:\\\/\\\/aconteceunovale.com.br\\\/portal\\\/?p=40269#breadcrumb\"},\"inLanguage\":\"pt-BR\",\"potentialAction\":[{\"@type\":\"ReadAction\",\"target\":[\"https:\\\/\\\/aconteceunovale.com.br\\\/portal\\\/?p=40269\"]}]},{\"@type\":\"ImageObject\",\"inLanguage\":\"pt-BR\",\"@id\":\"https:\\\/\\\/aconteceunovale.com.br\\\/portal\\\/?p=40269#primaryimage\",\"url\":\"https:\\\/\\\/aconteceunovale.com.br\\\/portal\\\/wp-content\\\/uploads\\\/2014\\\/03\\\/aviso_cemig_ita.png\",\"contentUrl\":\"https:\\\/\\\/aconteceunovale.com.br\\\/portal\\\/wp-content\\\/uploads\\\/2014\\\/03\\\/aviso_cemig_ita.png\",\"width\":560,\"height\":340},{\"@type\":\"BreadcrumbList\",\"@id\":\"https:\\\/\\\/aconteceunovale.com.br\\\/portal\\\/?p=40269#breadcrumb\",\"itemListElement\":[{\"@type\":\"ListItem\",\"position\":1,\"name\":\"In\u00edcio\",\"item\":\"https:\\\/\\\/aconteceunovale.com.br\\\/portal\\\/\"},{\"@type\":\"ListItem\",\"position\":2,\"name\":\"Cemig comunica desligamento para obras na rede el\u00e9trica de Capelinha\"}]},{\"@type\":\"WebSite\",\"@id\":\"https:\\\/\\\/aconteceunovale.com.br\\\/portal\\\/#website\",\"url\":\"https:\\\/\\\/aconteceunovale.com.br\\\/portal\\\/\",\"name\":\"Aconteceu no Vale\",\"description\":\"Portal de Not\u00edcias\",\"potentialAction\":[{\"@type\":\"SearchAction\",\"target\":{\"@type\":\"EntryPoint\",\"urlTemplate\":\"https:\\\/\\\/aconteceunovale.com.br\\\/portal\\\/?s={search_term_string}\"},\"query-input\":{\"@type\":\"PropertyValueSpecification\",\"valueRequired\":true,\"valueName\":\"search_term_string\"}}],\"inLanguage\":\"pt-BR\"},{\"@type\":\"Person\",\"@id\":\"https:\\\/\\\/aconteceunovale.com.br\\\/portal\\\/#\\\/schema\\\/person\\\/633529146f2c94272bef50ac2953d589\",\"name\":\"Aconteceu no Vale\",\"description\":\"Equipe de reportagem do Aconteceu no Vale, portal de not\u00edcias do Vale do Jequitinhonha, em Minas Gerais. Cobrimos as 51 cidades do Vale desde 2013. Sugest\u00f5es de pauta e pedidos de corre\u00e7\u00e3o: contato@aconteceunovale.com.br\",\"sameAs\":[\"http:\\\/\\\/www.aconteceunovale.com.br\"],\"url\":\"https:\\\/\\\/aconteceunovale.com.br\\\/portal\\\/?author=1\"}]}<\/script>\n<!-- \/ Yoast SEO plugin. -->","yoast_head_json":{"title":"Cemig comunica desligamento para obras na rede el\u00e9trica de Capelinha - Aconteceu no Vale","robots":{"index":"index","follow":"follow","max-snippet":"max-snippet:-1","max-image-preview":"max-image-preview:large","max-video-preview":"max-video-preview:-1"},"canonical":"https:\/\/aconteceunovale.com.br\/portal\/?p=40269","og_locale":"pt_BR","og_type":"article","og_title":"Cemig comunica desligamento para obras na rede el\u00e9trica de Capelinha - Aconteceu no Vale","og_description":"A Companhia Energ\u00e9tica de Minas Gerais \u2013 Cemig informa que nos pr\u00f3ximos dias 21 e 24\/09, realizar\u00e1 obra de manuten\u00e7\u00e3o na Rede de Distribui\u00e7\u00e3o Urbana na \u00e1rea central do munic\u00edpio de Capelinha. Para executar esse servi\u00e7o com seguran\u00e7a, ser\u00e1 necess\u00e1rio interromper o fornecimento de energia nos seguintes endere\u00e7os: Domingo, 21\/09 de 10h \u00e0s 16h &#8211; [&hellip;]","og_url":"https:\/\/aconteceunovale.com.br\/portal\/?p=40269","og_site_name":"Aconteceu no Vale","article_publisher":"https:\/\/www.facebook.com\/aconteceunovale\/","article_published_time":"2014-09-19T19:53:00+00:00","article_modified_time":"2026-09-02T14:50:44+00:00","og_image":[{"width":560,"height":340,"url":"https:\/\/aconteceunovale.com.br\/portal\/wp-content\/uploads\/2014\/03\/aviso_cemig_ita.png","type":"image\/png"}],"author":"Aconteceu no Vale","twitter_card":"summary_large_image","twitter_creator":"@noticiadosvales","twitter_site":"@noticiadosvales","twitter_misc":{"Escrito por":"Aconteceu no Vale","Est. tempo de leitura":"2 minutos"},"schema":{"@context":"https:\/\/schema.org","@graph":[{"@type":"Article","@id":"https:\/\/aconteceunovale.com.br\/portal\/?p=40269#article","isPartOf":{"@id":"https:\/\/aconteceunovale.com.br\/portal\/?p=40269"},"author":{"name":"Aconteceu no Vale","@id":"https:\/\/aconteceunovale.com.br\/portal\/#\/schema\/person\/633529146f2c94272bef50ac2953d589"},"headline":"Cemig comunica desligamento para obras na rede el\u00e9trica de Capelinha","datePublished":"2014-09-19T19:53:00+00:00","dateModified":"2026-09-02T14:50:44+00:00","mainEntityOfPage":{"@id":"https:\/\/aconteceunovale.com.br\/portal\/?p=40269"},"wordCount":487,"commentCount":0,"image":{"@id":"https:\/\/aconteceunovale.com.br\/portal\/?p=40269#primaryimage"},"thumbnailUrl":"https:\/\/aconteceunovale.com.br\/portal\/wp-content\/uploads\/2014\/03\/aviso_cemig_ita.png","keywords":["Capelinha","Cemig comunica desligamento para obras na rede el\u00e9trica de Capelinha"],"articleSection":["Capelinha","Vale do Jequitinhonha"],"inLanguage":"pt-BR","potentialAction":[{"@type":"CommentAction","name":"Comment","target":["https:\/\/aconteceunovale.com.br\/portal\/?p=40269#respond"]}]},{"@type":"WebPage","@id":"https:\/\/aconteceunovale.com.br\/portal\/?p=40269","url":"https:\/\/aconteceunovale.com.br\/portal\/?p=40269","name":"Cemig comunica desligamento para obras na rede el\u00e9trica de Capelinha - Aconteceu no Vale","isPartOf":{"@id":"https:\/\/aconteceunovale.com.br\/portal\/#website"},"primaryImageOfPage":{"@id":"https:\/\/aconteceunovale.com.br\/portal\/?p=40269#primaryimage"},"image":{"@id":"https:\/\/aconteceunovale.com.br\/portal\/?p=40269#primaryimage"},"thumbnailUrl":"https:\/\/aconteceunovale.com.br\/portal\/wp-content\/uploads\/2014\/03\/aviso_cemig_ita.png","datePublished":"2014-09-19T19:53:00+00:00","dateModified":"2026-09-02T14:50:44+00:00","author":{"@id":"https:\/\/aconteceunovale.com.br\/portal\/#\/schema\/person\/633529146f2c94272bef50ac2953d589"},"breadcrumb":{"@id":"https:\/\/aconteceunovale.com.br\/portal\/?p=40269#breadcrumb"},"inLanguage":"pt-BR","potentialAction":[{"@type":"ReadAction","target":["https:\/\/aconteceunovale.com.br\/portal\/?p=40269"]}]},{"@type":"ImageObject","inLanguage":"pt-BR","@id":"https:\/\/aconteceunovale.com.br\/portal\/?p=40269#primaryimage","url":"https:\/\/aconteceunovale.com.br\/portal\/wp-content\/uploads\/2014\/03\/aviso_cemig_ita.png","contentUrl":"https:\/\/aconteceunovale.com.br\/portal\/wp-content\/uploads\/2014\/03\/aviso_cemig_ita.png","width":560,"height":340},{"@type":"BreadcrumbList","@id":"https:\/\/aconteceunovale.com.br\/portal\/?p=40269#breadcrumb","itemListElement":[{"@type":"ListItem","position":1,"name":"In\u00edcio","item":"https:\/\/aconteceunovale.com.br\/portal\/"},{"@type":"ListItem","position":2,"name":"Cemig comunica desligamento para obras na rede el\u00e9trica de Capelinha"}]},{"@type":"WebSite","@id":"https:\/\/aconteceunovale.com.br\/portal\/#website","url":"https:\/\/aconteceunovale.com.br\/portal\/","name":"Aconteceu no Vale","description":"Portal de Not\u00edcias","potentialAction":[{"@type":"SearchAction","target":{"@type":"EntryPoint","urlTemplate":"https:\/\/aconteceunovale.com.br\/portal\/?s={search_term_string}"},"query-input":{"@type":"PropertyValueSpecification","valueRequired":true,"valueName":"search_term_string"}}],"inLanguage":"pt-BR"},{"@type":"Person","@id":"https:\/\/aconteceunovale.com.br\/portal\/#\/schema\/person\/633529146f2c94272bef50ac2953d589","name":"Aconteceu no Vale","description":"Equipe de reportagem do Aconteceu no Vale, portal de not\u00edcias do Vale do Jequitinhonha, em Minas Gerais. Cobrimos as 51 cidades do Vale desde 2013. Sugest\u00f5es de pauta e pedidos de corre\u00e7\u00e3o: contato@aconteceunovale.com.br","sameAs":["http:\/\/www.aconteceunovale.com.br"],"url":"https:\/\/aconteceunovale.com.br\/portal\/?author=1"}]}},"_links":{"self":[{"href":"https:\/\/aconteceunovale.com.br\/portal\/index.php?rest_route=\/wp\/v2\/posts\/40269","targetHints":{"allow":["GET"]}}],"collection":[{"href":"https:\/\/aconteceunovale.com.br\/portal\/index.php?rest_route=\/wp\/v2\/posts"}],"about":[{"href":"https:\/\/aconteceunovale.com.br\/portal\/index.php?rest_route=\/wp\/v2\/types\/post"}],"author":[{"embeddable":true,"href":"https:\/\/aconteceunovale.com.br\/portal\/index.php?rest_route=\/wp\/v2\/users\/1"}],"replies":[{"embeddable":true,"href":"https:\/\/aconteceunovale.com.br\/portal\/index.php?rest_route=%2Fwp%2Fv2%2Fcomments&post=40269"}],"version-history":[{"count":1,"href":"https:\/\/aconteceunovale.com.br\/portal\/index.php?rest_route=\/wp\/v2\/posts\/40269\/revisions"}],"predecessor-version":[{"id":198686,"href":"https:\/\/aconteceunovale.com.br\/portal\/index.php?rest_route=\/wp\/v2\/posts\/40269\/revisions\/198686"}],"wp:featuredmedia":[{"embeddable":true,"href":"https:\/\/aconteceunovale.com.br\/portal\/index.php?rest_route=\/wp\/v2\/media\/24001"}],"wp:attachment":[{"href":"https:\/\/aconteceunovale.com.br\/portal\/index.php?rest_route=%2Fwp%2Fv2%2Fmedia&parent=40269"}],"wp:term":[{"taxonomy":"category","embeddable":true,"href":"https:\/\/aconteceunovale.com.br\/portal\/index.php?rest_route=%2Fwp%2Fv2%2Fcategories&post=40269"},{"taxonomy":"post_tag","embeddable":true,"href":"https:\/\/aconteceunovale.com.br\/portal\/index.php?rest_route=%2Fwp%2Fv2%2Ftags&post=40269"}],"curies":[{"name":"wp","href":"https:\/\/api.w.org\/{rel}","templated":true}]}}