{"id":40256,"date":"2014-09-19T11:12:34","date_gmt":"2014-09-19T14:12:34","guid":{"rendered":"http:\/\/aconteceunovale.com.br\/portal\/?p=40256"},"modified":"2014-09-19T11:13:20","modified_gmt":"2014-09-19T14:13:20","slug":"almenarense-morre-apos-quase-um-mes-internado-em-consequencia-de-acidente-de-moto","status":"publish","type":"post","link":"https:\/\/aconteceunovale.com.br\/portal\/?p=40256","title":{"rendered":"Almenarense gravemente ferido em acidente de moto morre ap\u00f3s quase um m\u00eas internado"},"content":{"rendered":"<h4><strong><em>Acidente vitimou tamb\u00e9m a namorada do rapaz, Jana\u00edna Porto. Maur\u00edcio Pereira ficou hospitalizado por 23 dias.<\/em><\/strong><\/h4>\n<p>Morreu na noite dessa quinta-feira, 18 de setembro, o almenarense Maur\u00edcio Pereira, de 33 anos. O rapaz estava hospitalizado <a href=\"http:\/\/aconteceunovale.com.br\/portal\/?p=38008\" target=\"_blank\">desde o dia 23 de agosto, quando se envolveu em um acidente na BR-251, pr\u00f3ximo a Pedra Azul<\/a>. <\/p>\n<p><img decoding=\"async\" src=\"http:\/\/aconteceunovale.com.br\/portal\/wp-content\/uploads\/2014\/09\/janaina_namorado.jpg\" alt=\"\" \/><em>(Jana\u00edna Porto morreu no local do acidente. Maur\u00edcio faleceu na noite de ontem (18) ap\u00f3s sofrer uma parada card\u00edaca &#8211; Foto: Reprodu\u00e7\u00e3o\/Arquivo Facebook)<\/em><br \/>\n<\/br><\/p>\n<p>Maur\u00edcio pilotava uma motocicleta e colidiu frontalmente com um caminh\u00e3o. Com o impacto da batida, a adolescente Jana\u00edna Porto, namorada do rapaz morreu na hora.<\/p>\n<p>O condutor foi socorrido e encaminhado para o hospital de Pedra Azul e posteriormente transferido para o Hospital Jo\u00e3o XXIII, em Belo Horizonte, onde realizou v\u00e1rios exames e passou por uma cirurgia na coluna vertebral. Por volta das 22h30 de ontem, Maur\u00edcio sofreu uma parada card\u00edaca e veio a \u00f3bito.<\/p>\n<p>O corpo da v\u00edtima deve chegar \u00e0 Almenara na madrugada de s\u00e1bado (20), onde ser\u00e1 velado pelos familiares e sepultado no cemit\u00e9rio da cidade.<\/p>\n<p><img decoding=\"async\" src=\"http:\/\/aconteceunovale.com.br\/portal\/wp-content\/uploads\/2014\/08\/acidente_almenarense_1.jpg\" alt=\"\" \/><img decoding=\"async\" src=\"http:\/\/aconteceunovale.com.br\/portal\/wp-content\/uploads\/2014\/08\/acidente_almenarense_2.jpg\" alt=\"\" \/><\/p>\n","protected":false},"excerpt":{"rendered":"<p>Acidente vitimou tamb\u00e9m a namorada do rapaz, Jana\u00edna Porto. Maur\u00edcio Pereira ficou hospitalizado por 23 dias. Morreu na noite dessa quinta-feira, 18 de setembro, o almenarense Maur\u00edcio Pereira, de 33 anos. O rapaz estava hospitalizado desde o dia 23 de agosto, quando se envolveu em um acidente na BR-251, pr\u00f3ximo a Pedra Azul. (Jana\u00edna Porto [&hellip;]<\/p>\n","protected":false},"author":1,"featured_media":40257,"comment_status":"open","ping_status":"closed","sticky":false,"template":"","format":"standard","meta":{"amp_status":"","footnotes":""},"categories":[120],"tags":[142,16370,16369,194,1018,14351,14352,455],"class_list":["post-40256","post","type-post","status-publish","format-standard","has-post-thumbnail","hentry","category-jequi","tag-almenara","tag-almenarense-gravemente-ferido-em-acidente-de-moto-morre-apos-quase-um-mes-internado","tag-almenarense-morre-apos-quase-um-mes-internado-em-consequencia-de-acidente-de-moto","tag-belo-horizonte","tag-destaque","tag-janaina-porto","tag-mauricio-pereira","tag-pedra-azul"],"yoast_head":"<!-- This site is optimized with the Yoast SEO plugin v28.3 - https:\/\/yoast.com\/product\/yoast-seo-wordpress\/ -->\n<title>Almenarense gravemente ferido em acidente de moto morre ap\u00f3s quase um m\u00eas internado - Aconteceu no Vale<\/title>\n<meta name=\"robots\" content=\"index, follow, max-snippet:-1, max-image-preview:large, max-video-preview:-1\" \/>\n<link rel=\"canonical\" href=\"https:\/\/aconteceunovale.com.br\/portal\/?p=40256\" \/>\n<meta property=\"og:locale\" content=\"pt_BR\" \/>\n<meta property=\"og:type\" content=\"article\" \/>\n<meta property=\"og:title\" content=\"Almenarense gravemente ferido em acidente de moto morre ap\u00f3s quase um m\u00eas internado - Aconteceu no Vale\" \/>\n<meta property=\"og:description\" content=\"Acidente vitimou tamb\u00e9m a namorada do rapaz, Jana\u00edna Porto. Maur\u00edcio Pereira ficou hospitalizado por 23 dias. Morreu na noite dessa quinta-feira, 18 de setembro, o almenarense Maur\u00edcio Pereira, de 33 anos. O rapaz estava hospitalizado desde o dia 23 de agosto, quando se envolveu em um acidente na BR-251, pr\u00f3ximo a Pedra Azul. (Jana\u00edna Porto [&hellip;]\" \/>\n<meta property=\"og:url\" content=\"https:\/\/aconteceunovale.com.br\/portal\/?p=40256\" \/>\n<meta property=\"og:site_name\" content=\"Aconteceu no Vale\" \/>\n<meta property=\"article:publisher\" content=\"https:\/\/www.facebook.com\/aconteceunovale\/\" \/>\n<meta property=\"article:published_time\" content=\"2014-09-19T14:12:34+00:00\" \/>\n<meta property=\"article:modified_time\" content=\"2014-09-19T14:13:20+00:00\" \/>\n<meta property=\"og:image\" content=\"https:\/\/aconteceunovale.com.br\/portal\/wp-content\/uploads\/2014\/09\/janaina_namorado.jpg\" \/>\n\t<meta property=\"og:image:width\" content=\"641\" \/>\n\t<meta property=\"og:image:height\" content=\"450\" \/>\n\t<meta property=\"og:image:type\" content=\"image\/jpeg\" \/>\n<meta name=\"author\" content=\"Aconteceu no Vale\" \/>\n<meta name=\"twitter:card\" content=\"summary_large_image\" \/>\n<meta name=\"twitter:creator\" content=\"@noticiadosvales\" \/>\n<meta name=\"twitter:site\" content=\"@noticiadosvales\" \/>\n<meta name=\"twitter:label1\" content=\"Escrito por\" \/>\n\t<meta name=\"twitter:data1\" content=\"Aconteceu no Vale\" \/>\n\t<meta name=\"twitter:label2\" content=\"Est. tempo de leitura\" \/>\n\t<meta name=\"twitter:data2\" content=\"1 minuto\" \/>\n<script type=\"application\/ld+json\" class=\"yoast-schema-graph\">{\"@context\":\"https:\\\/\\\/schema.org\",\"@graph\":[{\"@type\":\"Article\",\"@id\":\"https:\\\/\\\/aconteceunovale.com.br\\\/portal\\\/?p=40256#article\",\"isPartOf\":{\"@id\":\"https:\\\/\\\/aconteceunovale.com.br\\\/portal\\\/?p=40256\"},\"author\":{\"name\":\"Aconteceu no Vale\",\"@id\":\"https:\\\/\\\/aconteceunovale.com.br\\\/portal\\\/#\\\/schema\\\/person\\\/633529146f2c94272bef50ac2953d589\"},\"headline\":\"Almenarense gravemente ferido em acidente de moto morre ap\u00f3s quase um m\u00eas internado\",\"datePublished\":\"2014-09-19T14:12:34+00:00\",\"dateModified\":\"2014-09-19T14:13:20+00:00\",\"mainEntityOfPage\":{\"@id\":\"https:\\\/\\\/aconteceunovale.com.br\\\/portal\\\/?p=40256\"},\"wordCount\":204,\"commentCount\":0,\"image\":{\"@id\":\"https:\\\/\\\/aconteceunovale.com.br\\\/portal\\\/?p=40256#primaryimage\"},\"thumbnailUrl\":\"https:\\\/\\\/aconteceunovale.com.br\\\/portal\\\/wp-content\\\/uploads\\\/2014\\\/09\\\/janaina_namorado.jpg\",\"keywords\":[\"Almenara\",\"Almenarense gravemente ferido em acidente de moto morre ap\u00f3s quase um m\u00eas internado\",\"Almenarense morre ap\u00f3s quase um m\u00eas internado em consequ\u00eancia de acidente de moto\",\"Belo Horizonte\",\"destaque\",\"Janaina Porto\",\"Maur\u00edcio Pereira\",\"Pedra Azul\"],\"articleSection\":[\"Vale do Jequitinhonha\"],\"inLanguage\":\"pt-BR\",\"potentialAction\":[{\"@type\":\"CommentAction\",\"name\":\"Comment\",\"target\":[\"https:\\\/\\\/aconteceunovale.com.br\\\/portal\\\/?p=40256#respond\"]}]},{\"@type\":\"WebPage\",\"@id\":\"https:\\\/\\\/aconteceunovale.com.br\\\/portal\\\/?p=40256\",\"url\":\"https:\\\/\\\/aconteceunovale.com.br\\\/portal\\\/?p=40256\",\"name\":\"Almenarense gravemente ferido em acidente de moto morre ap\u00f3s quase um m\u00eas internado - Aconteceu no Vale\",\"isPartOf\":{\"@id\":\"https:\\\/\\\/aconteceunovale.com.br\\\/portal\\\/#website\"},\"primaryImageOfPage\":{\"@id\":\"https:\\\/\\\/aconteceunovale.com.br\\\/portal\\\/?p=40256#primaryimage\"},\"image\":{\"@id\":\"https:\\\/\\\/aconteceunovale.com.br\\\/portal\\\/?p=40256#primaryimage\"},\"thumbnailUrl\":\"https:\\\/\\\/aconteceunovale.com.br\\\/portal\\\/wp-content\\\/uploads\\\/2014\\\/09\\\/janaina_namorado.jpg\",\"datePublished\":\"2014-09-19T14:12:34+00:00\",\"dateModified\":\"2014-09-19T14:13:20+00:00\",\"author\":{\"@id\":\"https:\\\/\\\/aconteceunovale.com.br\\\/portal\\\/#\\\/schema\\\/person\\\/633529146f2c94272bef50ac2953d589\"},\"breadcrumb\":{\"@id\":\"https:\\\/\\\/aconteceunovale.com.br\\\/portal\\\/?p=40256#breadcrumb\"},\"inLanguage\":\"pt-BR\",\"potentialAction\":[{\"@type\":\"ReadAction\",\"target\":[\"https:\\\/\\\/aconteceunovale.com.br\\\/portal\\\/?p=40256\"]}]},{\"@type\":\"ImageObject\",\"inLanguage\":\"pt-BR\",\"@id\":\"https:\\\/\\\/aconteceunovale.com.br\\\/portal\\\/?p=40256#primaryimage\",\"url\":\"https:\\\/\\\/aconteceunovale.com.br\\\/portal\\\/wp-content\\\/uploads\\\/2014\\\/09\\\/janaina_namorado.jpg\",\"contentUrl\":\"https:\\\/\\\/aconteceunovale.com.br\\\/portal\\\/wp-content\\\/uploads\\\/2014\\\/09\\\/janaina_namorado.jpg\",\"width\":641,\"height\":450},{\"@type\":\"BreadcrumbList\",\"@id\":\"https:\\\/\\\/aconteceunovale.com.br\\\/portal\\\/?p=40256#breadcrumb\",\"itemListElement\":[{\"@type\":\"ListItem\",\"position\":1,\"name\":\"In\u00edcio\",\"item\":\"https:\\\/\\\/aconteceunovale.com.br\\\/portal\\\/\"},{\"@type\":\"ListItem\",\"position\":2,\"name\":\"Almenarense gravemente ferido em acidente de moto morre ap\u00f3s quase um m\u00eas internado\"}]},{\"@type\":\"WebSite\",\"@id\":\"https:\\\/\\\/aconteceunovale.com.br\\\/portal\\\/#website\",\"url\":\"https:\\\/\\\/aconteceunovale.com.br\\\/portal\\\/\",\"name\":\"Aconteceu no Vale\",\"description\":\"Portal de Not\u00edcias\",\"potentialAction\":[{\"@type\":\"SearchAction\",\"target\":{\"@type\":\"EntryPoint\",\"urlTemplate\":\"https:\\\/\\\/aconteceunovale.com.br\\\/portal\\\/?s={search_term_string}\"},\"query-input\":{\"@type\":\"PropertyValueSpecification\",\"valueRequired\":true,\"valueName\":\"search_term_string\"}}],\"inLanguage\":\"pt-BR\"},{\"@type\":\"Person\",\"@id\":\"https:\\\/\\\/aconteceunovale.com.br\\\/portal\\\/#\\\/schema\\\/person\\\/633529146f2c94272bef50ac2953d589\",\"name\":\"Aconteceu no Vale\",\"description\":\"Equipe de reportagem do Aconteceu no Vale, portal de not\u00edcias do Vale do Jequitinhonha, em Minas Gerais. Cobrimos as 51 cidades do Vale desde 2013. Sugest\u00f5es de pauta e pedidos de corre\u00e7\u00e3o: contato@aconteceunovale.com.br\",\"sameAs\":[\"http:\\\/\\\/www.aconteceunovale.com.br\"],\"url\":\"https:\\\/\\\/aconteceunovale.com.br\\\/portal\\\/?author=1\"}]}<\/script>\n<!-- \/ Yoast SEO plugin. -->","yoast_head_json":{"title":"Almenarense gravemente ferido em acidente de moto morre ap\u00f3s quase um m\u00eas internado - Aconteceu no Vale","robots":{"index":"index","follow":"follow","max-snippet":"max-snippet:-1","max-image-preview":"max-image-preview:large","max-video-preview":"max-video-preview:-1"},"canonical":"https:\/\/aconteceunovale.com.br\/portal\/?p=40256","og_locale":"pt_BR","og_type":"article","og_title":"Almenarense gravemente ferido em acidente de moto morre ap\u00f3s quase um m\u00eas internado - Aconteceu no Vale","og_description":"Acidente vitimou tamb\u00e9m a namorada do rapaz, Jana\u00edna Porto. Maur\u00edcio Pereira ficou hospitalizado por 23 dias. Morreu na noite dessa quinta-feira, 18 de setembro, o almenarense Maur\u00edcio Pereira, de 33 anos. O rapaz estava hospitalizado desde o dia 23 de agosto, quando se envolveu em um acidente na BR-251, pr\u00f3ximo a Pedra Azul. (Jana\u00edna Porto [&hellip;]","og_url":"https:\/\/aconteceunovale.com.br\/portal\/?p=40256","og_site_name":"Aconteceu no Vale","article_publisher":"https:\/\/www.facebook.com\/aconteceunovale\/","article_published_time":"2014-09-19T14:12:34+00:00","article_modified_time":"2014-09-19T14:13:20+00:00","og_image":[{"width":641,"height":450,"url":"https:\/\/aconteceunovale.com.br\/portal\/wp-content\/uploads\/2014\/09\/janaina_namorado.jpg","type":"image\/jpeg"}],"author":"Aconteceu no Vale","twitter_card":"summary_large_image","twitter_creator":"@noticiadosvales","twitter_site":"@noticiadosvales","twitter_misc":{"Escrito por":"Aconteceu no Vale","Est. tempo de leitura":"1 minuto"},"schema":{"@context":"https:\/\/schema.org","@graph":[{"@type":"Article","@id":"https:\/\/aconteceunovale.com.br\/portal\/?p=40256#article","isPartOf":{"@id":"https:\/\/aconteceunovale.com.br\/portal\/?p=40256"},"author":{"name":"Aconteceu no Vale","@id":"https:\/\/aconteceunovale.com.br\/portal\/#\/schema\/person\/633529146f2c94272bef50ac2953d589"},"headline":"Almenarense gravemente ferido em acidente de moto morre ap\u00f3s quase um m\u00eas internado","datePublished":"2014-09-19T14:12:34+00:00","dateModified":"2014-09-19T14:13:20+00:00","mainEntityOfPage":{"@id":"https:\/\/aconteceunovale.com.br\/portal\/?p=40256"},"wordCount":204,"commentCount":0,"image":{"@id":"https:\/\/aconteceunovale.com.br\/portal\/?p=40256#primaryimage"},"thumbnailUrl":"https:\/\/aconteceunovale.com.br\/portal\/wp-content\/uploads\/2014\/09\/janaina_namorado.jpg","keywords":["Almenara","Almenarense gravemente ferido em acidente de moto morre ap\u00f3s quase um m\u00eas internado","Almenarense morre ap\u00f3s quase um m\u00eas internado em consequ\u00eancia de acidente de moto","Belo Horizonte","destaque","Janaina Porto","Maur\u00edcio Pereira","Pedra Azul"],"articleSection":["Vale do Jequitinhonha"],"inLanguage":"pt-BR","potentialAction":[{"@type":"CommentAction","name":"Comment","target":["https:\/\/aconteceunovale.com.br\/portal\/?p=40256#respond"]}]},{"@type":"WebPage","@id":"https:\/\/aconteceunovale.com.br\/portal\/?p=40256","url":"https:\/\/aconteceunovale.com.br\/portal\/?p=40256","name":"Almenarense gravemente ferido em acidente de moto morre ap\u00f3s quase um m\u00eas internado - Aconteceu no Vale","isPartOf":{"@id":"https:\/\/aconteceunovale.com.br\/portal\/#website"},"primaryImageOfPage":{"@id":"https:\/\/aconteceunovale.com.br\/portal\/?p=40256#primaryimage"},"image":{"@id":"https:\/\/aconteceunovale.com.br\/portal\/?p=40256#primaryimage"},"thumbnailUrl":"https:\/\/aconteceunovale.com.br\/portal\/wp-content\/uploads\/2014\/09\/janaina_namorado.jpg","datePublished":"2014-09-19T14:12:34+00:00","dateModified":"2014-09-19T14:13:20+00:00","author":{"@id":"https:\/\/aconteceunovale.com.br\/portal\/#\/schema\/person\/633529146f2c94272bef50ac2953d589"},"breadcrumb":{"@id":"https:\/\/aconteceunovale.com.br\/portal\/?p=40256#breadcrumb"},"inLanguage":"pt-BR","potentialAction":[{"@type":"ReadAction","target":["https:\/\/aconteceunovale.com.br\/portal\/?p=40256"]}]},{"@type":"ImageObject","inLanguage":"pt-BR","@id":"https:\/\/aconteceunovale.com.br\/portal\/?p=40256#primaryimage","url":"https:\/\/aconteceunovale.com.br\/portal\/wp-content\/uploads\/2014\/09\/janaina_namorado.jpg","contentUrl":"https:\/\/aconteceunovale.com.br\/portal\/wp-content\/uploads\/2014\/09\/janaina_namorado.jpg","width":641,"height":450},{"@type":"BreadcrumbList","@id":"https:\/\/aconteceunovale.com.br\/portal\/?p=40256#breadcrumb","itemListElement":[{"@type":"ListItem","position":1,"name":"In\u00edcio","item":"https:\/\/aconteceunovale.com.br\/portal\/"},{"@type":"ListItem","position":2,"name":"Almenarense gravemente ferido em acidente de moto morre ap\u00f3s quase um m\u00eas internado"}]},{"@type":"WebSite","@id":"https:\/\/aconteceunovale.com.br\/portal\/#website","url":"https:\/\/aconteceunovale.com.br\/portal\/","name":"Aconteceu no Vale","description":"Portal de Not\u00edcias","potentialAction":[{"@type":"SearchAction","target":{"@type":"EntryPoint","urlTemplate":"https:\/\/aconteceunovale.com.br\/portal\/?s={search_term_string}"},"query-input":{"@type":"PropertyValueSpecification","valueRequired":true,"valueName":"search_term_string"}}],"inLanguage":"pt-BR"},{"@type":"Person","@id":"https:\/\/aconteceunovale.com.br\/portal\/#\/schema\/person\/633529146f2c94272bef50ac2953d589","name":"Aconteceu no Vale","description":"Equipe de reportagem do Aconteceu no Vale, portal de not\u00edcias do Vale do Jequitinhonha, em Minas Gerais. Cobrimos as 51 cidades do Vale desde 2013. Sugest\u00f5es de pauta e pedidos de corre\u00e7\u00e3o: contato@aconteceunovale.com.br","sameAs":["http:\/\/www.aconteceunovale.com.br"],"url":"https:\/\/aconteceunovale.com.br\/portal\/?author=1"}]}},"_links":{"self":[{"href":"https:\/\/aconteceunovale.com.br\/portal\/index.php?rest_route=\/wp\/v2\/posts\/40256","targetHints":{"allow":["GET"]}}],"collection":[{"href":"https:\/\/aconteceunovale.com.br\/portal\/index.php?rest_route=\/wp\/v2\/posts"}],"about":[{"href":"https:\/\/aconteceunovale.com.br\/portal\/index.php?rest_route=\/wp\/v2\/types\/post"}],"author":[{"embeddable":true,"href":"https:\/\/aconteceunovale.com.br\/portal\/index.php?rest_route=\/wp\/v2\/users\/1"}],"replies":[{"embeddable":true,"href":"https:\/\/aconteceunovale.com.br\/portal\/index.php?rest_route=%2Fwp%2Fv2%2Fcomments&post=40256"}],"version-history":[{"count":0,"href":"https:\/\/aconteceunovale.com.br\/portal\/index.php?rest_route=\/wp\/v2\/posts\/40256\/revisions"}],"wp:featuredmedia":[{"embeddable":true,"href":"https:\/\/aconteceunovale.com.br\/portal\/index.php?rest_route=\/wp\/v2\/media\/40257"}],"wp:attachment":[{"href":"https:\/\/aconteceunovale.com.br\/portal\/index.php?rest_route=%2Fwp%2Fv2%2Fmedia&parent=40256"}],"wp:term":[{"taxonomy":"category","embeddable":true,"href":"https:\/\/aconteceunovale.com.br\/portal\/index.php?rest_route=%2Fwp%2Fv2%2Fcategories&post=40256"},{"taxonomy":"post_tag","embeddable":true,"href":"https:\/\/aconteceunovale.com.br\/portal\/index.php?rest_route=%2Fwp%2Fv2%2Ftags&post=40256"}],"curies":[{"name":"wp","href":"https:\/\/api.w.org\/{rel}","templated":true}]}}