{"id":40233,"date":"2014-09-19T10:05:29","date_gmt":"2014-09-19T13:05:29","guid":{"rendered":"http:\/\/aconteceunovale.com.br\/portal\/?p=40233"},"modified":"2014-09-19T17:23:19","modified_gmt":"2014-09-19T20:23:19","slug":"pai-e-suspeito-de-sequestrar-torturar-e-ameacar-o-filho-de-9-anos-em-conselheiro-pena","status":"publish","type":"post","link":"https:\/\/aconteceunovale.com.br\/portal\/?p=40233","title":{"rendered":"Pai \u00e9 suspeito de sequestrar, torturar e amea\u00e7ar o filho de 9 anos em Conselheiro Pena"},"content":{"rendered":"<h4><strong><em>Menino n\u00e3o chegou em casa da escola e a m\u00e3e ligou para a pol\u00edcia. Suspeito teria amorda\u00e7ado a crian\u00e7a, dado choques e feito amea\u00e7as.<\/em><\/strong><\/h4>\n<p>\u201cEle quase matou o meu filho. Esse homem \u00e9 um psicopata\u201d. O desabafo emocionado \u00e9 de uma mulher que teve o filho de apenas 9 anos sequestrado e torturado, na \u00faltima quarta-feira (17), em Conselheiro Pena, no Vale do Rio Doce. O suspeito do crime \u00e9 o pr\u00f3prio pai da v\u00edtima, que chegou a aplicar choques el\u00e9tricos no garoto.<\/p>\n<p>O pesadelo da dona de casa, que pediu para n\u00e3o ter o nome divulgado, come\u00e7ou depois que o menino saiu da escola e n\u00e3o chegou em casa. Preocupada, a mulher procurou a Pol\u00edcia Militar para registrar queixa de desaparecimento.<\/p>\n<p>\u201cA m\u00e3e chegou ao quartel e contou que a crian\u00e7a tinha o costume de sair da aula por volta de 11h30, mas, at\u00e9 as 15h, n\u00e3o tinha chegado em casa. Al\u00e9m do desaparecimento, a mulher nos contou que achava que o respons\u00e1vel pelo sumi\u00e7o era o pai do garoto que, h\u00e1 cerca de 20 dias, come\u00e7ou a perseguir o menino\u201d, explicou o cabo Darlan Medeiros.<\/p>\n<p>Uma viatura foi deslocada para realizar rastreamento na regi\u00e3o. Militares foram at\u00e9 lagoas da cidade, onde crian\u00e7as costumam brincar, mas a v\u00edtima n\u00e3o foi encontrada. Diante da den\u00fancia da m\u00e3e, os policiais foram at\u00e9 o im\u00f3vel do pai do menor. L\u00e1, nenhuma pista da crian\u00e7a foi encontrada. O suspeito de 34 anos negou que tivesse algum envolvimento no desaparecimento do filho e se disp\u00f4s a ajudar.<\/p>\n<p>\u201cComo n\u00e3o encontramos o garoto na casa do homem, continuamos procurando pelo munic\u00edpio. Durante o patrulhamento, o celular da m\u00e3e da crian\u00e7a, que nos acompanhava na viatura, tocou. Do outro lado da linha era a irm\u00e3 dela, que havia encontrado o sobrinho em uma pracinha daqui\u201d, contou o militar.<\/p>\n<p>A equipe deslocou at\u00e9 a pra\u00e7a e encontrou o menino chorando muito. Ele contou que, no fim da aula, seu pai apareceu e o obrigou a subir em uma motocicleta. J\u00e1 em uma casa, que a crian\u00e7a n\u00e3o soube indicar o endere\u00e7o, o menino foi amorda\u00e7ado, teve as m\u00e3os e os p\u00e9s amarrados e come\u00e7ou a receber choques el\u00e9tricos nas pernas e regi\u00e3o lombar. Ap\u00f3s as agress\u00f5es, o pai ainda amea\u00e7ou o filho, caso algu\u00e9m soubesse do crime.<\/p>\n<p>Depois do relato da v\u00edtima, o homem foi preso e continuou negando o crime. Ele foi encaminhado \u00e0 Delegacia de Plant\u00e3o de Governador Valadares, onde foi ouvido. De acordo com a assessoria de imprensa da Pol\u00edcia Civil, durante depoimento, o suspeito disse que s\u00f3 pegou o filho porque ficou sabendo que a crian\u00e7a era maltratada pela m\u00e3e.<\/p>\n<p>Por meio da corpora\u00e7\u00e3o, a delegada respons\u00e1vel pelo caso, Verenna Laurenn Vidal de Assis, informou que o agressor foi preso pelo crime de tortura e levado para o pres\u00eddio de Conselheiro Pena, onde segue \u00e0 disposi\u00e7\u00e3o da Justi\u00e7a.<\/p>\n<h4>Persegui\u00e7\u00e3o<\/h4>\n<p>Muito abalada, a m\u00e3e da v\u00edtima contou \u00e0 reportagem que o homem nunca quis saber do menino. \u201cEsse monstro n\u00e3o registrou o filho, nunca pagou pens\u00e3o aliment\u00edcia, mas, agora, fica perseguindo o menino. Ele j\u00e1 chegou a falar que ia dar fim ao garoto\u201d, disse a mulher de 31 anos.<\/p>\n<p>Na vers\u00e3o dela, o casal teve um relacionamento r\u00e1pido e n\u00e3o chegou a morar junto. Nos \u00faltimos dias, o agressor teria ido \u00e0 escola da crian\u00e7a fazer perguntas para professoras. Al\u00e9m disso, o bandido teria procurado o Conselho Tutelar da cidade para dizer que o filho era maltratado.<\/p>\n<p>J\u00e1 em casa, o menor, que recebeu atendimento m\u00e9dico e foi liberado, est\u00e1 traumatizado com o que aconteceu. \u201cMeu filho n\u00e3o para de chorar. N\u00e3o quero mudar de cidade. Ele (o suspeito) tem que pagar pelo que fez. Se ele fez isso com o filho, imagina o que \u00e9 capaz de fazer com outras pessoas? N\u00e3o quero v\u00ea-lo nunca mais na minha vida\u201d, finalizou a m\u00e3e. <\/p>\n<p><strong>(O Tempo)<\/strong><\/p>\n","protected":false},"excerpt":{"rendered":"<p>Menino n\u00e3o chegou em casa da escola e a m\u00e3e ligou para a pol\u00edcia. Suspeito teria amorda\u00e7ado a crian\u00e7a, dado choques e feito amea\u00e7as. \u201cEle quase matou o meu filho. Esse homem \u00e9 um psicopata\u201d. O desabafo emocionado \u00e9 de uma mulher que teve o filho de apenas 9 anos sequestrado e torturado, na \u00faltima [&hellip;]<\/p>\n","protected":false},"author":1,"featured_media":28427,"comment_status":"open","ping_status":"closed","sticky":false,"template":"","format":"standard","meta":{"amp_status":"","footnotes":""},"categories":[121],"tags":[282,16355],"class_list":["post-40233","post","type-post","status-publish","format-standard","has-post-thumbnail","hentry","category-leste","tag-conselheiro-pena","tag-pai-e-suspeito-de-sequestrar-torturar-e-ameacar-o-filho-de-9-anos-em-conselheiro-pena"],"_links":{"self":[{"href":"https:\/\/aconteceunovale.com.br\/portal\/index.php?rest_route=\/wp\/v2\/posts\/40233","targetHints":{"allow":["GET"]}}],"collection":[{"href":"https:\/\/aconteceunovale.com.br\/portal\/index.php?rest_route=\/wp\/v2\/posts"}],"about":[{"href":"https:\/\/aconteceunovale.com.br\/portal\/index.php?rest_route=\/wp\/v2\/types\/post"}],"author":[{"embeddable":true,"href":"https:\/\/aconteceunovale.com.br\/portal\/index.php?rest_route=\/wp\/v2\/users\/1"}],"replies":[{"embeddable":true,"href":"https:\/\/aconteceunovale.com.br\/portal\/index.php?rest_route=%2Fwp%2Fv2%2Fcomments&post=40233"}],"version-history":[{"count":0,"href":"https:\/\/aconteceunovale.com.br\/portal\/index.php?rest_route=\/wp\/v2\/posts\/40233\/revisions"}],"wp:featuredmedia":[{"embeddable":true,"href":"https:\/\/aconteceunovale.com.br\/portal\/index.php?rest_route=\/wp\/v2\/media\/28427"}],"wp:attachment":[{"href":"https:\/\/aconteceunovale.com.br\/portal\/index.php?rest_route=%2Fwp%2Fv2%2Fmedia&parent=40233"}],"wp:term":[{"taxonomy":"category","embeddable":true,"href":"https:\/\/aconteceunovale.com.br\/portal\/index.php?rest_route=%2Fwp%2Fv2%2Fcategories&post=40233"},{"taxonomy":"post_tag","embeddable":true,"href":"https:\/\/aconteceunovale.com.br\/portal\/index.php?rest_route=%2Fwp%2Fv2%2Ftags&post=40233"}],"curies":[{"name":"wp","href":"https:\/\/api.w.org\/{rel}","templated":true}]}}