{"id":40002,"date":"2014-09-16T08:15:30","date_gmt":"2014-09-16T11:15:30","guid":{"rendered":"http:\/\/aconteceunovale.com.br\/portal\/?p=40002"},"modified":"2014-09-16T08:15:30","modified_gmt":"2014-09-16T11:15:30","slug":"plantao-samu-macro-norte-15-de-setembro-montes-clarosmg","status":"publish","type":"post","link":"https:\/\/aconteceunovale.com.br\/portal\/?p=40002","title":{"rendered":"Plant\u00e3o SAMU Macro Norte \u2013 15 de setembro \u2013 Montes Claros\/MG"},"content":{"rendered":"<h4><strong><em>Segunda-feira, 15 de setembro de 2014<\/em><\/strong><\/h4>\n<p>A unidade do SAMU de Montes Claros realizou nesta segunda-feira, 15\/09, 35 atendimentos, sendo 29 casos cl\u00ednicos e 06 atendimentos por acidente de tr\u00e2nsito.<\/p>\n<p>\u00c0s 20 horas, a unidade do SAMU foi acionada para atendimento a um rapaz de 18 anos, na Avenida Nossa Senhora de F\u00e1tima, bairro Nossa Senhora de F\u00e1tima. Ele transitava de moto e ficou ferido no joelho direito ap\u00f3s colidir contra um carro.<\/p>\n<p>\u00c0s 17h27, um homem de 82 anos foi atropelado por moto na Avenida Geraldo Athayde, bairro Alto S\u00e3o Jo\u00e3o. Ele estava confuso, sentado ao solo, apresentando corte contuso no bra\u00e7o e na perna esquerdos, sem suspeita de fratura.<\/p>\n<p>\u00c0s 16h, um homem de 50 anos caiu de um trator no km 35 da estrada da produ\u00e7\u00e3o, e fraturou a clav\u00edcula, se queixando de dor na regi\u00e3o cervical, ombro esquerdo e regi\u00e3o do t\u00f3rax.<\/p>\n<p>\u00c0s 13h, um homem de 41 anos que transitava de moto na Avenida Joao XXIII, no Distrito Industrial, ficou ferido ap\u00f3s colidir contra um carro. Ele foi projetado sobre o carro e sofreu fratura exposta da perna esquerda e da m\u00e3o.<\/p>\n<p>\u00c0s 12h15, um homem de 22 anos que transitava de bicicleta na Rua S\u00e3o Sebasti\u00e3o, Vila Guilhermina, colidiu contra um carro e sofreu escoria\u00e7\u00f5es leves.<\/p>\n<p>\u00c0s 9h45, um homem de 47 anos que transitava de moto na Rua David Lucas Mendes, bairro Morada do Sol, ficou ferido ap\u00f3s colidir contra um carro. Ele foi encontrado pelos socorristas em dec\u00fabito dorsal, consciente e orientado, apresentando luxa\u00e7\u00e3o ou poss\u00edvel fratura fechada do ombro direito e dor \u00e0 apalpa\u00e7\u00e3o da perna direita.<\/p>\n<p>Em todas as ocorr\u00eancias os feridos receberam os primeiros atendimentos no local e foram encaminhados ao hospital para avalia\u00e7\u00e3o.<\/p>\n","protected":false},"excerpt":{"rendered":"<p>Segunda-feira, 15 de setembro de 2014 A unidade do SAMU de Montes Claros realizou nesta segunda-feira, 15\/09, 35 atendimentos, sendo 29 casos cl\u00ednicos e 06 atendimentos por acidente de tr\u00e2nsito. \u00c0s 20 horas, a unidade do SAMU foi acionada para atendimento a um rapaz de 18 anos, na Avenida Nossa Senhora de F\u00e1tima, bairro Nossa [&hellip;]<\/p>\n","protected":false},"author":1,"featured_media":37592,"comment_status":"open","ping_status":"closed","sticky":false,"template":"","format":"standard","meta":{"amp_status":"","footnotes":""},"categories":[1236],"tags":[13996,210,15754,13995,16156],"class_list":["post-40002","post","type-post","status-publish","format-standard","has-post-thumbnail","hentry","category-norte_de_minas","tag-atendimentos-do-samu-em-montes-claros","tag-montes-claros","tag-ocorrencias-do-samu-em-montes-claros","tag-plantao-samu-macro-norte","tag-plantao-samu-macro-norte-15-de-setembro-montes-clarosmg"],"_links":{"self":[{"href":"https:\/\/aconteceunovale.com.br\/portal\/index.php?rest_route=\/wp\/v2\/posts\/40002","targetHints":{"allow":["GET"]}}],"collection":[{"href":"https:\/\/aconteceunovale.com.br\/portal\/index.php?rest_route=\/wp\/v2\/posts"}],"about":[{"href":"https:\/\/aconteceunovale.com.br\/portal\/index.php?rest_route=\/wp\/v2\/types\/post"}],"author":[{"embeddable":true,"href":"https:\/\/aconteceunovale.com.br\/portal\/index.php?rest_route=\/wp\/v2\/users\/1"}],"replies":[{"embeddable":true,"href":"https:\/\/aconteceunovale.com.br\/portal\/index.php?rest_route=%2Fwp%2Fv2%2Fcomments&post=40002"}],"version-history":[{"count":0,"href":"https:\/\/aconteceunovale.com.br\/portal\/index.php?rest_route=\/wp\/v2\/posts\/40002\/revisions"}],"wp:featuredmedia":[{"embeddable":true,"href":"https:\/\/aconteceunovale.com.br\/portal\/index.php?rest_route=\/wp\/v2\/media\/37592"}],"wp:attachment":[{"href":"https:\/\/aconteceunovale.com.br\/portal\/index.php?rest_route=%2Fwp%2Fv2%2Fmedia&parent=40002"}],"wp:term":[{"taxonomy":"category","embeddable":true,"href":"https:\/\/aconteceunovale.com.br\/portal\/index.php?rest_route=%2Fwp%2Fv2%2Fcategories&post=40002"},{"taxonomy":"post_tag","embeddable":true,"href":"https:\/\/aconteceunovale.com.br\/portal\/index.php?rest_route=%2Fwp%2Fv2%2Ftags&post=40002"}],"curies":[{"name":"wp","href":"https:\/\/api.w.org\/{rel}","templated":true}]}}