{"id":40000,"date":"2014-09-15T23:09:34","date_gmt":"2014-09-16T02:09:34","guid":{"rendered":"http:\/\/aconteceunovale.com.br\/portal\/?p=40000"},"modified":"2014-09-16T08:39:15","modified_gmt":"2014-09-16T11:39:15","slug":"onibus-capota-e-deixa-varios-feridos-na-regiao-central-de-minas-gerais","status":"publish","type":"post","link":"https:\/\/aconteceunovale.com.br\/portal\/?p=40000","title":{"rendered":"\u00d4nibus capota e deixa v\u00e1rios feridos na regi\u00e3o Central de Minas Gerais"},"content":{"rendered":"<h4><strong><em>Testemunhas informaram que o ve\u00edculo capotou e parou com as rodas para o ar. O vice-prefeito de Entre Rios de Minas informou que o ve\u00edculo estava superlotado.<\/em><\/strong><\/h4>\n<p>Um acidente envolvendo um \u00f4nibus deixou ao menos 23 pessoas feridas na tarde desta segunda-feira, 15 de setembro, na altura do quil\u00f4metro 32 da MG-270, em Desterro de Entre Rios, na Regi\u00e3o Central de Minas Gerais.  Testemunhas informaram que o ve\u00edculo capotou e parou com as rodas para o ar.<\/p>\n<p>De acordo com o vice-prefeito de Entre Rios de Minas, Cristiano Carlos Cardoso, o ve\u00edculo seguia pela rodovia quando um dos pneus furou. \u201cO ve\u00edculo saiu da estrada e caiu em um declive \u00e0 beira da pista. Em seguida, capotou e parou com as rodas para cima\u201d, afirmou Cardoso. As v\u00edtimas foram socorridas por ambul\u00e2ncias do Servi\u00e7o de Atendimento M\u00f3vel de Urg\u00eancia (Samu) e encaminhados para hospitais da regi\u00e3o. <\/p>\n<p><img decoding=\"async\" src=\"http:\/\/aconteceunovale.com.br\/portal\/wp-content\/uploads\/2014\/09\/acidente_bus_desterro_de_entre_rios_1.jpg\" alt=\"\" \/><em>Um dos pneus do \u00f4nibus furou e provocou o acidente \u2013 Foto: Joyce Marzano\/EM<\/em><br \/>\n<\/br><\/p>\n<p>A Assessoria de Comunica\u00e7\u00e3o do Samu informou que uma menina de 11 anos foi encaminhada para o Hospital Maternidade S\u00e3o Jos\u00e9, em Conselheiro Lafaiete, com suspeita de fratura na perna direita. Uma mulher de 42 anos tamb\u00e9m foi encaminhada para o mesmo hospital, com suspeita de fratura na perna direita e deslocamento do ombro esquerdo. <\/p>\n<p>Outras duas pessoas est\u00e3o no Hospital Cassiano Campolina, em Entre Rios de Minas, e seriam transferidas em uma UTI m\u00f3vel do Samu para Conselheiro Lafaiete. Uma delas est\u00e1 com suspeita de traumatismo craniano e a outra quebrou uma costela e perfurou o pulm\u00e3o.<\/p>\n<p>Antes do acidente, o \u00f4nibus passou em v\u00e1rias comunidades para pegar passageiros. Todos seguiam para Desterro de Entre Rios para a festa da padroeira da cidade. \u201cO ve\u00edculo estava superlotado e tinha v\u00e1rios idosos e crian\u00e7as\u201d, explicou o vice-prefeito. O \u00f4nibus teria sido contratado pela prefeitura do munic\u00edpio. <\/p>\n<p>A PMRv compareceu ao local para apurar as informa\u00e7\u00f5es sobre o acidente. O caso dever\u00e1 ser investigado pela Pol\u00edcia Civil.<\/p>\n<p><strong><em>(Estado de Minas)<\/em><\/strong><\/p>\n","protected":false},"excerpt":{"rendered":"<p>Testemunhas informaram que o ve\u00edculo capotou e parou com as rodas para o ar. O vice-prefeito de Entre Rios de Minas informou que o ve\u00edculo estava superlotado. Um acidente envolvendo um \u00f4nibus deixou ao menos 23 pessoas feridas na tarde desta segunda-feira, 15 de setembro, na altura do quil\u00f4metro 32 da MG-270, em Desterro de [&hellip;]<\/p>\n","protected":false},"author":1,"featured_media":40008,"comment_status":"open","ping_status":"closed","sticky":false,"template":"","format":"standard","meta":{"amp_status":"","footnotes":""},"categories":[123],"tags":[16153,16152,1528,1018,1749,16154,16155],"class_list":["post-40000","post","type-post","status-publish","format-standard","has-post-thumbnail","hentry","category-gerais","tag-acidente-com-onibus-de-entre-rios-de-minas","tag-acidente-com-onibus-em-desterro-de-entre-rios","tag-conselheiro-lafaiete","tag-destaque","tag-desterro-de-entre-rios","tag-entre-rios-de-minas","tag-onibus-capota-e-deixa-varios-feridos-na-regiao-central-de-minas-gerais"],"_links":{"self":[{"href":"https:\/\/aconteceunovale.com.br\/portal\/index.php?rest_route=\/wp\/v2\/posts\/40000","targetHints":{"allow":["GET"]}}],"collection":[{"href":"https:\/\/aconteceunovale.com.br\/portal\/index.php?rest_route=\/wp\/v2\/posts"}],"about":[{"href":"https:\/\/aconteceunovale.com.br\/portal\/index.php?rest_route=\/wp\/v2\/types\/post"}],"author":[{"embeddable":true,"href":"https:\/\/aconteceunovale.com.br\/portal\/index.php?rest_route=\/wp\/v2\/users\/1"}],"replies":[{"embeddable":true,"href":"https:\/\/aconteceunovale.com.br\/portal\/index.php?rest_route=%2Fwp%2Fv2%2Fcomments&post=40000"}],"version-history":[{"count":0,"href":"https:\/\/aconteceunovale.com.br\/portal\/index.php?rest_route=\/wp\/v2\/posts\/40000\/revisions"}],"wp:featuredmedia":[{"embeddable":true,"href":"https:\/\/aconteceunovale.com.br\/portal\/index.php?rest_route=\/wp\/v2\/media\/40008"}],"wp:attachment":[{"href":"https:\/\/aconteceunovale.com.br\/portal\/index.php?rest_route=%2Fwp%2Fv2%2Fmedia&parent=40000"}],"wp:term":[{"taxonomy":"category","embeddable":true,"href":"https:\/\/aconteceunovale.com.br\/portal\/index.php?rest_route=%2Fwp%2Fv2%2Fcategories&post=40000"},{"taxonomy":"post_tag","embeddable":true,"href":"https:\/\/aconteceunovale.com.br\/portal\/index.php?rest_route=%2Fwp%2Fv2%2Ftags&post=40000"}],"curies":[{"name":"wp","href":"https:\/\/api.w.org\/{rel}","templated":true}]}}