{"id":39992,"date":"2014-09-15T21:22:52","date_gmt":"2014-09-16T00:22:52","guid":{"rendered":"http:\/\/aconteceunovale.com.br\/portal\/?p=39992"},"modified":"2026-09-02T13:54:18","modified_gmt":"2026-09-02T16:54:18","slug":"turmalina-ganha-mais-duas-operadoras-de-telefonia-movel","status":"publish","type":"post","link":"https:\/\/aconteceunovale.com.br\/portal\/?p=39992","title":{"rendered":"Turmalina ganha mais duas operadoras de telefonia m\u00f3vel"},"content":{"rendered":"<h4><strong><em>Antenas da Oi e Vivo foram instaladas recentemente. A Tim tamb\u00e9m instalou uma nova antena e dever\u00e1 expandir o sinal.<\/em><\/strong><\/h4>\n<p>O munic\u00edpio de Turmalina, no Vale do Jequitinhonha, em breve receber\u00e1 o sinal de mais duas operadoras de telefonia m\u00f3vel. <\/p>\n<p>Recentemente a OI e a VIVO instalaram antenas de transmiss\u00e3o na cidade e dever\u00e3o entrar em opera\u00e7\u00e3o nos pr\u00f3ximos dias. A popula\u00e7\u00e3o da cidade comemora a chegada das empresas, j\u00e1 que at\u00e9 ent\u00e3o, o servi\u00e7o de telefonia m\u00f3vel \u00e9 prestado por apenas duas operadoras, alvo constante de reclama\u00e7\u00f5es devido \u00e0s instabilidades.<\/p>\n<p>Outra boa not\u00edcia \u00e9 que a TIM tamb\u00e9m dever\u00e1 expandir o servi\u00e7o prestado a popula\u00e7\u00e3o turmalinense. A empresa instalou uma nova antena que dever\u00e1 melhorar a qualidade dos servi\u00e7os de voz e dados.<\/p>\n<p><img decoding=\"async\" src=\"http:\/\/aconteceunovale.com.br\/portal\/wp-content\/uploads\/2014\/09\/antenas_cel_turmalina.jpg\" alt=\"\" \/><em>(Oi e Vivo instalaram antenas na cidade &#8211; Foto: Enviada pelo internauta Ivan de Macedo)<\/em><\/p>\n","protected":false},"excerpt":{"rendered":"<p>Antenas da Oi e Vivo foram instaladas recentemente. A Tim tamb\u00e9m instalou uma nova antena e dever\u00e1 expandir o sinal. O munic\u00edpio de Turmalina, no Vale do Jequitinhonha, em breve receber\u00e1 o sinal de mais duas operadoras de telefonia m\u00f3vel. Recentemente a OI e a VIVO instalaram antenas de transmiss\u00e3o na cidade e dever\u00e3o entrar [&hellip;]<\/p>\n","protected":false},"author":1,"featured_media":39993,"comment_status":"open","ping_status":"closed","sticky":false,"template":"","format":"standard","meta":{"amp_status":"","footnotes":""},"categories":[272576,120],"tags":[1018,16148,16151,16146,16147,178,16145,16149,16150],"class_list":["post-39992","post","type-post","status-publish","format-standard","has-post-thumbnail","hentry","category-turmalina","category-jequi","tag-destaque","tag-oi-em-turmalina","tag-oi-instala-antena-em-turmalina","tag-operadora-oi-em-turmalina","tag-operadora-vivo-em-turmalina","tag-turmalina","tag-turmalina-ganha-mais-duas-operadoras-de-telefonia-movel","tag-vivo-em-turmalina","tag-vivo-instala-antena-em-turmalina"],"yoast_head":"<!-- This site is optimized with the Yoast SEO plugin v28.3 - https:\/\/yoast.com\/product\/yoast-seo-wordpress\/ -->\n<title>Turmalina ganha mais duas operadoras de telefonia m\u00f3vel - Aconteceu no Vale<\/title>\n<meta name=\"robots\" content=\"index, follow, max-snippet:-1, max-image-preview:large, max-video-preview:-1\" \/>\n<link rel=\"canonical\" href=\"https:\/\/aconteceunovale.com.br\/portal\/?p=39992\" \/>\n<meta property=\"og:locale\" content=\"pt_BR\" \/>\n<meta property=\"og:type\" content=\"article\" \/>\n<meta property=\"og:title\" content=\"Turmalina ganha mais duas operadoras de telefonia m\u00f3vel - Aconteceu no Vale\" \/>\n<meta property=\"og:description\" content=\"Antenas da Oi e Vivo foram instaladas recentemente. A Tim tamb\u00e9m instalou uma nova antena e dever\u00e1 expandir o sinal. O munic\u00edpio de Turmalina, no Vale do Jequitinhonha, em breve receber\u00e1 o sinal de mais duas operadoras de telefonia m\u00f3vel. Recentemente a OI e a VIVO instalaram antenas de transmiss\u00e3o na cidade e dever\u00e3o entrar [&hellip;]\" \/>\n<meta property=\"og:url\" content=\"https:\/\/aconteceunovale.com.br\/portal\/?p=39992\" \/>\n<meta property=\"og:site_name\" content=\"Aconteceu no Vale\" \/>\n<meta property=\"article:publisher\" content=\"https:\/\/www.facebook.com\/aconteceunovale\/\" \/>\n<meta property=\"article:published_time\" content=\"2014-09-16T00:22:52+00:00\" \/>\n<meta property=\"article:modified_time\" content=\"2026-09-02T16:54:18+00:00\" \/>\n<meta property=\"og:image\" content=\"https:\/\/aconteceunovale.com.br\/portal\/wp-content\/uploads\/2014\/09\/antenas_cel_turmalina.jpg\" \/>\n\t<meta property=\"og:image:width\" content=\"676\" \/>\n\t<meta property=\"og:image:height\" content=\"450\" \/>\n\t<meta property=\"og:image:type\" content=\"image\/jpeg\" \/>\n<meta name=\"author\" content=\"Aconteceu no Vale\" \/>\n<meta name=\"twitter:card\" content=\"summary_large_image\" \/>\n<meta name=\"twitter:creator\" content=\"@noticiadosvales\" \/>\n<meta name=\"twitter:site\" content=\"@noticiadosvales\" \/>\n<meta name=\"twitter:label1\" content=\"Escrito por\" \/>\n\t<meta name=\"twitter:data1\" content=\"Aconteceu no Vale\" \/>\n\t<meta name=\"twitter:label2\" content=\"Est. tempo de leitura\" \/>\n\t<meta name=\"twitter:data2\" content=\"1 minuto\" \/>\n<script type=\"application\/ld+json\" class=\"yoast-schema-graph\">{\"@context\":\"https:\\\/\\\/schema.org\",\"@graph\":[{\"@type\":\"Article\",\"@id\":\"https:\\\/\\\/aconteceunovale.com.br\\\/portal\\\/?p=39992#article\",\"isPartOf\":{\"@id\":\"https:\\\/\\\/aconteceunovale.com.br\\\/portal\\\/?p=39992\"},\"author\":{\"name\":\"Aconteceu no Vale\",\"@id\":\"https:\\\/\\\/aconteceunovale.com.br\\\/portal\\\/#\\\/schema\\\/person\\\/633529146f2c94272bef50ac2953d589\"},\"headline\":\"Turmalina ganha mais duas operadoras de telefonia m\u00f3vel\",\"datePublished\":\"2014-09-16T00:22:52+00:00\",\"dateModified\":\"2026-09-02T16:54:18+00:00\",\"mainEntityOfPage\":{\"@id\":\"https:\\\/\\\/aconteceunovale.com.br\\\/portal\\\/?p=39992\"},\"wordCount\":163,\"commentCount\":1,\"image\":{\"@id\":\"https:\\\/\\\/aconteceunovale.com.br\\\/portal\\\/?p=39992#primaryimage\"},\"thumbnailUrl\":\"https:\\\/\\\/aconteceunovale.com.br\\\/portal\\\/wp-content\\\/uploads\\\/2014\\\/09\\\/antenas_cel_turmalina.jpg\",\"keywords\":[\"destaque\",\"oi em turmalina\",\"oi instala antena em turmalina\",\"operadora oi em turmalina\",\"operadora vivo em turmalina\",\"Turmalina\",\"Turmalina ganha mais duas operadoras de telefonia m\u00f3vel\",\"vivo em turmalina\",\"vivo instala antena em turmalina\"],\"articleSection\":[\"Turmalina\",\"Vale do Jequitinhonha\"],\"inLanguage\":\"pt-BR\",\"potentialAction\":[{\"@type\":\"CommentAction\",\"name\":\"Comment\",\"target\":[\"https:\\\/\\\/aconteceunovale.com.br\\\/portal\\\/?p=39992#respond\"]}]},{\"@type\":\"WebPage\",\"@id\":\"https:\\\/\\\/aconteceunovale.com.br\\\/portal\\\/?p=39992\",\"url\":\"https:\\\/\\\/aconteceunovale.com.br\\\/portal\\\/?p=39992\",\"name\":\"Turmalina ganha mais duas operadoras de telefonia m\u00f3vel - Aconteceu no Vale\",\"isPartOf\":{\"@id\":\"https:\\\/\\\/aconteceunovale.com.br\\\/portal\\\/#website\"},\"primaryImageOfPage\":{\"@id\":\"https:\\\/\\\/aconteceunovale.com.br\\\/portal\\\/?p=39992#primaryimage\"},\"image\":{\"@id\":\"https:\\\/\\\/aconteceunovale.com.br\\\/portal\\\/?p=39992#primaryimage\"},\"thumbnailUrl\":\"https:\\\/\\\/aconteceunovale.com.br\\\/portal\\\/wp-content\\\/uploads\\\/2014\\\/09\\\/antenas_cel_turmalina.jpg\",\"datePublished\":\"2014-09-16T00:22:52+00:00\",\"dateModified\":\"2026-09-02T16:54:18+00:00\",\"author\":{\"@id\":\"https:\\\/\\\/aconteceunovale.com.br\\\/portal\\\/#\\\/schema\\\/person\\\/633529146f2c94272bef50ac2953d589\"},\"breadcrumb\":{\"@id\":\"https:\\\/\\\/aconteceunovale.com.br\\\/portal\\\/?p=39992#breadcrumb\"},\"inLanguage\":\"pt-BR\",\"potentialAction\":[{\"@type\":\"ReadAction\",\"target\":[\"https:\\\/\\\/aconteceunovale.com.br\\\/portal\\\/?p=39992\"]}]},{\"@type\":\"ImageObject\",\"inLanguage\":\"pt-BR\",\"@id\":\"https:\\\/\\\/aconteceunovale.com.br\\\/portal\\\/?p=39992#primaryimage\",\"url\":\"https:\\\/\\\/aconteceunovale.com.br\\\/portal\\\/wp-content\\\/uploads\\\/2014\\\/09\\\/antenas_cel_turmalina.jpg\",\"contentUrl\":\"https:\\\/\\\/aconteceunovale.com.br\\\/portal\\\/wp-content\\\/uploads\\\/2014\\\/09\\\/antenas_cel_turmalina.jpg\",\"width\":676,\"height\":450},{\"@type\":\"BreadcrumbList\",\"@id\":\"https:\\\/\\\/aconteceunovale.com.br\\\/portal\\\/?p=39992#breadcrumb\",\"itemListElement\":[{\"@type\":\"ListItem\",\"position\":1,\"name\":\"In\u00edcio\",\"item\":\"https:\\\/\\\/aconteceunovale.com.br\\\/portal\\\/\"},{\"@type\":\"ListItem\",\"position\":2,\"name\":\"Turmalina ganha mais duas operadoras de telefonia m\u00f3vel\"}]},{\"@type\":\"WebSite\",\"@id\":\"https:\\\/\\\/aconteceunovale.com.br\\\/portal\\\/#website\",\"url\":\"https:\\\/\\\/aconteceunovale.com.br\\\/portal\\\/\",\"name\":\"Aconteceu no Vale\",\"description\":\"Portal de Not\u00edcias\",\"potentialAction\":[{\"@type\":\"SearchAction\",\"target\":{\"@type\":\"EntryPoint\",\"urlTemplate\":\"https:\\\/\\\/aconteceunovale.com.br\\\/portal\\\/?s={search_term_string}\"},\"query-input\":{\"@type\":\"PropertyValueSpecification\",\"valueRequired\":true,\"valueName\":\"search_term_string\"}}],\"inLanguage\":\"pt-BR\"},{\"@type\":\"Person\",\"@id\":\"https:\\\/\\\/aconteceunovale.com.br\\\/portal\\\/#\\\/schema\\\/person\\\/633529146f2c94272bef50ac2953d589\",\"name\":\"Aconteceu no Vale\",\"description\":\"Equipe de reportagem do Aconteceu no Vale, portal de not\u00edcias do Vale do Jequitinhonha, em Minas Gerais. Cobrimos as 51 cidades do Vale desde 2013. Sugest\u00f5es de pauta e pedidos de corre\u00e7\u00e3o: contato@aconteceunovale.com.br\",\"sameAs\":[\"http:\\\/\\\/www.aconteceunovale.com.br\"],\"url\":\"https:\\\/\\\/aconteceunovale.com.br\\\/portal\\\/?author=1\"}]}<\/script>\n<!-- \/ Yoast SEO plugin. -->","yoast_head_json":{"title":"Turmalina ganha mais duas operadoras de telefonia m\u00f3vel - Aconteceu no Vale","robots":{"index":"index","follow":"follow","max-snippet":"max-snippet:-1","max-image-preview":"max-image-preview:large","max-video-preview":"max-video-preview:-1"},"canonical":"https:\/\/aconteceunovale.com.br\/portal\/?p=39992","og_locale":"pt_BR","og_type":"article","og_title":"Turmalina ganha mais duas operadoras de telefonia m\u00f3vel - Aconteceu no Vale","og_description":"Antenas da Oi e Vivo foram instaladas recentemente. A Tim tamb\u00e9m instalou uma nova antena e dever\u00e1 expandir o sinal. O munic\u00edpio de Turmalina, no Vale do Jequitinhonha, em breve receber\u00e1 o sinal de mais duas operadoras de telefonia m\u00f3vel. Recentemente a OI e a VIVO instalaram antenas de transmiss\u00e3o na cidade e dever\u00e3o entrar [&hellip;]","og_url":"https:\/\/aconteceunovale.com.br\/portal\/?p=39992","og_site_name":"Aconteceu no Vale","article_publisher":"https:\/\/www.facebook.com\/aconteceunovale\/","article_published_time":"2014-09-16T00:22:52+00:00","article_modified_time":"2026-09-02T16:54:18+00:00","og_image":[{"width":676,"height":450,"url":"https:\/\/aconteceunovale.com.br\/portal\/wp-content\/uploads\/2014\/09\/antenas_cel_turmalina.jpg","type":"image\/jpeg"}],"author":"Aconteceu no Vale","twitter_card":"summary_large_image","twitter_creator":"@noticiadosvales","twitter_site":"@noticiadosvales","twitter_misc":{"Escrito por":"Aconteceu no Vale","Est. tempo de leitura":"1 minuto"},"schema":{"@context":"https:\/\/schema.org","@graph":[{"@type":"Article","@id":"https:\/\/aconteceunovale.com.br\/portal\/?p=39992#article","isPartOf":{"@id":"https:\/\/aconteceunovale.com.br\/portal\/?p=39992"},"author":{"name":"Aconteceu no Vale","@id":"https:\/\/aconteceunovale.com.br\/portal\/#\/schema\/person\/633529146f2c94272bef50ac2953d589"},"headline":"Turmalina ganha mais duas operadoras de telefonia m\u00f3vel","datePublished":"2014-09-16T00:22:52+00:00","dateModified":"2026-09-02T16:54:18+00:00","mainEntityOfPage":{"@id":"https:\/\/aconteceunovale.com.br\/portal\/?p=39992"},"wordCount":163,"commentCount":1,"image":{"@id":"https:\/\/aconteceunovale.com.br\/portal\/?p=39992#primaryimage"},"thumbnailUrl":"https:\/\/aconteceunovale.com.br\/portal\/wp-content\/uploads\/2014\/09\/antenas_cel_turmalina.jpg","keywords":["destaque","oi em turmalina","oi instala antena em turmalina","operadora oi em turmalina","operadora vivo em turmalina","Turmalina","Turmalina ganha mais duas operadoras de telefonia m\u00f3vel","vivo em turmalina","vivo instala antena em turmalina"],"articleSection":["Turmalina","Vale do Jequitinhonha"],"inLanguage":"pt-BR","potentialAction":[{"@type":"CommentAction","name":"Comment","target":["https:\/\/aconteceunovale.com.br\/portal\/?p=39992#respond"]}]},{"@type":"WebPage","@id":"https:\/\/aconteceunovale.com.br\/portal\/?p=39992","url":"https:\/\/aconteceunovale.com.br\/portal\/?p=39992","name":"Turmalina ganha mais duas operadoras de telefonia m\u00f3vel - Aconteceu no Vale","isPartOf":{"@id":"https:\/\/aconteceunovale.com.br\/portal\/#website"},"primaryImageOfPage":{"@id":"https:\/\/aconteceunovale.com.br\/portal\/?p=39992#primaryimage"},"image":{"@id":"https:\/\/aconteceunovale.com.br\/portal\/?p=39992#primaryimage"},"thumbnailUrl":"https:\/\/aconteceunovale.com.br\/portal\/wp-content\/uploads\/2014\/09\/antenas_cel_turmalina.jpg","datePublished":"2014-09-16T00:22:52+00:00","dateModified":"2026-09-02T16:54:18+00:00","author":{"@id":"https:\/\/aconteceunovale.com.br\/portal\/#\/schema\/person\/633529146f2c94272bef50ac2953d589"},"breadcrumb":{"@id":"https:\/\/aconteceunovale.com.br\/portal\/?p=39992#breadcrumb"},"inLanguage":"pt-BR","potentialAction":[{"@type":"ReadAction","target":["https:\/\/aconteceunovale.com.br\/portal\/?p=39992"]}]},{"@type":"ImageObject","inLanguage":"pt-BR","@id":"https:\/\/aconteceunovale.com.br\/portal\/?p=39992#primaryimage","url":"https:\/\/aconteceunovale.com.br\/portal\/wp-content\/uploads\/2014\/09\/antenas_cel_turmalina.jpg","contentUrl":"https:\/\/aconteceunovale.com.br\/portal\/wp-content\/uploads\/2014\/09\/antenas_cel_turmalina.jpg","width":676,"height":450},{"@type":"BreadcrumbList","@id":"https:\/\/aconteceunovale.com.br\/portal\/?p=39992#breadcrumb","itemListElement":[{"@type":"ListItem","position":1,"name":"In\u00edcio","item":"https:\/\/aconteceunovale.com.br\/portal\/"},{"@type":"ListItem","position":2,"name":"Turmalina ganha mais duas operadoras de telefonia m\u00f3vel"}]},{"@type":"WebSite","@id":"https:\/\/aconteceunovale.com.br\/portal\/#website","url":"https:\/\/aconteceunovale.com.br\/portal\/","name":"Aconteceu no Vale","description":"Portal de Not\u00edcias","potentialAction":[{"@type":"SearchAction","target":{"@type":"EntryPoint","urlTemplate":"https:\/\/aconteceunovale.com.br\/portal\/?s={search_term_string}"},"query-input":{"@type":"PropertyValueSpecification","valueRequired":true,"valueName":"search_term_string"}}],"inLanguage":"pt-BR"},{"@type":"Person","@id":"https:\/\/aconteceunovale.com.br\/portal\/#\/schema\/person\/633529146f2c94272bef50ac2953d589","name":"Aconteceu no Vale","description":"Equipe de reportagem do Aconteceu no Vale, portal de not\u00edcias do Vale do Jequitinhonha, em Minas Gerais. Cobrimos as 51 cidades do Vale desde 2013. Sugest\u00f5es de pauta e pedidos de corre\u00e7\u00e3o: contato@aconteceunovale.com.br","sameAs":["http:\/\/www.aconteceunovale.com.br"],"url":"https:\/\/aconteceunovale.com.br\/portal\/?author=1"}]}},"_links":{"self":[{"href":"https:\/\/aconteceunovale.com.br\/portal\/index.php?rest_route=\/wp\/v2\/posts\/39992","targetHints":{"allow":["GET"]}}],"collection":[{"href":"https:\/\/aconteceunovale.com.br\/portal\/index.php?rest_route=\/wp\/v2\/posts"}],"about":[{"href":"https:\/\/aconteceunovale.com.br\/portal\/index.php?rest_route=\/wp\/v2\/types\/post"}],"author":[{"embeddable":true,"href":"https:\/\/aconteceunovale.com.br\/portal\/index.php?rest_route=\/wp\/v2\/users\/1"}],"replies":[{"embeddable":true,"href":"https:\/\/aconteceunovale.com.br\/portal\/index.php?rest_route=%2Fwp%2Fv2%2Fcomments&post=39992"}],"version-history":[{"count":1,"href":"https:\/\/aconteceunovale.com.br\/portal\/index.php?rest_route=\/wp\/v2\/posts\/39992\/revisions"}],"predecessor-version":[{"id":201934,"href":"https:\/\/aconteceunovale.com.br\/portal\/index.php?rest_route=\/wp\/v2\/posts\/39992\/revisions\/201934"}],"wp:featuredmedia":[{"embeddable":true,"href":"https:\/\/aconteceunovale.com.br\/portal\/index.php?rest_route=\/wp\/v2\/media\/39993"}],"wp:attachment":[{"href":"https:\/\/aconteceunovale.com.br\/portal\/index.php?rest_route=%2Fwp%2Fv2%2Fmedia&parent=39992"}],"wp:term":[{"taxonomy":"category","embeddable":true,"href":"https:\/\/aconteceunovale.com.br\/portal\/index.php?rest_route=%2Fwp%2Fv2%2Fcategories&post=39992"},{"taxonomy":"post_tag","embeddable":true,"href":"https:\/\/aconteceunovale.com.br\/portal\/index.php?rest_route=%2Fwp%2Fv2%2Ftags&post=39992"}],"curies":[{"name":"wp","href":"https:\/\/api.w.org\/{rel}","templated":true}]}}